{"id":334831,"date":"2026-01-11T10:53:07","date_gmt":"2026-01-11T10:53:07","guid":{"rendered":"https:\/\/www.europesays.com\/es\/334831\/"},"modified":"2026-01-11T10:53:07","modified_gmt":"2026-01-11T10:53:07","slug":"las-criticas-a-mbappe-por-su-presencia-en-la-final-de-la-supercopa-de-espana-el-responsable-de-esta-situacion-es-su-egoismo-futbol","status":"publish","type":"post","link":"https:\/\/www.europesays.com\/es\/334831\/","title":{"rendered":"Las cr\u00edticas a Mbapp\u00e9 por su presencia en la final de la Supercopa de Espa\u00f1a: \u00abEl responsable de esta situaci\u00f3n es su ego\u00edsmo\u00bb | F\u00fatbol"},"content":{"rendered":"<p>Real Madrid y F\u00fatbol Club Barcelona se enfrentar\u00e1n en la final de la Supercopa de Espa\u00f1a, en el que ser\u00e1 el segundo Cl\u00e1sico de la temporada y el cuarto a\u00f1o consecutivo que se encuentran en la final de la Supercopa. Ambos equipos llegan en condiciones muy dispares, los cul\u00e9s con muchas certezas y los madridistas con muchas dudas. <\/p>\n<p>El Bar\u00e7a vapule\u00f3 al Athletic Club de Bilbao en la semifinal y el Real Madrid elimin\u00f3 al Atl\u00e9tico de Madrid siendo inferior a lo largo del partido. A excepci\u00f3n de la lesi\u00f3n de larga duraci\u00f3n de Gavi y Christensen, Flick tiene a todos disponibles. Por su parte, Xabi Alonso tiene bajas en defensa y Mbapp\u00e9 dinamit\u00f3 todos los pron\u00f3sticos de alineaciones del Real Madrid al viajar a Yeda para la final. Las claves y la importancia del partido, en el \u00faltimo tramo de Carrusel Deportivo. <\/p>\n<p>\u00bfSer\u00e1 titular Mbapp\u00e9?<\/p>\n<p>M\u00e1s informaci\u00f3n<\/p>\n<p>Hay pr\u00e1cticamente unanimidad entre los tertulianos del Sanedr\u00edn en torno a la titularidad o no de Mbapp\u00e9. \u00abHacer viajar a Mbapp\u00e9 a Arabia para no ser titular es extra\u00f1o\u00bb, se\u00f1ala Julio Pulido. \u00abSi est\u00e1 aqu\u00ed y ha completado el entrenamiento, lo normal es que juegue\u00bb, comenta Romero desde Yeda. \u00abYo creo que jugar\u00e1 Mbapp\u00e9, si no, \u00bfqu\u00e9 hace all\u00ed?\u00bb, pregunta Chazarri. \u00abMbapp\u00e9 est\u00e1 en Arabia porque ha decidido que va a jugar, porque da la sensaci\u00f3n que \u00e9l escoge cu\u00e1ndo s\u00ed y cu\u00e1ndo no\u00bb, a\u00f1ade Aritz Gabilondo. <\/p>\n<p>\u00abEl responsable de esta situaci\u00f3n es el ego\u00edsmo de Mbapp\u00e9. Decidi\u00f3 querer superar el r\u00e9cord de Cristiano y no hubo quien le parase. Estamos aqu\u00ed por eso\u00bb, critica la actitud del franc\u00e9s Pulido. \u00abLa gesti\u00f3n de la rodilla y la comunicaci\u00f3n de la lesi\u00f3n de Mbapp\u00e9 no cambia pase lo que pase ma\u00f1ana. Ha sido un aut\u00e9ntico desastre\u00bb, sigue la misma l\u00ednea Romero. \u00abEs muy extra\u00f1o que teniendo una semana se quedara en Madrid. En Arabia est\u00e1 todo el equipo y el staff. Lo m\u00e1s normal es viajar con el equipo y hacer tu trabajo independiente\u00bb, expone Marcos L\u00f3pez. <\/p>\n<p>\u00bfUna final m\u00e1s importante para el Real Madrid?<\/p>\n<p>El conjunto blanco llega con m\u00e1s necesidad a la final, pues el Bar\u00e7a tiene un proyecto m\u00e1s s\u00f3lido. \u00abUn Madrid fuerte y convencido, que no se jugara tanto ma\u00f1ana, no arriesgar\u00eda con Mbapp\u00e9. No deja de existir un riesgo, lo que habla de la emergencia que supone para el Madrid la final\u00bb, explica Llu\u00eds Flaquer. \u00abEl Madrid est\u00e1 m\u00e1s d\u00e9bil, va con su entrenador cuestionado. Si el Bar\u00e7a te gana, encuentras muy pocos motivos para seguir con \u00e9l\u00bb, vaticina Chazarri. <\/p>\n<p>M\u00e1s informaci\u00f3n<\/p>\n<p>\u00abAdquiere una relevancia mayor que la que tendr\u00eda, al ser un t\u00edtulo menor por culpa del filtrador del club, que lleva un mes y medio diciendo que Xabi en cada partido se juega su futuro\u00bb, Pulido atribuye la importancia a la situaci\u00f3n del tolosarra. \u00abEl Madrid es capaz de ganar t\u00edtulos cuando peor est\u00e1. Hay que ponerlo en valor antes de esta final\u00bb, advierte Marcos L\u00f3pez. <\/p>\n<p>Flick no aline\u00f3 titular a Lamine Yamal en la semifinal de la Supercopa, pero s\u00ed lo ser\u00e1, salvo imprevisto, en la final. Tiene la oportunidad de resarcirse del mal partido que hizo en el Cl\u00e1sico de Liga. \u00abLo \u00fanico que espera la gente del Bar\u00e7a es que sea lamine, algo que no fue en el Cl\u00e1sico del Bernab\u00e9u. Se le vio superado por todo lo que gener\u00f3 esas declaraciones desafortunadas previas\u00bb, recuerda Marcos. \u00abEn el partido de Liga no era Lamine Yamal, estaba f\u00edsicamente mal\u00bb, a\u00f1ade Chazarri. <\/p>\n","protected":false},"excerpt":{"rendered":"Real Madrid y F\u00fatbol Club Barcelona se enfrentar\u00e1n en la final de la Supercopa de Espa\u00f1a, en el&hellip;\n","protected":false},"author":2,"featured_media":334832,"comment_status":"","ping_status":"","sticky":false,"template":"","format":"standard","meta":{"footnotes":""},"categories":[268],"tags":[21399,76840,1798,168,25,24,60658,280,76841,53663,282,525,62,76842,20112,8040,1212,1215,20115,20116,17481,3048,281,23,5842,76002,167,1222,18524,16712],"class_list":{"0":"post-334831","1":"post","2":"type-post","3":"status-publish","4":"format-standard","5":"has-post-thumbnail","7":"category-futbol","8":"tag-action-shot","9":"tag-centre-forward","10":"tag-club","11":"tag-deportes","12":"tag-es","13":"tag-espana","14":"tag-final-match","15":"tag-football","16":"tag-forward","17":"tag-full-body","18":"tag-futbol","19":"tag-game","20":"tag-international","21":"tag-january-10","22":"tag-jose-breton","23":"tag-kylian-mbappe","24":"tag-match","25":"tag-nurphoto","26":"tag-pics-action","27":"tag-player","28":"tag-professional","29":"tag-real-madrid","30":"tag-soccer","31":"tag-spain","32":"tag-spanish","33":"tag-spanish-super-cup","34":"tag-sports","35":"tag-team","36":"tag-tournament","37":"tag-training"},"share_on_mastodon":{"url":"https:\/\/pubeurope.com\/@es\/115876095930590991","error":""},"_links":{"self":[{"href":"https:\/\/www.europesays.com\/es\/wp-json\/wp\/v2\/posts\/334831","targetHints":{"allow":["GET"]}}],"collection":[{"href":"https:\/\/www.europesays.com\/es\/wp-json\/wp\/v2\/posts"}],"about":[{"href":"https:\/\/www.europesays.com\/es\/wp-json\/wp\/v2\/types\/post"}],"author":[{"embeddable":true,"href":"https:\/\/www.europesays.com\/es\/wp-json\/wp\/v2\/users\/2"}],"replies":[{"embeddable":true,"href":"https:\/\/www.europesays.com\/es\/wp-json\/wp\/v2\/comments?post=334831"}],"version-history":[{"count":0,"href":"https:\/\/www.europesays.com\/es\/wp-json\/wp\/v2\/posts\/334831\/revisions"}],"wp:featuredmedia":[{"embeddable":true,"href":"https:\/\/www.europesays.com\/es\/wp-json\/wp\/v2\/media\/334832"}],"wp:attachment":[{"href":"https:\/\/www.europesays.com\/es\/wp-json\/wp\/v2\/media?parent=334831"}],"wp:term":[{"taxonomy":"category","embeddable":true,"href":"https:\/\/www.europesays.com\/es\/wp-json\/wp\/v2\/categories?post=334831"},{"taxonomy":"post_tag","embeddable":true,"href":"https:\/\/www.europesays.com\/es\/wp-json\/wp\/v2\/tags?post=334831"}],"curies":[{"name":"wp","href":"https:\/\/api.w.org\/{rel}","templated":true}]}}