{"id":334851,"date":"2026-01-11T11:05:11","date_gmt":"2026-01-11T11:05:11","guid":{"rendered":"https:\/\/www.europesays.com\/es\/334851\/"},"modified":"2026-01-11T11:05:11","modified_gmt":"2026-01-11T11:05:11","slug":"mientras-cae-la-nieve-o-el-invierno-de-la-democracia","status":"publish","type":"post","link":"https:\/\/www.europesays.com\/es\/334851\/","title":{"rendered":"Mientras cae la nieve o el invierno de la democracia"},"content":{"rendered":"<p class=\"\">En medio de la nieve, de la contemplaci\u00f3n de jardines nevados y, tambi\u00e9n, en medio de las noticias sobre <a href=\"https:\/\/elpais.com\/internacional\/2026-01-10\/el-ataque-de-estados-unidos-a-venezuela-pone-a-prueba-la-influencia-de-china-en-latinoamerica.html\" target=\"_self\" rel=\"nofollow noopener\" title=\"https:\/\/elpais.com\/internacional\/2026-01-10\/el-ataque-de-estados-unidos-a-venezuela-pone-a-prueba-la-influencia-de-china-en-latinoamerica.html\">la intervenci\u00f3n de Estados Unidos en Venezuela<\/a> ya hace una semana, me acuerdo de un poema de Rilke que me ha acompa\u00f1ado desde hace a\u00f1os.<\/p>\n<p class=\"\">\u201cTemo tanto la palabra de la gente,<\/p>\n<p class=\"\">lo dicen todo tan claro\u2026.<\/p>\n<p class=\"\">Esto se llama perro y aquello casa<\/p>\n<p class=\"\">y esto es el comienzo y aquello el final.<\/p>\n<p class=\"\">Mi asusta su sentido, su juego con la burla.<\/p>\n<p class=\"\">Saben lo que ha sido y lo que ser\u00e1,<\/p>\n<p class=\"\">ninguna monta\u00f1a para ellos es maravillosa,<\/p>\n<p class=\"\">su jard\u00edn y su casa limitan con Dios.<\/p>\n<p class=\"\">Siempre quiero advertir: alejaos.<\/p>\n<p class=\"\">Me gusta o\u00edr c\u00f3mo las cosas cantan.<\/p>\n<p class=\"\">Si las toc\u00e1is, enmudecen y se petrifican.<\/p>\n<p class=\"\">Vosotros me mat\u00e1is todas las cosas\u00bb.<\/p>\n<p class=\"\">El poema puede ser le\u00eddo como un ejercicio de silencio y de meditaci\u00f3n al final del cual acaso sea posible volver a mirar el mundo con reverencia y asombro. Tambi\u00e9n es un rechazo a lo que se podr\u00eda llamar las falsas claridades. Escribo esto y me alejo de <a href=\"https:\/\/elpais.com\/ccaa\/2019\/06\/08\/andalucia\/1560005029_918046.html\" target=\"_self\" rel=\"nofollow noopener\" title=\"https:\/\/elpais.com\/ccaa\/2019\/06\/08\/andalucia\/1560005029_918046.html\">Rilke<\/a> para pensar en las falsas claridades de las ideolog\u00edas: lo dicen todo tan claro.<\/p>\n<p class=\"\">De un lado, est\u00e1n quienes celebran la intervenci\u00f3n sin pensar en el lado oscuro de la misma. De otro lado, est\u00e1n quienes no se contentan con formular reparos justificados, sino que se ponen al lado de <a href=\"https:\/\/elpais.com\/us\/migracion\/2026-01-10\/la-captura-de-maduro-dispara-el-apoyo-a-trump-entre-venezolanos-y-cubanos-es-un-hombre-de-palabra.html\" target=\"_self\" rel=\"nofollow noopener\" title=\"https:\/\/elpais.com\/us\/migracion\/2026-01-10\/la-captura-de-maduro-dispara-el-apoyo-a-trump-entre-venezolanos-y-cubanos-es-un-hombre-de-palabra.html\">Maduro<\/a> e intentan devolverle una legitimidad basada en un soberan\u00eda que hac\u00eda tiempo hab\u00eda perdido. <\/p>\n<p class=\"\">Entre esos dos grupos est\u00e1n aquellos que no lo ven todo tan claro e intentan elaborar una posici\u00f3n acorde con la complejidad de la situaci\u00f3n. Maduro era sin duda un dictador. <a href=\"https:\/\/elpais.com\/internacional\/2026-01-06\/la-cia-recomendo-dar-el-poder-de-venezuela-a-delcy-rodriguez-ante-el-riesgo-de-que-maria-corina-machado-no-controlara-el-ejercito.html\" target=\"_self\" rel=\"nofollow noopener\" title=\"https:\/\/elpais.com\/internacional\/2026-01-06\/la-cia-recomendo-dar-el-poder-de-venezuela-a-delcy-rodriguez-ante-el-riesgo-de-que-maria-corina-machado-no-controlara-el-ejercito.html\">El r\u00e9gimen chavista<\/a> era un r\u00e9gimen que hab\u00eda atropellado todos los principios del derecho y que hab\u00eda manipulado resultados electorales para mantenerse en el poder. Sin embargo, desde una perspectiva puramente pragm\u00e1tica hay que se\u00f1alar que el chavismo sigue ah\u00ed, de otra forma e incluso no puede descartarse que la operaci\u00f3n estadounidense le d\u00e9 a Maduro un aura de m\u00e1rtir que termine por concederle al r\u00e9gimen un segundo aire.<\/p>\n<p class=\"\">Por otro lado, las repercusiones de la intervenci\u00f3n van m\u00e1s all\u00e1 de Venezuela -y m\u00e1s all\u00e1 de Latinoam\u00e9rica- por la falta de un sustento legal de la misma. No ha habido un mandato del <a href=\"https:\/\/elpais.com\/espana\/2026-01-05\/albares-califica-de-peligrosisimo-precedente-la-intervencion-militar-de-trump-en-venezuela.html\" target=\"_self\" rel=\"nofollow noopener\" title=\"https:\/\/elpais.com\/espana\/2026-01-05\/albares-califica-de-peligrosisimo-precedente-la-intervencion-militar-de-trump-en-venezuela.html\">Consejo de Seguridad<\/a>, ni autorizaci\u00f3n del Congreso norteamericano y s\u00f3lo con mucha flexibilidad se podr\u00eda construir un caso de defensa propia para justificar la intervenci\u00f3n.<\/p>\n<p class=\"\">Aunque el resultado de la intervenci\u00f3n podr\u00eda ser positivo para Venezuela -y eso est\u00e1 por verse- pueden pensarse tambi\u00e9n una serie de consecuencias negativas a mediano y corto plazo para <a href=\"https:\/\/elpais.com\/internacional\/2025-11-23\/el-g-20-expone-la-batalla-entre-dos-visiones-del-orden-mundial.html\" target=\"_self\" rel=\"nofollow noopener\" title=\"https:\/\/elpais.com\/internacional\/2025-11-23\/el-g-20-expone-la-batalla-entre-dos-visiones-del-orden-mundial.html\">el orden mundial<\/a>. En primer lugar, la reclamada violaci\u00f3n del derecho internacional -y los aplausos que esta violaci\u00f3n ha suscitado- puede invitar a otros actores a obrar de forma parecida. Se trata de la justificaci\u00f3n del uso da la fuerza, contra el derecho, en nombre de algo que se considera por encima del propio derecho.<\/p>\n<p class=\"\">En el caso concreto de Venezuela se califica a Maduro de narcotraficante y se le detiene, o se le secuestra, para someterlo a un proceso presuntamente legal que acaso podr\u00eda proporcionarle a la intervenci\u00f3n una justificaci\u00f3n a posteriori. Aunque ello s\u00f3lo ser\u00eda as\u00ed si Maduro tuviera la posibilidad de ser absuelto (lo que, en caso de ocurrir, terminar\u00eda por deslegitimar la intervenci\u00f3n).<\/p>\n<p class=\"\">En otros casos se pueden alegar otras justificaciones. Una eventual intervenci\u00f3n en <a href=\"https:\/\/elpais.com\/internacional\/2026-01-09\/trump-vamos-a-hacer-algo-con-groenlandia-por-las-buenas-o-por-las-malas.html\" target=\"_self\" rel=\"nofollow noopener\" title=\"https:\/\/elpais.com\/internacional\/2026-01-09\/trump-vamos-a-hacer-algo-con-groenlandia-por-las-buenas-o-por-las-malas.html\">Groenlandia<\/a> -con la que Trump coquetea desde que empez\u00f3 su segunda presidencia y se ha agotado esta semana- se plantea desde las necesidades de seguridad nacional de EEUU que, para el movimiento MAGA, est\u00e1n por encima del derecho internacional. <\/p>\n<p class=\"\"><a href=\"https:\/\/elpais.com\/internacional\/2025-10-16\/el-exconsejero-de-seguridad-nacional-de-trump-john-bolton-imputado-por-su-gestion-de-documentos-clasificados.html\" target=\"_self\" rel=\"nofollow noopener\" title=\"https:\/\/elpais.com\/internacional\/2025-10-16\/el-exconsejero-de-seguridad-nacional-de-trump-john-bolton-imputado-por-su-gestion-de-documentos-clasificados.html\">John Bolton<\/a>, que fue asesor de seguridad de Trump en su primera presidencia, se\u00f1al\u00f3 en una ocasi\u00f3n el peligro subyacente a esa argumentaci\u00f3n. \u201cLos chinos oyen eso -dijo en una entrevista con la televisi\u00f3n alemana- y se frotan las manos porque con la misma l\u00f3gica pueden decir que Taiwan es clave para su seguridad para justificar una eventual intervenci\u00f3n\u201d.<\/p>\n<p class=\"\">Trump, y en eso se parece a Putin, no parece interesarse mucho en la Carta de la ONU. Retrospectivamente la intervenci\u00f3n de EEUU en Venezuela le proporciona a <a href=\"https:\/\/elpais.com\/internacional\/2026-01-03\/rusia-ofrece-solidaridad-a-venezuela-y-exige-a-estados-unidos-que-aclare-el-paradero-de-maduro.html\" target=\"_self\" rel=\"nofollow noopener\" title=\"https:\/\/elpais.com\/internacional\/2026-01-03\/rusia-ofrece-solidaridad-a-venezuela-y-exige-a-estados-unidos-que-aclare-el-paradero-de-maduro.html\">Putin<\/a> argumentos para justificar su guerra de agresi\u00f3n contra Ucrania. Los principios y las normas del derecho internacional se dejan de lado en nombre de algo presuntamente superior.<\/p>\n<p class=\"\">En los esfuerzos diplom\u00e1ticos que se hicieron para tratar de evitar que Rusia lanzara su invasi\u00f3n a gran escala contra Ucrania, uno de los argumentos utilizados por Putin ante sus interlocutores era recordarles la intervenci\u00f3n de la OTAN en Kosovo sin mandato del Consejo de Seguridad. Ese episodio era utilizado por Putin para alegar que, contra lo que le dec\u00edan interlocutores como el entonces canciller alem\u00e1n Olaf Scholz o el presidente franc\u00e9s Emmanuel Macron, <a href=\"https:\/\/elpais.com\/internacional\/2026-01-09\/una-intervencion-de-trump-en-groenlandia-dinamitaria-la-otan.html\" target=\"_self\" rel=\"nofollow noopener\" title=\"https:\/\/elpais.com\/internacional\/2026-01-09\/una-intervencion-de-trump-en-groenlandia-dinamitaria-la-otan.html\">la OTAN<\/a> no era una alianza meramente defensiva.<\/p>\n<p class=\"\">Scholz cont\u00f3 en una ocasi\u00f3n que \u00e9l le hab\u00eda dicho a Putin que la intervenci\u00f3n en Kosovo se hab\u00eda hecho para evitar un genocidio. Putin le respondi\u00f3 que por lo mismo el iba a lanzar su \u201coperaci\u00f3n especial\u201d en <a href=\"https:\/\/elpais.com\/internacional\/2026-01-06\/zelenski-vuelve-a-poner-patas-arriba-la-cupula-de-poder-en-ucrania.html\" target=\"_self\" rel=\"nofollow noopener\" title=\"https:\/\/elpais.com\/internacional\/2026-01-06\/zelenski-vuelve-a-poner-patas-arriba-la-cupula-de-poder-en-ucrania.html\">Ucrania<\/a>. No era necesario que eso fuera verdad porque todo se mueve en una l\u00f3gica en la que la verdad y la b\u00fasqueda de la verdad son irrelevantes y reemplazadas por la palabra del d\u00e9spota -o los \u201chechos alternativos\u201d de los que hablan los trumpistas- y en la que la fuerza y la capacidad de chantaje reemplazan el derecho.<\/p>\n<p class=\"\">Escribo esto y pienso en <a href=\"https:\/\/elpais.com\/ciencia\/el-hacha-de-piedra\/2023-10-05\/la-montana-magica-y-la-reaccion-de-jarisch-herxheimer-mas-alla-de-la-ficcion.html\" target=\"_self\" rel=\"nofollow noopener\" title=\"https:\/\/elpais.com\/ciencia\/el-hacha-de-piedra\/2023-10-05\/la-montana-magica-y-la-reaccion-de-jarisch-herxheimer-mas-alla-de-la-ficcion.html\">La monta\u00f1a m\u00e1gica<\/a>, una lectura que me ha acompa\u00f1ado en los \u00faltimos a\u00f1os, y en la figura de Naphta. Naphta le dice a Settembrino que \u201cesos ideales\u201d -los ideales de la Ilustraci\u00f3n- ya han dejado atr\u00e1s su edad heroica. Y Naphta nos sigue hablando por boca de Trump y de Putin. <\/p>\n<p class=\"\">La idea del derecho, la idea de un mundo basado en reglas -nos dicen Trump, Putin y Naptha- ha pasado y lo que viene es una edad del chantaje y de la ley del m\u00e1s fuerte. En muchos aspectos es como si estuvi\u00e9ramos dejando atr\u00e1s la edad de la raz\u00f3n y estuvi\u00e9ramos entrando en una nueva edad de la fe. Los consensos m\u00ednimos para buscar conjuntamente la verdad parecen haberse roto y Naptha nos dice que no hay ciencia sin presupuestos. Ante eso, tal vez s\u00f3lo nos quede mirar los jard\u00ednes nevados mientras todo pasa o irse a ver ballenas a alguna parte. O volver a leer a Rilke y a <a href=\"https:\/\/elpais.com\/cultura\/2025-06-07\/alemania-invoca-a-thomas-mann-ante-el-extreminismo-la-democracia-solo-permanece-si-la-defendemos.html\" target=\"_self\" rel=\"nofollow noopener\" title=\"https:\/\/elpais.com\/cultura\/2025-06-07\/alemania-invoca-a-thomas-mann-ante-el-extreminismo-la-democracia-solo-permanece-si-la-defendemos.html\">Thomas Mann<\/a> mientras cae la nieve.<\/p>\n","protected":false},"excerpt":{"rendered":"En medio de la nieve, de la contemplaci\u00f3n de jardines nevados y, tambi\u00e9n, en medio de las noticias&hellip;\n","protected":false},"author":2,"featured_media":334852,"comment_status":"","ping_status":"","sticky":false,"template":"","format":"standard","meta":{"footnotes":""},"categories":[42],"tags":[74750,17,18,1196,352,629,13,14,29392,11,61,62,63,64,19,20,50768,9,1194,10,15,16,1925,24510,12,21,22,1192,65,66,67],"class_list":{"0":"post-334851","1":"post","2":"type-post","3":"status-publish","4":"format-standard","5":"has-post-thumbnail","7":"category-internacional","8":"tag-ataque-estados-unidos-a-venezuela","9":"tag-breaking-news","10":"tag-breakingnews","11":"tag-chavismo","12":"tag-donald-trump","13":"tag-estados-unidos","14":"tag-featured-news","15":"tag-featurednews","16":"tag-groenlandia","17":"tag-headlines","18":"tag-internacional","19":"tag-international","20":"tag-international-news","21":"tag-internationalnews","22":"tag-latest-news","23":"tag-latestnews","24":"tag-maga","25":"tag-news","26":"tag-nicolas-maduro","27":"tag-noticias","28":"tag-noticias-destacadas","29":"tag-noticiasdestacadas","30":"tag-opinion","31":"tag-rainer-maria-rilke","32":"tag-titulares","33":"tag-ultimas-noticias","34":"tag-ultimasnoticias","35":"tag-venezuela","36":"tag-world","37":"tag-world-news","38":"tag-worldnews"},"share_on_mastodon":{"url":"","error":"Validation failed: Text character limit of 500 exceeded"},"_links":{"self":[{"href":"https:\/\/www.europesays.com\/es\/wp-json\/wp\/v2\/posts\/334851","targetHints":{"allow":["GET"]}}],"collection":[{"href":"https:\/\/www.europesays.com\/es\/wp-json\/wp\/v2\/posts"}],"about":[{"href":"https:\/\/www.europesays.com\/es\/wp-json\/wp\/v2\/types\/post"}],"author":[{"embeddable":true,"href":"https:\/\/www.europesays.com\/es\/wp-json\/wp\/v2\/users\/2"}],"replies":[{"embeddable":true,"href":"https:\/\/www.europesays.com\/es\/wp-json\/wp\/v2\/comments?post=334851"}],"version-history":[{"count":0,"href":"https:\/\/www.europesays.com\/es\/wp-json\/wp\/v2\/posts\/334851\/revisions"}],"wp:featuredmedia":[{"embeddable":true,"href":"https:\/\/www.europesays.com\/es\/wp-json\/wp\/v2\/media\/334852"}],"wp:attachment":[{"href":"https:\/\/www.europesays.com\/es\/wp-json\/wp\/v2\/media?parent=334851"}],"wp:term":[{"taxonomy":"category","embeddable":true,"href":"https:\/\/www.europesays.com\/es\/wp-json\/wp\/v2\/categories?post=334851"},{"taxonomy":"post_tag","embeddable":true,"href":"https:\/\/www.europesays.com\/es\/wp-json\/wp\/v2\/tags?post=334851"}],"curies":[{"name":"wp","href":"https:\/\/api.w.org\/{rel}","templated":true}]}}