{"id":334893,"date":"2026-01-11T11:43:09","date_gmt":"2026-01-11T11:43:09","guid":{"rendered":"https:\/\/www.europesays.com\/es\/334893\/"},"modified":"2026-01-11T11:43:09","modified_gmt":"2026-01-11T11:43:09","slug":"el-coro-minero-de-turon-conquista-got-talent-y-emociona-a-paula-echevarria","status":"publish","type":"post","link":"https:\/\/www.europesays.com\/es\/334893\/","title":{"rendered":"El Coro Minero de Tur\u00f3n conquista &#8216;Got Talent&#8217; y emociona a Paula Echevarr\u00eda"},"content":{"rendered":"<p><a class=\"v-mdl-ath__fig-a\" href=\"https:\/\/www.elcomercio.es\/autor\/pilar-gutierrez-5413.html\" title=\"Pilar Guti\u00e9rrez\" rel=\"nofollow noopener\" target=\"_blank\"><br \/>\n<img decoding=\"async\" class=\"v-mdl-ath__img\" src=\"https:\/\/www.europesays.com\/es\/wp-content\/uploads\/2026\/01\/autor-5413-foto-1.jpeg\" alt=\"Pilar Guti\u00e9rrez\"\/><br \/>\n<\/a><\/p>\n<p class=\"v-mdl-ath__p v-mdl-ath__p--6\">\nDomingo, 11 de enero 2026, 11:53<\/p>\n<p class=\"v-p\">La canci\u00f3n &#8216;Santa Barbara Bendita&#8217;, entonada por el <a href=\"https:\/\/www.elcomercio.es\/area-metropolitana-asturias\/cuencas\/coro-minero-turon-recuerdo-vivo-mineria-asturias-20250616173556-nt.html\" target=\"_self\" title=\"El Coro Minero de Tur\u00f3n: \u00abSomos el recuerdo vivo de la miner\u00eda en Asturias\u00bb\" data-voc-vtm-id=\"in-text-traffic\" data-mrf-link=\"www.elcomercio.es\" rel=\"nofollow noopener\">Coro Minero de Tur\u00f3n<\/a>, caus\u00f3 sensaci\u00f3n este s\u00e1bado en todo el pa\u00eds. La agrupaci\u00f3n de <a href=\"https:\/\/www.elcomercio.es\/temas\/lugares\/mieres.html\" target=\"_self\" title=\"Noticias de Mieres\" data-voc-vtm-id=\"in-text-traffic\" data-mrf-link=\"www.elcomercio.es\" rel=\"nofollow noopener\">Mieres<\/a> toc\u00f3 corazones a trav\u00e9s del televisor, participando en el programa <strong>&#8216;Got Talent Espa\u00f1a&#8217;<\/strong> de Telecinco. Para ellos, dijo Higinio Gonz\u00e1lez, corista en representci\u00f3n del grupo, fue una ocasi\u00f3n \u00ab\u00fanica\u00bb, pero tambi\u00e9n para el resto del p\u00fablico y para el jurado, muy especialmente para la candasina Paula Echevarr\u00eda, que rompi\u00f3 a llorar en cuanto empezaron a entonar las primeras estrofas. Su \u00e9xito fue tal que no solo se llevaron un gran &#8216;s\u00ed&#8217; de la asturiana, sino tambi\u00e9n de Carlos Latre, Lorena Castell y Risto Mejide, por lo que volver\u00e1n para la semifinal. <\/p>\n<p class=\"v-p\">Es la primera vez que la agrupaci\u00f3n participa en algo parecido. La propuesta les lleg\u00f3 \u00abhace unos meses\u00bb, cuando su actuaci\u00f3n en el partido entre el <a href=\"https:\/\/www.elcomercio.es\/sporting\/coro-minero-turon-homenajea-cinco-mineros-fallecidos-20250405212015-vi.html\" data-voc-vtm-id=\"in-text-traffic\" title=\"Sporting de Gij\u00f3n y el Tenerife \" data-mrf-link=\"www.elcomercio.es\" rel=\"nofollow noopener\" target=\"_blank\">Sporting de Gij\u00f3n y el Tenerife <\/a> se volvi\u00f3 viral en redes sociales. Por entonces, entonaron la misma canci\u00f3n en un emotivo homenaje a los <a href=\"https:\/\/www.elcomercio.es\/asturias\/occidente\/accidente-mina-cerredo-asturias-ivan-ruben-jorge-amadeo-david-cinco-vidas-20250401101604-nt.html\" data-voc-vtm-id=\"in-text-traffic\" title=\"mineros fallecidos en Cerredo\" data-mrf-link=\"www.elcomercio.es\" rel=\"nofollow noopener\" target=\"_blank\">mineros fallecidos en Cerredo<\/a>, de hecho, cambiaron algunas palabras para referirse a ellos y al accidente. Aquel momento, seguido y coreado por las miles de personas que vieron el partido, les vali\u00f3 una llamada del programa &#8216;Got Talent&#8217;, lo que les \u00abanim\u00f3 a participar\u00bb. \u00abLo votamos e hicimos un viaje r\u00e1pido a Madrid, todo hecho en un d\u00eda\u00bb, ha revelado Gonz\u00e1lez.<\/p>\n<p class=\"v-p\">La suya fue la actuaci\u00f3n m\u00e1s emotiva del programa. Al poco de levantar el tel\u00f3n, aparecieron ellos a oscuras, solo iluminados por sus cascos, y se reprodujo en v\u00eddeo algunas de las historias de sus integrantes, hablando de su vida ligada a la mina, los accidentes y su suerte de poder vivir para contarlo. \u00abSomos el Coro Minero de Tur\u00f3n y llevamos casi 80 a\u00f1os cantando por nuestros compa\u00f1eros fallecidos, sus familias y sus amigos, porque la mina se llev\u00f3 muchos cuerpos, pero mientras este coro resista, nunca se llevaran sus voces\u00bb, dijeron.<\/p>\n<p>Un \u00abtroc\u00edn de Asturias\u00bb<\/p>\n<p class=\"v-p\">Tras el aplauso inicial empezaron a cantar y el que llamaron \u00abhimno de los mineros\u00bb no tard\u00f3 en hacer llorar a Paula Echevarr\u00eda, algo que, admiten, \u00ables sorprendi\u00f3\u00bb, pero tambi\u00e9n les emocion\u00f3. Ella les admiti\u00f3 que le fue dif\u00edcil no reaccionar, \u00abcomo asturiana, con madre de Mieres y tantos familiares ligados a la mina\u00bb. Al final, les agradeci\u00f3 llevarle \u00abun troc\u00edn de Asturias de esta manera tan bonita\u00bb.<\/p>\n<p class=\"v-p\">El resto del jurado la acompa\u00f1\u00f3 y anim\u00f3, Lorena Castell les agradeci\u00f3 el homenaje que hac\u00edan a sus compa\u00f1eros y Mejide admiti\u00f3 estar en shock, del mismo modo que la candasina. Por su parte, Latre quiso reivindicar \u00abel arte que nace de lo m\u00e1s profundo de la tierra, pero tambi\u00e9n de los que a veces se dejan la vida\u00bb. <\/p>\n<p>Reporta un error<\/p>\n","protected":false},"excerpt":{"rendered":"Domingo, 11 de enero 2026, 11:53 La canci\u00f3n &#8216;Santa Barbara Bendita&#8217;, entonada por el Coro Minero de Tur\u00f3n,&hellip;\n","protected":false},"author":2,"featured_media":334894,"comment_status":"","ping_status":"","sticky":false,"template":"","format":"standard","meta":{"footnotes":""},"categories":[171],"tags":[3972,50676,146,147,25,24,49590,5767,2145,23,12211,76846,214],"class_list":["post-334893","post","type-post","status-publish","format-standard","has-post-thumbnail","category-tv","tag-conquista","tag-coro","tag-entertainment","tag-entretenimiento","tag-es","tag-espana","tag-got","tag-minero","tag-programa","tag-spain","tag-talent","tag-turon","tag-tv"],"share_on_mastodon":{"url":"https:\/\/pubeurope.com\/@es\/115876292477698014","error":""},"_links":{"self":[{"href":"https:\/\/www.europesays.com\/es\/wp-json\/wp\/v2\/posts\/334893","targetHints":{"allow":["GET"]}}],"collection":[{"href":"https:\/\/www.europesays.com\/es\/wp-json\/wp\/v2\/posts"}],"about":[{"href":"https:\/\/www.europesays.com\/es\/wp-json\/wp\/v2\/types\/post"}],"author":[{"embeddable":true,"href":"https:\/\/www.europesays.com\/es\/wp-json\/wp\/v2\/users\/2"}],"replies":[{"embeddable":true,"href":"https:\/\/www.europesays.com\/es\/wp-json\/wp\/v2\/comments?post=334893"}],"version-history":[{"count":0,"href":"https:\/\/www.europesays.com\/es\/wp-json\/wp\/v2\/posts\/334893\/revisions"}],"wp:featuredmedia":[{"embeddable":true,"href":"https:\/\/www.europesays.com\/es\/wp-json\/wp\/v2\/media\/334894"}],"wp:attachment":[{"href":"https:\/\/www.europesays.com\/es\/wp-json\/wp\/v2\/media?parent=334893"}],"wp:term":[{"taxonomy":"category","embeddable":true,"href":"https:\/\/www.europesays.com\/es\/wp-json\/wp\/v2\/categories?post=334893"},{"taxonomy":"post_tag","embeddable":true,"href":"https:\/\/www.europesays.com\/es\/wp-json\/wp\/v2\/tags?post=334893"}],"curies":[{"name":"wp","href":"https:\/\/api.w.org\/{rel}","templated":true}]}}