{"id":334917,"date":"2026-01-11T12:03:07","date_gmt":"2026-01-11T12:03:07","guid":{"rendered":"https:\/\/www.europesays.com\/es\/334917\/"},"modified":"2026-01-11T12:03:07","modified_gmt":"2026-01-11T12:03:07","slug":"gwyneth-paltrow-kate-hudson-y-los-mejores-looks-de-las-invitadas-a-la-fiesta-del-te-de-los-premios-bafta","status":"publish","type":"post","link":"https:\/\/www.europesays.com\/es\/334917\/","title":{"rendered":"Gwyneth Paltrow, Kate Hudson y los mejores &#8216;looks&#8217; de las invitadas a la Fiesta del T\u00e9 de los Premios BAFTA"},"content":{"rendered":"<p class=\"c-paragraph\">El pr\u00f3ximo 22 de febrero se celebrar\u00e1 la 79\u00ba edici\u00f3n de los<b> Premios BAFTA<\/b>. Unos galardones en los que la Academia Brit\u00e1nica de Artes Cinem\u00e1togr\u00e1ficos y Telelevisi\u00f3n premia a sus ganadores, en una gala similar a los Premios Oscar. Anoche, sin embargo, ten\u00eda lugar en Los \u00c1ngeles la <b>Fiesta del T\u00e9 <\/b>de estos galardones, coincidiendo con el inicio de este a\u00f1o de la temporada de premios en Hollywood.<\/p>\n<p class=\"c-paragraph\">Una gala informal que reuni\u00f3, en el <b>Hotel Four Seasons de Beverly Hills<\/b>, a las principales estrellas del panorama en una especie de pleno en el que hacen networking y tratan temas como los c\u00f3digos de vestimenta o la Inteligencia Artificial. Ejecutivos y celebridades del cine y de la televisi\u00f3n se unen en esta gala y hemos hecho un repaso de los mejores estilismos de las estrellas m\u00e1s conocidas que pasaron por su photocall.<\/p>\n<p>Los mejores &#8216;looks&#8217; de la Fiesta del T\u00e9 de los Premios Bafta<\/p>\n<p class=\"c-paragraph\"><b>Kristen Stewart <\/b>se mantuvo fiel a su lado ca\u00f1ero combinando un pantal\u00f3n negro y unos zapatos a tono, con un top b\u00e1sico de color blanco y una blusa amarillo pastel encima, a modo de sobrecamisa. Complet\u00f3 su estilismo con varias cadenas en el cuello.<\/p>\n<p class=\"c-paragraph\"><b>Kate Hudon<\/b> apost\u00f3 por un estilismo m\u00e1s elegante. Lo hizo enfund\u00e1ndose en un pantal\u00f3n negro de vestir, con tiro alto y faj\u00edn a tono, que combin\u00f3 con una blusa fluida semitransparente, que aportaba calidez a su imagen.<\/p>\n<p class=\"c-paragraph\"><b>Rebecca Hall<\/b> tambi\u00e9n jug\u00f3 con la superposici\u00f3n de piezas y eligi\u00f3 un vestido negro con escote en pico y falda con vuelo hasta la rodilla, que combin\u00f3 con una camisa de rayas cl\u00e1sica, que daba un toque masculino e informal al &#8216;look&#8217;.<\/p>\n<p class=\"c-paragraph\"><b>Gwyneth Paltrow<\/b> confi\u00f3 en el binomio blanco y negro, pero de la forma m\u00e1s moderna. Lo hizo combinando una blazer oversize (b\u00e1sica en el vestido de cualquier mujer elegante) con un pantal\u00f3n blanco con efecto arrugado, que aportaba un toque desenfadado al estilismo.<\/p>\n<p class=\"c-paragraph\"><b>Teyana Taylor<\/b> se atrevi\u00f3 con las plumas con un vestido de palabra de honor ajustado, hasta los pies. Un modelo en color blanco, negro y gris con el que no pas\u00f3 desapercibida. Lo combin\u00f3 con unos stilettos negros.<\/p>\n<p class=\"c-paragraph\"><b>Robin Wright <\/b>demostr\u00f3 que menos es m\u00e1s con un vestido camisero de color marr\u00f3n chocolate. Un modelo muy elegante, con acabado satinado y un original plisado en el abdomen, que elevaba su dise\u00f1o.<\/p>\n<p class=\"c-paragraph\"><b>Keri Russel <\/b>comib\u00f3 una blusa negra con una falda en color amarillo mostaza, el nuevo \u00abamarillo millennial\u00bb que ya est\u00e1 conquistando el &#8216;street style&#8217; este 2026.<\/p>\n<p class=\"c-paragraph\"><b>Chase Infinity<\/b>, por \u00faltimo, eligi\u00f3 un mono de color burdeos. Con pantal\u00f3n de tiro alto con cintura a tono y blusita holgada, con cuello perkins y mangas abullonadas. Remat\u00f3 el &#8216;look&#8217; con unos pendientes de aro y un recogido alto.<\/p>\n<p class=\"c-paragraph\">Estos han sido algunos de los mejores estilismos de las invitadas a la antesala de los Premios Bafta. Estamos impacientes por ver cu\u00e1les ser\u00e1n los mejores estilismos con los que nos sorprender\u00e1n en la ceremonia.<\/p>\n","protected":false},"excerpt":{"rendered":"El pr\u00f3ximo 22 de febrero se celebrar\u00e1 la 79\u00ba edici\u00f3n de los Premios BAFTA. Unos galardones en los&hellip;\n","protected":false},"author":2,"featured_media":334918,"comment_status":"","ping_status":"","sticky":false,"template":"","format":"standard","meta":{"footnotes":""},"categories":[174],"tags":[255,146,147,25,24,256,4265,43692,24315,4417,4266,23],"class_list":{"0":"post-334917","1":"post","2":"type-post","3":"status-publish","4":"format-standard","5":"has-post-thumbnail","7":"category-famosos","8":"tag-celebrities","9":"tag-entertainment","10":"tag-entretenimiento","11":"tag-es","12":"tag-espana","13":"tag-famosos","14":"tag-gwyneth","15":"tag-hudson","16":"tag-kate","17":"tag-los","18":"tag-paltrow","19":"tag-spain"},"share_on_mastodon":{"url":"https:\/\/pubeurope.com\/@es\/115876371106789589","error":""},"_links":{"self":[{"href":"https:\/\/www.europesays.com\/es\/wp-json\/wp\/v2\/posts\/334917","targetHints":{"allow":["GET"]}}],"collection":[{"href":"https:\/\/www.europesays.com\/es\/wp-json\/wp\/v2\/posts"}],"about":[{"href":"https:\/\/www.europesays.com\/es\/wp-json\/wp\/v2\/types\/post"}],"author":[{"embeddable":true,"href":"https:\/\/www.europesays.com\/es\/wp-json\/wp\/v2\/users\/2"}],"replies":[{"embeddable":true,"href":"https:\/\/www.europesays.com\/es\/wp-json\/wp\/v2\/comments?post=334917"}],"version-history":[{"count":0,"href":"https:\/\/www.europesays.com\/es\/wp-json\/wp\/v2\/posts\/334917\/revisions"}],"wp:featuredmedia":[{"embeddable":true,"href":"https:\/\/www.europesays.com\/es\/wp-json\/wp\/v2\/media\/334918"}],"wp:attachment":[{"href":"https:\/\/www.europesays.com\/es\/wp-json\/wp\/v2\/media?parent=334917"}],"wp:term":[{"taxonomy":"category","embeddable":true,"href":"https:\/\/www.europesays.com\/es\/wp-json\/wp\/v2\/categories?post=334917"},{"taxonomy":"post_tag","embeddable":true,"href":"https:\/\/www.europesays.com\/es\/wp-json\/wp\/v2\/tags?post=334917"}],"curies":[{"name":"wp","href":"https:\/\/api.w.org\/{rel}","templated":true}]}}