{"id":334921,"date":"2026-01-11T12:06:12","date_gmt":"2026-01-11T12:06:12","guid":{"rendered":"https:\/\/www.europesays.com\/es\/334921\/"},"modified":"2026-01-11T12:06:12","modified_gmt":"2026-01-11T12:06:12","slug":"got-talent-9-6-vuelve-a-telecinco-con-el-peor-estreno-de-su-historia-y-pierde-por-poco-ante-la-ruleta-noche-9-7","status":"publish","type":"post","link":"https:\/\/www.europesays.com\/es\/334921\/","title":{"rendered":"&#8216;Got Talent&#8217; (9.6%) vuelve a Telecinco con el peor estreno de su historia y pierde por poco ante &#8216;La Ruleta Noche&#8217; (9.7%)"},"content":{"rendered":"<p class=\"article-text\">\n        La und\u00e9cima edici\u00f3n de <strong>Got Talent<\/strong> se estren\u00f3 este s\u00e1bado 10 de enero en Telecinco con datos de audiencia poco alentadores. La primera gala del talent show promedi\u00f3 un <strong>9.6% de cuota de pantalla y 903.000 espectadores<\/strong>, por lo que se trata de su peor comienzo. Nunca antes hab\u00eda debutado con cifras tan bajas. De hecho, la anterior temporada, emitida en 2024, arranc\u00f3 con un 14.4% de share y 1.041.000 espectadores.\n    <\/p>\n<p>    <a href=\"https:\/\/www.eldiario.es\/vertele\/noticias\/detienen-actor-can-yaman-redada-antidrogas-prensa-turca_1_12898225.html\" data-mrf-recirculation=\"saber-mas\" data-dl-event=\"saber-mas\" rel=\"nofollow noopener\" target=\"_blank\"><\/p>\n<p class=\"know-more__title\">Detienen al actor Can Yaman en una redada antidrogas, seg\u00fan la prensa turca<\/p>\n<p>            <img decoding=\"async\" class=\"lazy\" loading=\"lazy\" data-src=\"https:\/\/static.eldiario.es\/clip\/70a02140-f2d7-49b6-85f0-71fe7fa5d0ad_16-9-aspect-ratio_default_0.jpg\" src=\"data:image\/svg+xml,%3Csvg xmlns=\" http:=\"\" viewbox=\"0 0 880 495\" alt=\"Detienen al actor Can Yaman en una redada antidrogas, seg\u00fan la prensa turca\"\/><\/p>\n<p>                        <\/a><\/p>\n<p class=\"article-text\">\n        <strong>\u00b7 Audiencias de los estrenos de temporada de &#8216;Got Talent&#8217;<\/strong>\n    <\/p>\n<ul>\n<li><strong>Primera edici\u00f3n (2016): <\/strong>21.2% y 3.486.000<\/li>\n<li><strong>Segunda edici\u00f3n (2017):<\/strong> 16.8% y 2.659.000<\/li>\n<li><strong>Tercera edici\u00f3n (2018): <\/strong>15.7% y 1.923.000<\/li>\n<li><strong>Cuarta edici\u00f3n (2019):<\/strong> 16.6% y 2.123.000<\/li>\n<li><strong>Quinta edici\u00f3n (2019):<\/strong> 19.6% y 2.366.000<\/li>\n<li><strong>Sexta edici\u00f3n (2021):<\/strong> 14.8% y  2.310.000<\/li>\n<li><strong>S\u00e9ptima edici\u00f3n (2021):<\/strong> 18.4% y 1.875.000<\/li>\n<li><strong>Octava edici\u00f3n (2022):<\/strong> 12.9% y 1.297.000<\/li>\n<li><strong>Novena edici\u00f3n (2023): <\/strong>13.4% y 1.156.000<\/li>\n<li><strong>D\u00e9cima edici\u00f3n (2024): <\/strong>14.4% y 1.041.000<\/li>\n<li><strong>Und\u00e9cima edici\u00f3n (2026):<\/strong> 9.6% y 903.000<\/li>\n<\/ul>\n<p class=\"article-text\">\n        <strong>Got Talent <\/strong>qued\u00f3 ayer en segundo puesto por detr\u00e1s de la versi\u00f3n nocturna de <strong>La ruleta de la suerte<\/strong>, que lider\u00f3 el prime time con un <strong>9.7% de cuota y 1.042.000 espectadores<\/strong>. El concurso pierde 1.9 puntos y firma su segunda peor marca de la temporada.\n    <\/p>\n<p class=\"article-text\">\n        La rivalidad entre estas dos ofertas fue m\u00e1xima, como puede verse en la franja de coincidencia.\n    <\/p>\n<p class=\"article-text\">\n        <strong>\u00b7 Audiencias en la franja de coincidencia (de 22:10 a 23:33)<\/strong>\n    <\/p>\n<ul>\n<li><strong>La ruleta de la suerte noche:<\/strong> 9.7% y 1.042.000<\/li>\n<li><strong>Got Talent:<\/strong> 9.6% y 1.034.000<\/li>\n<\/ul>\n<p class=\"article-text\">\n        La pel\u00edcula <strong>La idea de tenerte<\/strong> \u2013emitida por La 1\u2013 hizo un 7.8% de share (dato claramente insuficiente para la cadena p\u00fablica), y <strong>laSexta Xplica<\/strong> baja esta semana al 7.5% (dos puntos menos que el s\u00e1bado pasado), pero se mantiene en cifras inusualmente altas.\n    <\/p>\n<p>    <a href=\"https:\/\/www.eldiario.es\/vertele\/noticias\/got-talent-regreso-telecinco-actuacion-pase-oro-peticion-risto-puedes-actuar-fiesta_1_12898861.html\" data-mrf-recirculation=\"saber-mas-abajo\" data-dl-event=\"saber-mas-abajo\" rel=\"nofollow noopener\" target=\"_blank\"><\/p>\n<p class=\"know-more__title\">&#8216;Got Talent&#8217; regres\u00f3 a Telecinco con una actuaci\u00f3n de &#8216;pase de oro&#8217; y una petici\u00f3n de Risto: \u201c\u00bfPuedes actuar en mi fiesta?\u201d<\/p>\n<p>            <img decoding=\"async\" class=\"lazy\" loading=\"lazy\" data-src=\"https:\/\/static.eldiario.es\/clip\/d9954283-f6d9-4e7e-8134-686432e7b75d_16-9-aspect-ratio_default_0.jpg\" src=\"data:image\/svg+xml,%3Csvg xmlns=\" http:=\"\" viewbox=\"0 0 880 495\" alt=\"'Got Talent' regres\u00f3 a Telecinco con una actuaci\u00f3n de 'pase de oro' y una petici\u00f3n de Risto: &quot;\u00bfPuedes actuar en mi fiesta?&quot;\"\/><\/p>\n<p>                        <\/a><\/p>\n<p>    PRIME TIME \/ LATE NIGHT<\/p>\n<p class=\"article-tvchannel\">\n\t\t<img loading=\"lazy\" decoding=\"async\" src=\"https:\/\/www.europesays.com\/es\/wp-content\/uploads\/2025\/08\/antena-3-2025-300x70-2.png\" alt=\"Antena 3\" height=\"28\" width=\"130\"\/>\n\t<\/p>\n<ul>\n<li>La ruleta de la suerte noche: 9.7% y 1.042.000<\/li>\n<li>La ruleta de la suerte noche -rep-: 9.3% y 700.000<\/li>\n<li>La ruleta de la suerte noche -rep-: 9% y 312.000<\/li>\n<\/ul>\n<p class=\"article-tvchannel\">\n\t\t<img loading=\"lazy\" decoding=\"async\" src=\"https:\/\/www.europesays.com\/es\/wp-content\/uploads\/2025\/08\/telecinco-larga-2024.png\" alt=\"Telecinco\" height=\"28\" width=\"130\"\/>\n\t<\/p>\n<ul>\n<li>Got Talent (estreno T11): 9.6% y 903.000<\/li>\n<\/ul>\n<p class=\"article-tvchannel\">\n\t\t<img loading=\"lazy\" decoding=\"async\" src=\"https:\/\/www.europesays.com\/es\/wp-content\/uploads\/2025\/08\/a015d9e5-5eb5-44d9-b8ee-355e0a29727b_source-aspect-ratio_default_0.jpg\" alt=\"La 1\" height=\"28\" width=\"130\"\/>\n\t<\/p>\n<ul>\n<li>Informe Semanal: 9.8% y 1.089.000<\/li>\n<li>Cine: &#8216;La idea de tenerte&#8217;: 7.8% y 817.000<\/li>\n<\/ul>\n<p class=\"article-tvchannel\">\n\t\t<img loading=\"lazy\" decoding=\"async\" src=\"https:\/\/www.europesays.com\/es\/wp-content\/uploads\/2025\/08\/lasexta-larga-2024.png\" alt=\"laSexta\" height=\"28\" width=\"130\"\/>\n\t<\/p>\n<ul>\n<li>laSexta Xplica: 7.5% y 623.000<\/li>\n<\/ul>\n<p class=\"article-tvchannel\">\n\t\t<img loading=\"lazy\" decoding=\"async\" src=\"https:\/\/www.europesays.com\/es\/wp-content\/uploads\/2025\/08\/bf338975-ea7e-4169-9587-70789a0e0f39_source-aspect-ratio_default_0.jpg\" alt=\"Cuatro\" height=\"28\" width=\"130\"\/>\n\t<\/p>\n<ul>\n<li>First dates: 5.7% y 625.000<\/li>\n<li>El Blockbuster: &#8216;El \u00faltimo testigo&#8217;: 6.6% y 679.000<\/li>\n<\/ul>\n<p class=\"article-text\">\n        *Datos consultados por verTele. El an\u00e1lisis completo se publicar\u00e1 el lunes.\n    <\/p>\n","protected":false},"excerpt":{"rendered":"La und\u00e9cima edici\u00f3n de Got Talent se estren\u00f3 este s\u00e1bado 10 de enero en Telecinco con datos de&hellip;\n","protected":false},"author":2,"featured_media":334922,"comment_status":"","ping_status":"","sticky":false,"template":"","format":"standard","meta":{"footnotes":""},"categories":[171],"tags":[76848,146,147,25,24,76849,55739,3397,23,214],"class_list":{"0":"post-334921","1":"post","2":"type-post","3":"status-publish","4":"format-standard","5":"has-post-thumbnail","7":"category-tv","8":"tag-10-enero-2026","9":"tag-entertainment","10":"tag-entretenimiento","11":"tag-es","12":"tag-espana","13":"tag-got-talent-estreno-telecinco","14":"tag-la-ruleta-de-la-suerte-noche","15":"tag-sabado","16":"tag-spain","17":"tag-tv"},"share_on_mastodon":{"url":"https:\/\/pubeurope.com\/@es\/115876383092483687","error":""},"_links":{"self":[{"href":"https:\/\/www.europesays.com\/es\/wp-json\/wp\/v2\/posts\/334921","targetHints":{"allow":["GET"]}}],"collection":[{"href":"https:\/\/www.europesays.com\/es\/wp-json\/wp\/v2\/posts"}],"about":[{"href":"https:\/\/www.europesays.com\/es\/wp-json\/wp\/v2\/types\/post"}],"author":[{"embeddable":true,"href":"https:\/\/www.europesays.com\/es\/wp-json\/wp\/v2\/users\/2"}],"replies":[{"embeddable":true,"href":"https:\/\/www.europesays.com\/es\/wp-json\/wp\/v2\/comments?post=334921"}],"version-history":[{"count":0,"href":"https:\/\/www.europesays.com\/es\/wp-json\/wp\/v2\/posts\/334921\/revisions"}],"wp:featuredmedia":[{"embeddable":true,"href":"https:\/\/www.europesays.com\/es\/wp-json\/wp\/v2\/media\/334922"}],"wp:attachment":[{"href":"https:\/\/www.europesays.com\/es\/wp-json\/wp\/v2\/media?parent=334921"}],"wp:term":[{"taxonomy":"category","embeddable":true,"href":"https:\/\/www.europesays.com\/es\/wp-json\/wp\/v2\/categories?post=334921"},{"taxonomy":"post_tag","embeddable":true,"href":"https:\/\/www.europesays.com\/es\/wp-json\/wp\/v2\/tags?post=334921"}],"curies":[{"name":"wp","href":"https:\/\/api.w.org\/{rel}","templated":true}]}}