{"id":334925,"date":"2026-01-11T12:08:08","date_gmt":"2026-01-11T12:08:08","guid":{"rendered":"https:\/\/www.europesays.com\/es\/334925\/"},"modified":"2026-01-11T12:08:08","modified_gmt":"2026-01-11T12:08:08","slug":"disney-anuncia-quienes-haran-de-rapunzel-y-flynn","status":"publish","type":"post","link":"https:\/\/www.europesays.com\/es\/334925\/","title":{"rendered":"Disney anuncia qui\u00e9nes har\u00e1n de Rapunzel y Flynn"},"content":{"rendered":"<p>                    Despu\u00e9s de pasarse much\u00edsimo tiempo buscando, analizando y realizando todo tipo de pruebas, Disney al fin ha encontrado a los actores ideales para su pr\u00f3xima gran producci\u00f3n. Hace unas horas se ha anunciado que Teagan Croft y Milo Manheim ser\u00e1n los protagonistas del live action de \u00abEnredados\u00bb, la adaptaci\u00f3n en acci\u00f3n real de la pel\u00edcula animada estrenada hace m\u00e1s de quince a\u00f1os. Ella dar\u00e1 vida a la princesa Rapunzel, mientras que \u00e9l interpretar\u00e1 al carism\u00e1tico ladr\u00f3n Flynn Rider.<\/p>\n<p>Teagan Croft, de 21 a\u00f1os, se hizo bastante conocida por su papel de Raven en la serie \u00abTitanes\u00bb, emitida entre 2018 y 2023, y por protagonizar la pel\u00edcula australiana \u00abEsp\u00edritu libre\u00bb. Por su parte, Milo Manheim (24 a\u00f1os) destac\u00f3 por participar en la saga musical \u00abZombies\u00bb, emitida en Disney Channel. Ambos son actores de gran talento que podr\u00edan dar el salto al estrellato con este remake live action tan esperado.<\/p>\n<p><b>\u00bfEl live action m\u00e1s esperado de Disney?<br \/><\/b>Despu\u00e9s de arrasar en taquilla con el remake de \u00abLilo &amp; Stitch\u00bb, Disney quiere ir continuar su buena racha convirtiendo el live action de \u00abEnredados\u00bb en un exitazo. Para ello han contratado como director de la pel\u00edcula a Michael Gracey, un cineasta especializado en musicales y que se hizo muy conocido por \u00abEl gran showman\u00bb y \u00abBetter Man\u00bb. La producci\u00f3n corre a cargo de Kristin Burr, veterana productora de Disney que ya trabaj\u00f3 en \u00abCruella\u00bb y \u00abOtro viernes de locos\u00bb, y el guion ha sido escrito por Jennifer Kaytin Robinson, famosa por su trabajo en \u00abThor: Love and Thunder\u00bb.<\/p>\n<p>De momento Disney no ha anunciado una fecha de estreno para el live action de \u00abEnredados\u00bb, pero ahora que cuentan con la pareja protagonista perfecta, no cabe duda de que pronto podr\u00edamos tener noticias sobre el inicio del rodaje.\u00a0<\/p>\n<p><b>Fuente: Diario AS<\/b><\/p>\n","protected":false},"excerpt":{"rendered":"Despu\u00e9s de pasarse much\u00edsimo tiempo buscando, analizando y realizando todo tipo de pruebas, Disney al fin ha encontrado&hellip;\n","protected":false},"author":2,"featured_media":334926,"comment_status":"","ping_status":"","sticky":false,"template":"","format":"standard","meta":{"footnotes":""},"categories":[169],"tags":[6191,177,146,147,25,24,176,50621,175,23,1192],"class_list":{"0":"post-334925","1":"post","2":"type-post","3":"status-publish","4":"format-standard","5":"has-post-thumbnail","7":"category-cine","8":"tag-caracas","9":"tag-cine","10":"tag-entertainment","11":"tag-entretenimiento","12":"tag-es","13":"tag-espana","14":"tag-film","15":"tag-globovision","16":"tag-movies","17":"tag-spain","18":"tag-venezuela"},"share_on_mastodon":{"url":"https:\/\/pubeurope.com\/@es\/115876391171273674","error":""},"_links":{"self":[{"href":"https:\/\/www.europesays.com\/es\/wp-json\/wp\/v2\/posts\/334925","targetHints":{"allow":["GET"]}}],"collection":[{"href":"https:\/\/www.europesays.com\/es\/wp-json\/wp\/v2\/posts"}],"about":[{"href":"https:\/\/www.europesays.com\/es\/wp-json\/wp\/v2\/types\/post"}],"author":[{"embeddable":true,"href":"https:\/\/www.europesays.com\/es\/wp-json\/wp\/v2\/users\/2"}],"replies":[{"embeddable":true,"href":"https:\/\/www.europesays.com\/es\/wp-json\/wp\/v2\/comments?post=334925"}],"version-history":[{"count":0,"href":"https:\/\/www.europesays.com\/es\/wp-json\/wp\/v2\/posts\/334925\/revisions"}],"wp:featuredmedia":[{"embeddable":true,"href":"https:\/\/www.europesays.com\/es\/wp-json\/wp\/v2\/media\/334926"}],"wp:attachment":[{"href":"https:\/\/www.europesays.com\/es\/wp-json\/wp\/v2\/media?parent=334925"}],"wp:term":[{"taxonomy":"category","embeddable":true,"href":"https:\/\/www.europesays.com\/es\/wp-json\/wp\/v2\/categories?post=334925"},{"taxonomy":"post_tag","embeddable":true,"href":"https:\/\/www.europesays.com\/es\/wp-json\/wp\/v2\/tags?post=334925"}],"curies":[{"name":"wp","href":"https:\/\/api.w.org\/{rel}","templated":true}]}}