{"id":334927,"date":"2026-01-11T12:09:09","date_gmt":"2026-01-11T12:09:09","guid":{"rendered":"https:\/\/www.europesays.com\/es\/334927\/"},"modified":"2026-01-11T12:09:09","modified_gmt":"2026-01-11T12:09:09","slug":"el-nuevo-desencuentro-entre-la-aficion-del-surne-bilbao-y-sito-alonso","status":"publish","type":"post","link":"https:\/\/www.europesays.com\/es\/334927\/","title":{"rendered":"El nuevo desencuentro entre la afici\u00f3n del Surne Bilbao y Sito Alonso"},"content":{"rendered":"<p>\n        <strong>El <\/strong><a href=\"https:\/\/www.deia.eus\/deportes\/bilbao-basket\/\" title=\"Surne Bilbao\" class=\"link copy\" rel=\"nofollow noopener\" target=\"_blank\"><strong>Surne Bilbao<\/strong><\/a><strong> se quit\u00f3 este s\u00e1bado la espina<\/strong> de sus dos \u00faltimas derrotas en Miribilla, ante dos colosos como el <strong>Bar\u00e7a y el Valencia Basket<\/strong>, con una soberbia <strong>victoria <\/strong><a href=\"https:\/\/www.deia.eus\/bilbao-basket\/2026\/01\/10\/surne-bilbao-murcia-harald-frey-desmonta-base-10559632.html\" title=\"(96-82)\" target=\"_blank\" class=\"link copy\" rel=\"nofollow noopener\"><strong>(96-82)<\/strong><\/a><strong> ante el UCAM Murcia<\/strong>, probablemente la mayor sorpresa positiva en cuanto a rendimiento de la actual <a href=\"https:\/\/www.deia.eus\/tags\/liga-endesa\/\" title=\"Liga Endesa\" class=\"link copy\" rel=\"nofollow noopener\" target=\"_blank\">Liga Endesa<\/a>. <strong>El conjunto de Jaume Ponsarnau<\/strong> protagoniz\u00f3 un encuentro tremendamente s\u00f3lido en defensa y con <strong>Harald Frey y Justin Jaworski liderando la parcela ofensiva<\/strong> con colaboraci\u00f3n de <strong>Melwin Pantzar y Martin Krampelj<\/strong> desarbol\u00f3 en la segunda mitad <strong>al conjunto de Sito Alonso<\/strong>, que vivi\u00f3 un nuevo episodio de su ya<strong> tradicional desencuentro con la grada de Miribilla<\/strong> y un p\u00fablico que en el pasado fue el suyo.\n<\/p>\n<blockquote class=\"twitter-tweet\" data-lang=\"es\" wp_automatic_readability=\"5.1593625498008\">\n<p lang=\"es\" dir=\"ltr\">\ud83d\udda4 \u00a1Celebra el \ud835\ude4b\ud835\ude3c\ud835\ude44\u0301\ud835\ude4e \ud835\ude3f\ud835\ude40 \ud835\ude47\ud835\ude3c\ud835\ude4e \ud835\ude48\ud835\ude44\ud835\ude4d\ud835\ude44\ud835\ude3d\ud835\ude44\ud835\ude47\ud835\ude47\ud835\ude3c\ud835\ude4e la victoria de <a href=\"https:\/\/twitter.com\/bilbaobasket?ref_src=twsrc%5Etfw\" rel=\"nofollow noopener\" target=\"_blank\">@bilbaobasket<\/a> para seguir so\u00f1ando con sus opciones de <a href=\"https:\/\/twitter.com\/hashtag\/CopaACB?src=hash&amp;ref_src=twsrc%5Etfw\" rel=\"nofollow noopener\" target=\"_blank\">#CopaACB<\/a>! <a href=\"https:\/\/t.co\/6mZSQ5Ps9w\" rel=\"nofollow\">pic.twitter.com\/6mZSQ5Ps9w<\/a><\/p>\n<p>\u2014 Liga Endesa (@ACBCOM) <a href=\"https:\/\/twitter.com\/ACBCOM\/status\/2010086410163040262?ref_src=twsrc%5Etfw\" rel=\"nofollow noopener\" target=\"_blank\">10 de enero de 2026<\/a><\/p><\/blockquote>\n<p>  Pasado en Bilbao<\/p>\n<p class=\"article-body__text \">\n        Buena parte del Bilbao Arena sigue sin <strong>perdonar a Alonso su extra\u00f1a salida del club.<\/strong> Aterriz\u00f3 en Bilbao aquel <strong>horrible verano de 2014<\/strong> en el que la entidad de Miribilla lleg\u00f3 a quedar<strong> excluida de la ACB<\/strong> por sus dram\u00e1ticos problemas econ\u00f3micos, el siguiente verano<strong> firm\u00f3 una renovaci\u00f3n por cinco temporadas<\/strong>, pero en 2016 abandon\u00f3 el club para h<strong>acerse cargo del banquillo del <\/strong><a href=\"https:\/\/www.deia.eus\/tags\/baskonia\/\" title=\"Baskonia\" class=\"link copy\" rel=\"nofollow noopener\" target=\"_blank\"><strong>Baskonia<\/strong><\/a><strong>. <\/strong>Desde entonces, su regreso a Bilbao como t\u00e9cnico de cualquier conjunto rival es recibida por un sector importante de la afici\u00f3n con <strong>pitos y c\u00e1nticos en su contra.<\/strong>\n<\/p>\n<p>  Pitos y c\u00e1nticos<\/p>\n<p class=\"article-body__text \">\n        Este s\u00e1bado no fue una excepci\u00f3n. En la p<strong>resentaci\u00f3n del UCAM Murcia su nombre recibi\u00f3 una sonora pitada, <\/strong>que tuvo r\u00e9plicas a lo largo del choque, sobre todo en la segunda parte, en la que s<strong>us protestas a los \u00e1rbitros recib\u00edan desde la grada<\/strong> respuesta en forma de c\u00e1nticos como <strong>\u00abSito, pita t\u00fa\u00bb o \u00abSito c\u00e1llate\u00bb.<\/strong> Ante los mismos, el entrenador opt\u00f3 por <strong>gesticular, llev\u00e1ndose un dedo a su oreja derecha<\/strong> con una sonrisa ir\u00f3nica. Posteriormente, cuando su derrota era ya un hecho y <strong>se marchaba a los vestuarios<\/strong> en medio de otra tremenda pitada,<strong> levant\u00f3 los dedos de cada mano, dibujando sendos treses<\/strong>, en lo que en rueda de prensa asegur\u00f3 que era un <strong>\u00abgesto para mi gente\u00bb<\/strong> para poner en valor su <strong>tercer billete copero en cinco a\u00f1os <\/strong>como entrenador del conjunto murciano, algo que ayer consigui\u00f3 de manera matem\u00e1tica pese al <a href=\"https:\/\/live.acb.com\/es\/partidos\/surne-bilbao-vs-ucam-murcia-104586\/estadisticas\" title=\"resultado adverso\" rel=\"nofollow noopener\" target=\"_blank\" class=\"link copy\">resultado adverso<\/a> ante los hombres de negro.\n<\/p>\n<p>  Respeto<\/p>\n<p class=\"article-body__text \">\n        Alonso fue cuestionado sobre estos hechos al t\u00e9rmino de la cita y su <strong>discurso fue tremendamente respetuoso y elegante<\/strong>, elogiando el partido realizado por<a href=\"https:\/\/www.deia.eus\/tags\/jaume-ponsarnau\/\" title=\"Jaume Ponsarnau\" class=\"link copy\" rel=\"nofollow noopener\" target=\"_blank\"> Jaume Ponsarnau<\/a> y sus jugadores. Sobre los gestos del tres, recalc\u00f3 que <strong>\u00abno hago ning\u00fan gesto raro cuando me llaman<\/strong>\u2026 No te voy a decir lo que me han llamado por detr\u00e1s, que hasta el speaker nos ha pedido perd\u00f3n. <strong>Excepto lo de mi madre, que es un tema m\u00e1s complicado<\/strong> cuando insultan a alguien que quiero y no est\u00e1, el resto no me importa. <strong>No tengo ning\u00fan problema, entiendo lo que hacen<\/strong>. Y repito, <strong>para m\u00ed el protagonista es el <\/strong><a href=\"https:\/\/www.deia.eus\/tags\/surne-bilbao-basket\/\" title=\"Surne Bilbao Basket\" class=\"link copy\" rel=\"nofollow noopener\" target=\"_blank\"><strong>Surne Bilbao Basket<\/strong><\/a><strong> <\/strong>y el partido que hacen, que ha sido mejor que el del UCAM Murcia\u00bb.\n<\/p>\n<p class=\"article-photo__footer\">\n            Frey y sus compa\u00f1eros aplauden a la grada de Miribilla.            Markel Fern\u00e1ndez        <\/p>\n<p>  Orgulloso de su pasado<\/p>\n<p class=\"article-body__text \">\n        Adem\u00e1s, argument\u00f3 que <strong>\u00absiempre he estado muy respetuoso con los silbidos constantes de los aficionados del Bilbao Basket<\/strong> tras mi salida de aqu\u00ed. Yo ya he contado la verdad, que solo la conozco yo porque soy el principal protagonista. <strong>Yo he disfrutado mucho aqu\u00ed, much\u00edsimo.<\/strong> No me importa que la gente me silbe y <strong>que me silbe con raz\u00f3n ahora porque hable o porque proteste<\/strong>. Es parte del juego, no es algo que me preocupe. No es algo que me divierta, pero es una cosa que forma parte de mi trabajo. Lo que s\u00ed que tengo muy claro, y lo digo con una tranquilidad absoluta, es que<strong> yo me siento muy orgulloso de haber pertenecido al Bilbao Basket<\/strong> cuando nadie quer\u00eda ser del Bilbao Basket. Cuando yo fich\u00e9 aqu\u00ed, el Bilbao Basket desapareci\u00f3 de la competici\u00f3n y <strong>yo nunca dej\u00e9 tirado al Bilbao Basket <\/strong>y estoy superorgulloso de ello y de la gente que trabaj\u00f3 para sacarlo adelante y siempre lo estar\u00e9. <strong>Bilbao es una ciudad espectacular y Miribilla es espectacular.<\/strong> Lo que pasa es que no me gusta mucho hablar de m\u00ed porque hoy e<strong>l m\u00e9rito verdadero lo tiene Jaume Ponsarnau y el equipo<\/strong>, que ha hecho un trabajo incre\u00edble. Esto es un tema secundario. Respeto a los aficionados\u00bb.\n<\/p>\n<p>  Cari\u00f1o a Bilbao<\/p>\n<p class=\"article-body__text \">\n        Adem\u00e1s, hizo hincapi\u00e9 en que \u00absolo puedo estar agradecido por mis a\u00f1os aqu\u00ed. <strong>Siempre tendr\u00e9 un cari\u00f1o especial a la gente de Bilbao, a todos.<\/strong> Al que me grite, al que me silbe o <strong>al que me dec\u00eda bastardo cuando he llegado ah\u00ed fuera. <\/strong>Me parece bien, de verdad, siempre tendr\u00e1n mi respeto porque aqu\u00ed sacamos adelante algo que no todo el mundo era capaz. Yo r<strong>ecuerdo c\u00f3mo rug\u00eda la grada con la primera bola al aire contra el Fuenlabrada<\/strong> cuando salimos en ACB. Ellos defienden lo suyo, y a m\u00ed me gusta, y yo defiendo al UCAM Murcia, que ahora para m\u00ed es lo m\u00e1s grande\u00bb.\n<\/p>\n<p>            <script async src=\"https:\/\/platform.twitter.com\/widgets.js\" charset=\"utf-8\"><\/script><\/p>\n","protected":false},"excerpt":{"rendered":"El Surne Bilbao se quit\u00f3 este s\u00e1bado la espina de sus dos \u00faltimas derrotas en Miribilla, ante dos&hellip;\n","protected":false},"author":2,"featured_media":334928,"comment_status":"","ping_status":"","sticky":false,"template":"","format":"standard","meta":{"footnotes":""},"categories":[93],"tags":[3437,3732,2601,168,41160,25,24,524,70691,23,167,40205],"class_list":{"0":"post-334927","1":"post","2":"type-post","3":"status-publish","4":"format-standard","5":"has-post-thumbnail","7":"category-deportes","8":"tag-aficion","9":"tag-alonso","10":"tag-bilbao","11":"tag-deportes","12":"tag-desencuentro","13":"tag-es","14":"tag-espana","15":"tag-nuevo","16":"tag-sito","17":"tag-spain","18":"tag-sports","19":"tag-surne"},"share_on_mastodon":{"url":"https:\/\/pubeurope.com\/@es\/115876394572919130","error":""},"_links":{"self":[{"href":"https:\/\/www.europesays.com\/es\/wp-json\/wp\/v2\/posts\/334927","targetHints":{"allow":["GET"]}}],"collection":[{"href":"https:\/\/www.europesays.com\/es\/wp-json\/wp\/v2\/posts"}],"about":[{"href":"https:\/\/www.europesays.com\/es\/wp-json\/wp\/v2\/types\/post"}],"author":[{"embeddable":true,"href":"https:\/\/www.europesays.com\/es\/wp-json\/wp\/v2\/users\/2"}],"replies":[{"embeddable":true,"href":"https:\/\/www.europesays.com\/es\/wp-json\/wp\/v2\/comments?post=334927"}],"version-history":[{"count":0,"href":"https:\/\/www.europesays.com\/es\/wp-json\/wp\/v2\/posts\/334927\/revisions"}],"wp:featuredmedia":[{"embeddable":true,"href":"https:\/\/www.europesays.com\/es\/wp-json\/wp\/v2\/media\/334928"}],"wp:attachment":[{"href":"https:\/\/www.europesays.com\/es\/wp-json\/wp\/v2\/media?parent=334927"}],"wp:term":[{"taxonomy":"category","embeddable":true,"href":"https:\/\/www.europesays.com\/es\/wp-json\/wp\/v2\/categories?post=334927"},{"taxonomy":"post_tag","embeddable":true,"href":"https:\/\/www.europesays.com\/es\/wp-json\/wp\/v2\/tags?post=334927"}],"curies":[{"name":"wp","href":"https:\/\/api.w.org\/{rel}","templated":true}]}}