{"id":334931,"date":"2026-01-11T12:11:09","date_gmt":"2026-01-11T12:11:09","guid":{"rendered":"https:\/\/www.europesays.com\/es\/334931\/"},"modified":"2026-01-11T12:11:09","modified_gmt":"2026-01-11T12:11:09","slug":"no-dejes-de-sonar-cumplimos-el-sueno-de-el-mejor-maestro-de-espana-alberto-padilla","status":"publish","type":"post","link":"https:\/\/www.europesays.com\/es\/334931\/","title":{"rendered":"No dejes de so\u00f1ar | Cumplimos el sue\u00f1o de \u00abEl Mejor Maestro de Espa\u00f1a\u00bb, Alberto Padilla"},"content":{"rendered":"<p><strong>Alberto Padilla<\/strong>, es un destacado docente de educaci\u00f3n infantil conocido cari\u00f1osamente como el \u00ab<strong>Maestro Alberto\u00bb<\/strong> que ha sido\u00a0 nominado durante 5 a\u00f1os consecutivos a mejor docente de Espa\u00f1a.<\/p>\n<p>El jiennense ha sido nominado cinco veces consecutivas a los <strong>Premios ABANCA al Docente del A\u00f1o en Espa\u00f1a<\/strong> por su ingenio al utilizar las canciones y la m\u00fasica para hacer m\u00e1s atractiva la ense\u00f1anza a sus alumnos.\u00a0<\/p>\n<p>Los encargados de concederle su sue\u00f1o son el grupo musical<strong> Ant\u00edlopez<\/strong>, un grupo del que Alberto es un gran admirador. Pero la gran sorpresa de Alberto es el homenaje que le hacen sus alumnos y compa\u00f1eros de trabajo.<\/p>\n<p>\u00a1No te pierdas el v\u00eddeo!<\/p>\n","protected":false},"excerpt":{"rendered":"Alberto Padilla, es un destacado docente de educaci\u00f3n infantil conocido cari\u00f1osamente como el \u00abMaestro Alberto\u00bb que ha sido\u00a0&hellip;\n","protected":false},"author":2,"featured_media":334932,"comment_status":"","ping_status":"","sticky":false,"template":"","format":"standard","meta":{"footnotes":""},"categories":[91],"tags":[76850,76851,76852,146,147,25,24,59826,23],"class_list":{"0":"post-334931","1":"post","2":"type-post","3":"status-publish","4":"format-standard","5":"has-post-thumbnail","7":"category-entretenimiento","8":"tag-alberto-padilla","9":"tag-el-maestro-alberto","10":"tag-el-mejor-maestro-de-espana","11":"tag-entertainment","12":"tag-entretenimiento","13":"tag-es","14":"tag-espana","15":"tag-no-dejes-de-sonar","16":"tag-spain"},"share_on_mastodon":{"url":"https:\/\/pubeurope.com\/@es\/115876402660444894","error":""},"_links":{"self":[{"href":"https:\/\/www.europesays.com\/es\/wp-json\/wp\/v2\/posts\/334931","targetHints":{"allow":["GET"]}}],"collection":[{"href":"https:\/\/www.europesays.com\/es\/wp-json\/wp\/v2\/posts"}],"about":[{"href":"https:\/\/www.europesays.com\/es\/wp-json\/wp\/v2\/types\/post"}],"author":[{"embeddable":true,"href":"https:\/\/www.europesays.com\/es\/wp-json\/wp\/v2\/users\/2"}],"replies":[{"embeddable":true,"href":"https:\/\/www.europesays.com\/es\/wp-json\/wp\/v2\/comments?post=334931"}],"version-history":[{"count":0,"href":"https:\/\/www.europesays.com\/es\/wp-json\/wp\/v2\/posts\/334931\/revisions"}],"wp:featuredmedia":[{"embeddable":true,"href":"https:\/\/www.europesays.com\/es\/wp-json\/wp\/v2\/media\/334932"}],"wp:attachment":[{"href":"https:\/\/www.europesays.com\/es\/wp-json\/wp\/v2\/media?parent=334931"}],"wp:term":[{"taxonomy":"category","embeddable":true,"href":"https:\/\/www.europesays.com\/es\/wp-json\/wp\/v2\/categories?post=334931"},{"taxonomy":"post_tag","embeddable":true,"href":"https:\/\/www.europesays.com\/es\/wp-json\/wp\/v2\/tags?post=334931"}],"curies":[{"name":"wp","href":"https:\/\/api.w.org\/{rel}","templated":true}]}}