{"id":334939,"date":"2026-01-11T12:15:07","date_gmt":"2026-01-11T12:15:07","guid":{"rendered":"https:\/\/www.europesays.com\/es\/334939\/"},"modified":"2026-01-11T12:15:07","modified_gmt":"2026-01-11T12:15:07","slug":"el-ayuntamiento-abre-el-plazo-para-inscribir-mascotas-en-la-bendicion-de-san-anton-que-se-celebrara-el-domingo-dia-18-en-el-gonzalez-hontoria","status":"publish","type":"post","link":"https:\/\/www.europesays.com\/es\/334939\/","title":{"rendered":"El Ayuntamiento abre el plazo para inscribir mascotas en la Bendici\u00f3n de San Ant\u00f3n que se celebrar\u00e1 el domingo d\u00eda 18 en el Gonz\u00e1lez Hontoria"},"content":{"rendered":"<p>El Ayuntamiento de Jerez <strong>abrir\u00e1 este lunes d\u00eda 12 de enero el plazo para la inscripci\u00f3n de mascotas en el acto de bendici\u00f3n de animales de la Festividad de San Ant\u00f3n,<\/strong> que tendr\u00e1 lugar el pr\u00f3ximo domingo d\u00eda 18, a partir de las 10.30 horas, en el Parque Gonz\u00e1lez Hontoria.<\/p>\n<p>La tradicional fiesta de San Ant\u00f3n contar\u00e1 este a\u00f1o con algunas novedades como se estableci\u00f3 en la reuni\u00f3n que han mantenido los responsables del Gobierno municipal en este evento. As\u00ed habr\u00e1 una <strong>serie de exhibiciones en las que tendr\u00e1n especial protagonismo el perro ratonero bodeguero andaluz,<\/strong> los canes entrenados en agility y los que integran el equipo de la unidad de Bomberos. Tambi\u00e9n se ha dado a conocer que <strong>las asociaciones protectoras de animales tendr\u00e1n este a\u00f1o m\u00e1s participaci\u00f3n, <\/strong>al igual que el Consejo Local de Medio Ambiente.<\/p>\n<p>Como novedad este a\u00f1o tambi\u00e9n, los propietarios de mascotas participantes recibir\u00e1n una invitaci\u00f3n al Centro de Conservaci\u00f3n de la Biodiversidad Zoobot\u00e1nico de Jerez al formalizar la inscripci\u00f3n.<\/p>\n<p>Como es tradicional, en este evento no faltar\u00e1n actividades familiares, el desfile de mascotas participantes y la entrega de trofeos y <strong>se celebrar\u00e1 una nueva edici\u00f3n del concurso de dibujo que patrocina la empresa jerezana Bricopinturas<\/strong>, cuyos premios se entregar\u00e1n m\u00e1s adelante en el Ayuntamiento. Junto a la actividad central de la jornada, la bendici\u00f3n de las mascotas, tendr\u00e1 lugar igualmente la lectura de un manifiesto a favor de la protecci\u00f3n animal, as\u00ed como otras actividades de animaci\u00f3n l\u00fadicas y hosteleras, con el objetivo de que esta fiesta siga creciendo en cada edici\u00f3n.<\/p>\n<p>Tambi\u00e9n se ha confirmado la <strong>participaci\u00f3n en este acto de la Real Escuela Andaluza del Arte Ecuestre y de la Banda Municipal de M\u00fasica.<\/strong><\/p>\n<p>A lo largo de la jornada del pr\u00f3ximo lunes el Ayuntamiento activar\u00e1 un enlace en la web de la Delegaci\u00f3n de Fiestas, en el que los propietarios interesados podr\u00e1n acceder al formulario de inscripci\u00f3n hasta el jueves d\u00eda 15 de enero.<\/p>\n","protected":false},"excerpt":{"rendered":"El Ayuntamiento de Jerez abrir\u00e1 este lunes d\u00eda 12 de enero el plazo para la inscripci\u00f3n de mascotas&hellip;\n","protected":false},"author":2,"featured_media":334940,"comment_status":"","ping_status":"","sticky":false,"template":"","format":"standard","meta":{"footnotes":""},"categories":[8],"tags":[17,18,25,24,13,14,11,19,20,9,10,15,16,23,12,21,22],"class_list":{"0":"post-334939","1":"post","2":"type-post","3":"status-publish","4":"format-standard","5":"has-post-thumbnail","7":"category-espana","8":"tag-breaking-news","9":"tag-breakingnews","10":"tag-es","11":"tag-espana","12":"tag-featured-news","13":"tag-featurednews","14":"tag-headlines","15":"tag-latest-news","16":"tag-latestnews","17":"tag-news","18":"tag-noticias","19":"tag-noticias-destacadas","20":"tag-noticiasdestacadas","21":"tag-spain","22":"tag-titulares","23":"tag-ultimas-noticias","24":"tag-ultimasnoticias"},"share_on_mastodon":{"url":"https:\/\/pubeurope.com\/@es\/115876418334655689","error":""},"_links":{"self":[{"href":"https:\/\/www.europesays.com\/es\/wp-json\/wp\/v2\/posts\/334939","targetHints":{"allow":["GET"]}}],"collection":[{"href":"https:\/\/www.europesays.com\/es\/wp-json\/wp\/v2\/posts"}],"about":[{"href":"https:\/\/www.europesays.com\/es\/wp-json\/wp\/v2\/types\/post"}],"author":[{"embeddable":true,"href":"https:\/\/www.europesays.com\/es\/wp-json\/wp\/v2\/users\/2"}],"replies":[{"embeddable":true,"href":"https:\/\/www.europesays.com\/es\/wp-json\/wp\/v2\/comments?post=334939"}],"version-history":[{"count":0,"href":"https:\/\/www.europesays.com\/es\/wp-json\/wp\/v2\/posts\/334939\/revisions"}],"wp:featuredmedia":[{"embeddable":true,"href":"https:\/\/www.europesays.com\/es\/wp-json\/wp\/v2\/media\/334940"}],"wp:attachment":[{"href":"https:\/\/www.europesays.com\/es\/wp-json\/wp\/v2\/media?parent=334939"}],"wp:term":[{"taxonomy":"category","embeddable":true,"href":"https:\/\/www.europesays.com\/es\/wp-json\/wp\/v2\/categories?post=334939"},{"taxonomy":"post_tag","embeddable":true,"href":"https:\/\/www.europesays.com\/es\/wp-json\/wp\/v2\/tags?post=334939"}],"curies":[{"name":"wp","href":"https:\/\/api.w.org\/{rel}","templated":true}]}}