{"id":334951,"date":"2026-01-11T12:26:15","date_gmt":"2026-01-11T12:26:15","guid":{"rendered":"https:\/\/www.europesays.com\/es\/334951\/"},"modified":"2026-01-11T12:26:15","modified_gmt":"2026-01-11T12:26:15","slug":"la-especial-conexion-que-comparten-sara-carbonero-e-isabel-jimenez-mas-alla-de-su-amistad","status":"publish","type":"post","link":"https:\/\/www.europesays.com\/es\/334951\/","title":{"rendered":"La especial conexi\u00f3n que comparten Sara Carbonero e Isabel Jim\u00e9nez, m\u00e1s all\u00e1 de su amistad"},"content":{"rendered":"<p><strong>Sara Carbonero<\/strong> e <strong>Isabel Jim\u00e9nez<\/strong> demuestran que su uni\u00f3n va m\u00e1s all\u00e1 de una inquebrantable amistad, e incluso de la faceta profesional que comparten al frente de la marca Slow Love. Una marca sostenible que fundaron en 2015 y que <a href=\"https:\/\/okdiario.com\/look\/actualidad\/isabel-jimenez-recuerda-como-fue-acompanar-sara-carbonero-sus-peores-momentos-era-fundamental-2404781\" rel=\"nofollow noopener\" target=\"_blank\">diez a\u00f1os despu\u00e9s sigue cosechando \u00e9xitos<\/a>. Y es que uno de los puntos de conexi\u00f3n m\u00e1s especiales que comparten es que ambas son madres de dos ni\u00f1os. Carbonero, de <strong>Mart\u00edn y Lucas<\/strong>, -de 11 y 9 a\u00f1os respectivamente-, y fruto de su relaci\u00f3n con Iker Casillas. Mientras que, por su parte, Isabel tiene dos ni\u00f1os llamados <strong>Hugo y Daniel<\/strong>, -de 6 y 4 a\u00f1os-, junto a su exmarido, \u00c1lex Cruz, del que precisamente se ha separado este a\u00f1o.<\/p>\n<p>Adem\u00e1s, da la casualidad de que los peque\u00f1os Mart\u00edn y Daniel cumplen a\u00f1os el mismo d\u00eda, nada menos que el pr\u00f3ximo 3 de enero. Un d\u00eda en el que las dos amigas pueden celebrar por todo lo alto este v\u00ednculo tan especial que seguramente habr\u00e1n sabido inculcar a sus hijos. Pero, \u00bfc\u00f3mo se ha forjado esta amistad tan especial?<\/p>\n<p>\n<img decoding=\"async\" loading=\"lazy\" class=\"wp-image-2458938 size-full\" alt=\"Sara Carbonero e Isabel Jime\u0301nez durante un evento de 'Slow Love'. (Foto: Gtres)\" width=\"1646\" height=\"2560\"  src=\"https:\/\/www.europesays.com\/es\/wp-content\/uploads\/2025\/12\/placeholder.jpg\"  bad-src=\"https:\/\/www.europesays.com\/es\/wp-content\/uploads\/2025\/12\/placeholder.jpg\"\/><\/p>\n<p><img decoding=\"async\" loading=\"lazy\" class=\"wp-image-2458938 size-full\" src=\"https:\/\/www.europesays.com\/es\/wp-content\/uploads\/2026\/01\/sara-carbonero-e-isabel-jimenez-scaled.jpg\" alt=\"Sara Carbonero e Isabel Jime\u0301nez durante un evento de 'Slow Love'. (Foto: Gtres)\" width=\"1646\" height=\"2560\"  \/><\/p>\n<p> Sara Carbonero e Isabel Jime\u0301nez durante un evento de \u2018Slow Love\u2019. (Foto: Gtres)\n<\/p>\n<p>Los caminos de ambas periodista<strong>s se cruzaban por primera vez en 2008 en los pasillos de Telecinco<\/strong>, donde Jim\u00e9nez presentaba los Informativos. Sin embargo, lejos de lo que cabr\u00eda esperar, este no fue muy agradable que digamos. As\u00ed lo recordaba la propia Isabel durante su paso por el programa Mart\u00ednez y Hermanos. Y es que, seg\u00fan explicaba la presentadora, su primera impresi\u00f3n de Carbonero no fue la mejor.<\/p>\n<p>\n<img decoding=\"async\" loading=\"lazy\" class=\"size-medium wp-image-2458951\" alt=\"Sara Carbonero e Isabel Jime\u0301nez durante un evento. (Foto: Gtres)\" width=\"620\" height=\"349\"  src=\"https:\/\/www.europesays.com\/es\/wp-content\/uploads\/2025\/12\/placeholder.jpg\"  bad-src=\"https:\/\/www.europesays.com\/es\/wp-content\/uploads\/2025\/12\/placeholder.jpg\"\/><\/p>\n<p><img decoding=\"async\" loading=\"lazy\" class=\"size-medium wp-image-2458951\" src=\"https:\/\/www.europesays.com\/es\/wp-content\/uploads\/2026\/01\/sara-carbonero-e-isabel-jimenez-durante-un-evento-620x349.jpg\" alt=\"Sara Carbonero e Isabel Jime\u0301nez durante un evento. (Foto: Gtres)\" width=\"620\" height=\"349\"  \/><\/p>\n<p> Sara Carbonero e Isabel Jime\u0301nez durante un evento. (Foto: Gtres)\n<\/p>\n<p>As\u00ed naci\u00f3 la amistad entre Sara Carbonero e Isabel Jim\u00e9nez<\/p>\n<p>\u00abYo estaba lista para el Informativo y llega\u00a0Sara Carbonero, a quien todos conoc\u00edan. Se sienta, me mira y solo dice \u00abHola\u00bb, cont\u00f3 entre risas. Sin embargo, Sara aseguraba que su actitud vino a ra\u00edz de lo mucho que le impon\u00eda la presencia de Isabel. \u00abMe impuso mucho sentarme a su lado\u00bb, reconoc\u00eda.<\/p>\n<p>Finalmente, una breve conversaci\u00f3n en la sala de maquillaje fue m\u00e1s que suficiente para que rompiesen el hielo. <strong>\u00abDesde ese d\u00eda no nos hemos separado\u00bb<\/strong>, desvelaba Sara. Lo que defini\u00f3 como un verdadero \u00abflechazo\u00bb, que sellaba para siempre una amistad inquebrantable.<a href=\"https:\/\/okdiario.com\/look\/actualidad\/isabel-jimenez-rescata-sara-carbonero-momento-incomodo-no-querer-atender-prensa-2436201\" rel=\"nofollow noopener\" target=\"_blank\"> \u00abSupe que ser\u00eda mi amiga desde el primer momento\u00bb<\/a>, apuntaba Carbonero. Y no se equivocaba, puesto que a lo largo de los a\u00f1os la periodista la ha acompa\u00f1ado en algunos de los peores momentos de su vida. Por ejemplo, durante su medi\u00e1tica separaci\u00f3n con Casillas y tambi\u00e9n el dur\u00edsimo diagnostico de c\u00e1ncer al que se enfrent\u00f3 en 2019.<\/p>\n<p>\n<img decoding=\"async\" loading=\"lazy\" class=\"wp-image-2458954 size-full\" alt=\"Isabel Jime\u0301nez y Sara Carbonero posando en un photocall. (Foto: Gtres)\" width=\"1646\" height=\"2560\"  src=\"https:\/\/www.europesays.com\/es\/wp-content\/uploads\/2025\/12\/placeholder.jpg\"  bad-src=\"https:\/\/www.europesays.com\/es\/wp-content\/uploads\/2025\/12\/placeholder.jpg\"\/><\/p>\n<p><img decoding=\"async\" loading=\"lazy\" class=\"wp-image-2458954 size-full\" src=\"https:\/\/www.europesays.com\/es\/wp-content\/uploads\/2026\/01\/isabel-jimenez-y-sara-carbonero-posando-en-un-photocall-scaled.jpg\" alt=\"Isabel Jime\u0301nez y Sara Carbonero posando en un photocall. (Foto: Gtres)\" width=\"1646\" height=\"2560\"  \/><\/p>\n<p> Isabel Jime\u0301nez y Sara Carbonero posando en un photocall. (Foto: Gtres)\n<\/p>\n<p>Es m\u00e1s, ha habido ocasiones en las que Isabel no ha podido contener la emoci\u00f3n al hablar de su amiga, a la que quiere como una \u00abhermana\u00bb. As\u00ed, las dos han estado tanto para bien como para mal.<\/p>\n","protected":false},"excerpt":{"rendered":"Sara Carbonero e Isabel Jim\u00e9nez demuestran que su uni\u00f3n va m\u00e1s all\u00e1 de una inquebrantable amistad, e incluso&hellip;\n","protected":false},"author":2,"featured_media":334952,"comment_status":"","ping_status":"","sticky":false,"template":"","format":"standard","meta":{"footnotes":""},"categories":[174],"tags":[255,146,147,25,24,256,76854,23],"class_list":{"0":"post-334951","1":"post","2":"type-post","3":"status-publish","4":"format-standard","5":"has-post-thumbnail","7":"category-famosos","8":"tag-celebrities","9":"tag-entertainment","10":"tag-entretenimiento","11":"tag-es","12":"tag-espana","13":"tag-famosos","14":"tag-sara-carbonero-e-isabel-jimenez-conexion","15":"tag-spain"},"share_on_mastodon":{"url":"https:\/\/pubeurope.com\/@es\/115876461660992441","error":""},"_links":{"self":[{"href":"https:\/\/www.europesays.com\/es\/wp-json\/wp\/v2\/posts\/334951","targetHints":{"allow":["GET"]}}],"collection":[{"href":"https:\/\/www.europesays.com\/es\/wp-json\/wp\/v2\/posts"}],"about":[{"href":"https:\/\/www.europesays.com\/es\/wp-json\/wp\/v2\/types\/post"}],"author":[{"embeddable":true,"href":"https:\/\/www.europesays.com\/es\/wp-json\/wp\/v2\/users\/2"}],"replies":[{"embeddable":true,"href":"https:\/\/www.europesays.com\/es\/wp-json\/wp\/v2\/comments?post=334951"}],"version-history":[{"count":0,"href":"https:\/\/www.europesays.com\/es\/wp-json\/wp\/v2\/posts\/334951\/revisions"}],"wp:featuredmedia":[{"embeddable":true,"href":"https:\/\/www.europesays.com\/es\/wp-json\/wp\/v2\/media\/334952"}],"wp:attachment":[{"href":"https:\/\/www.europesays.com\/es\/wp-json\/wp\/v2\/media?parent=334951"}],"wp:term":[{"taxonomy":"category","embeddable":true,"href":"https:\/\/www.europesays.com\/es\/wp-json\/wp\/v2\/categories?post=334951"},{"taxonomy":"post_tag","embeddable":true,"href":"https:\/\/www.europesays.com\/es\/wp-json\/wp\/v2\/tags?post=334951"}],"curies":[{"name":"wp","href":"https:\/\/api.w.org\/{rel}","templated":true}]}}