{"id":335004,"date":"2026-01-11T13:02:14","date_gmt":"2026-01-11T13:02:14","guid":{"rendered":"https:\/\/www.europesays.com\/es\/335004\/"},"modified":"2026-01-11T13:02:14","modified_gmt":"2026-01-11T13:02:14","slug":"alta-tension-en-los-vestuarios-del-andorra-eres-un-payaso","status":"publish","type":"post","link":"https:\/\/www.europesays.com\/es\/335004\/","title":{"rendered":"Alta tensi\u00f3n en los vestuarios del Andorra: \u00abEres un payaso\u00bb"},"content":{"rendered":"<p data-gtm-element-container=\"modulo-texto-link\" class=\"paragraph\">El <strong>Andorra-Cultural Leonesa<\/strong> tuvo de todo en el d\u00eda de ayer. Primero tuvo que empezar dos horas y cuarto m\u00e1s tarde del horario previsto por la nieve existente en el Estadio Nacional de <strong>Andorra.<\/strong> El encuentro concluy\u00f3 con empate a uno y adem\u00e1s dej\u00f3 un triste incidente entre los entrenadores de ambos equipos a la conclusi\u00f3n del encuentro y cuando se encontraban en el t\u00fanel de vestuarios.<\/p>\n<p data-gtm-element-container=\"modulo-texto-link\" class=\"paragraph\">As\u00ed lo recoge el acta del colegiado del encuentro, <strong>Sa\u00fal Ais Reig,<\/strong> adem\u00e1s de la expulsi\u00f3n del fisioterapeuta del club andorrano. Seg\u00fan el escrito, tanto <strong>Carles Manso<\/strong> como<strong> Jos\u00e9 \u00c1ngel &#8216;Cuco&#8217; Ziganda<\/strong> fueron amonestados.<\/p>\n<p data-gtm-element-container=\"modulo-texto-link\" class=\"paragraph\">El primero, el t\u00e9cnico andorrano: \u00abA instancias de mi \u00e1rbitro asistente n\u00famero uno, por discutir con el entrenador adversario, sin que mediara insulto ni amenaza. Los hechos ocurrieron una vez finalizado el partido, en el t\u00fanel de vestuarios.\u00bb<\/p>\n<p data-gtm-element-container=\"modulo-texto-link\" class=\"paragraph\">En el caso del t\u00e9cnico del equipo leon\u00e9s, por id\u00e9ntica circunstancia: \u00abFue amonestado, a instancias de mi \u00e1rbitro asistente n\u00famero uno, por discutir con el entrenador adversario, sin que mediara insulto ni amenaza. Los hechos ocurrieron una vez finalizado el partido, en el t\u00fanel de vestuarios.\u00bb<\/p>\n<p>    Lee tambi\u00e9n<\/p>\n<p data-gtm-element-container=\"modulo-texto-link\" class=\"paragraph\">Pero adem\u00e1s el acta arbitral recoge la expulsi\u00f3n del fisioterapeuta del Andorra, <strong>Pere Tarradellas Ricart<\/strong>. Seg\u00fan el escrito, fue por llamar payaso a <strong>Ziganda<\/strong>: \u00abFue expulsado, a instancias de mi \u00e1rbitro asistente n\u00famero uno, por dirigirse al entrenador adversario en los siguientes t\u00e9rminos: \u201cEres un payaso\u201d. Esta acci\u00f3n se produjo con posterioridad al incidente anteriormente descrito y tambi\u00e9n en el t\u00fanel de vestuarios.\u00bb Redacci\u00f3n que supondr\u00e1 que ser\u00e1 sancionado como m\u00ednimo con un encuentro por el Comit\u00e9 de Disciplina.<\/p>\n","protected":false},"excerpt":{"rendered":"El Andorra-Cultural Leonesa tuvo de todo en el d\u00eda de ayer. Primero tuvo que empezar dos horas y&hellip;\n","protected":false},"author":2,"featured_media":335005,"comment_status":"","ping_status":"","sticky":false,"template":"","format":"standard","meta":{"footnotes":""},"categories":[5],"tags":[17,18,25,24,13,14,11,19,20,9,10,15,16,23,12,21,22],"class_list":{"0":"post-335004","1":"post","2":"type-post","3":"status-publish","4":"format-standard","5":"has-post-thumbnail","7":"category-titulares","8":"tag-breaking-news","9":"tag-breakingnews","10":"tag-es","11":"tag-espana","12":"tag-featured-news","13":"tag-featurednews","14":"tag-headlines","15":"tag-latest-news","16":"tag-latestnews","17":"tag-news","18":"tag-noticias","19":"tag-noticias-destacadas","20":"tag-noticiasdestacadas","21":"tag-spain","22":"tag-titulares","23":"tag-ultimas-noticias","24":"tag-ultimasnoticias"},"share_on_mastodon":{"url":"https:\/\/pubeurope.com\/@es\/115876603007667997","error":""},"_links":{"self":[{"href":"https:\/\/www.europesays.com\/es\/wp-json\/wp\/v2\/posts\/335004","targetHints":{"allow":["GET"]}}],"collection":[{"href":"https:\/\/www.europesays.com\/es\/wp-json\/wp\/v2\/posts"}],"about":[{"href":"https:\/\/www.europesays.com\/es\/wp-json\/wp\/v2\/types\/post"}],"author":[{"embeddable":true,"href":"https:\/\/www.europesays.com\/es\/wp-json\/wp\/v2\/users\/2"}],"replies":[{"embeddable":true,"href":"https:\/\/www.europesays.com\/es\/wp-json\/wp\/v2\/comments?post=335004"}],"version-history":[{"count":0,"href":"https:\/\/www.europesays.com\/es\/wp-json\/wp\/v2\/posts\/335004\/revisions"}],"wp:featuredmedia":[{"embeddable":true,"href":"https:\/\/www.europesays.com\/es\/wp-json\/wp\/v2\/media\/335005"}],"wp:attachment":[{"href":"https:\/\/www.europesays.com\/es\/wp-json\/wp\/v2\/media?parent=335004"}],"wp:term":[{"taxonomy":"category","embeddable":true,"href":"https:\/\/www.europesays.com\/es\/wp-json\/wp\/v2\/categories?post=335004"},{"taxonomy":"post_tag","embeddable":true,"href":"https:\/\/www.europesays.com\/es\/wp-json\/wp\/v2\/tags?post=335004"}],"curies":[{"name":"wp","href":"https:\/\/api.w.org\/{rel}","templated":true}]}}