{"id":335055,"date":"2026-01-11T13:44:09","date_gmt":"2026-01-11T13:44:09","guid":{"rendered":"https:\/\/www.europesays.com\/es\/335055\/"},"modified":"2026-01-11T13:44:09","modified_gmt":"2026-01-11T13:44:09","slug":"un-ajuste-al-reloj-molecular-podria-resolver-un-enigma-de-30-millones-de-anos","status":"publish","type":"post","link":"https:\/\/www.europesays.com\/es\/335055\/","title":{"rendered":"Un ajuste al reloj molecular podr\u00eda resolver un enigma de 30 millones de a\u00f1os"},"content":{"rendered":"<p><img alt=\"La nueva teor\u00eda sobre el\" class=\"global-image\" decoding=\"async\" fetchpriority=\"high\" height=\"1024\" loading=\"eager\" src=\"https:\/\/www.europesays.com\/es\/wp-content\/uploads\/2026\/01\/5MZDW4J5CVBQDISRYYR4VKPCS4.png\" width=\"1536\"\/>La nueva teor\u00eda sobre el reloj molecular cuestiona la velocidad constante de la evoluci\u00f3n y su impacto en la biodiversidad (Imagen Ilustrativa Infobae)<\/p>\n<p class=\"paragraph\">En 540 millones de a\u00f1os de historia, <b>la <\/b><a rel=\"noopener noreferrer nofollow\" href=\"https:\/\/www.infobae.com\/america\/ciencia-america\/2025\/11\/18\/el-origen-de-la-vida-en-la-tierra-es-mucho-mas-antiguo-de-lo-que-se-creia-segun-un-analisis-con-ia\/\" target=\"_blank\" title=\"https:\/\/www.infobae.com\/america\/ciencia-america\/2025\/11\/18\/el-origen-de-la-vida-en-la-tierra-es-mucho-mas-antiguo-de-lo-que-se-creia-segun-un-analisis-con-ia\/\"><b>vida en la Tierra<\/b><\/a><b> experiment\u00f3 transformaciones profundas<\/b>. La explosi\u00f3n c\u00e1mbrica, ese periodo en que surgieron de forma repentina especies con estructuras corporales complejas, sigue fascinando a la ciencia. <\/p>\n<p class=\"paragraph\">Diversos organismos, desde ancestros de estrellas de mar hasta artr\u00f3podos semejantes a crust\u00e1ceos, surgieron pr\u00e1cticamente de la nada en los registros f\u00f3siles, generando preguntas clave sobre el <b>origen y desarrollo de la <\/b><a rel=\"noopener noreferrer nofollow\" href=\"https:\/\/www.infobae.com\/espana\/2026\/01\/01\/el-descubrimiento-de-especies-en-el-planeta-rompe-records-y-quedan-miles-por-conocer-segun-un-estudio-la-biodiversidad-total-podria-ser-superior-a-la-ya-registrada\/\" target=\"_blank\" title=\"https:\/\/www.infobae.com\/espana\/2026\/01\/01\/el-descubrimiento-de-especies-en-el-planeta-rompe-records-y-quedan-miles-por-conocer-segun-un-estudio-la-biodiversidad-total-podria-ser-superior-a-la-ya-registrada\/\"><b>biodiversidad actual<\/b><\/a><b>.<\/b><\/p>\n<p class=\"paragraph\">El paleont\u00f3logo<b> Graham Budd<\/b> y el matem\u00e1tico <b>Richard Mann<\/b> presentaorn una investigaci\u00f3n que reinterpreta el funcionamiento del <b>reloj molecular<\/b>, herramienta esencial para datar los grandes hitos evolutivos. Su trabajo, publicado en la revista Systematic Biology, sostiene que <b>la velocidad de los cambios gen\u00e9ticos no se mantiene siempre constante<\/b>. <\/p>\n<p class=\"paragraph\">El experto propone, en cambio, que <b>la tasa de mutaci\u00f3n puede variar seg\u00fan el contexto biol\u00f3gico<\/b>, lo que transforma la comprensi\u00f3n del surgimiento de las especies.<\/p>\n<p><img alt=\"Una investigaci\u00f3n publicada en Systematic\" class=\"global-image\" decoding=\"async\" fetchpriority=\"low\" height=\"768\" loading=\"lazy\" src=\"https:\/\/www.europesays.com\/es\/wp-content\/uploads\/2026\/01\/5PMM3VRVH5ATHEIRX4LGC7UY3Q.png\" width=\"1408\"\/>Una investigaci\u00f3n publicada en Systematic Biology replantea la acumulaci\u00f3n regular de mutaciones gen\u00e9ticas que define los grandes hitos evolutivos (Imagen Ilustrativa Infobae)<\/p>\n<p class=\"paragraph\">Profesionales del \u00e1reas en zoolog\u00eda y anatom\u00eda debatieron durante d\u00e9cadas sobre la <b>supuesta brecha de 30 millones de a\u00f1os entre los f\u00f3siles m\u00e1s antiguos y las estimaciones gen\u00e9ticas<\/b>. <\/p>\n<p class=\"paragraph\">Seg\u00fan <b>Max Telford<\/b>, profesor de la University College London, la teor\u00eda tradicional suger\u00eda que las primeras formas de vida compleja debieron aparecer hace unos 570 millones de a\u00f1os, pero los f\u00f3siles m\u00e1s antiguos solo datan de 540 millones de a\u00f1os atr\u00e1s.<\/p>\n<p class=\"paragraph\">De acuerdo con la investigaci\u00f3n liderada por Budd y Mann, y replicada en National Geographic,<b> la explicaci\u00f3n no radica en la ausencia de f\u00f3siles, sino en la calibraci\u00f3n del reloj molecular.<\/b> El modelo cl\u00e1sico asum\u00eda que las mutaciones gen\u00e9ticas se acumulaban a un ritmo constante, como si el tiempo evolutivo avanzara con la regularidad de un reloj de pared. <\/p>\n<p><img alt=\"El ajuste propuesto al reloj\" class=\"global-image\" decoding=\"async\" fetchpriority=\"low\" height=\"1024\" loading=\"lazy\" src=\"https:\/\/www.europesays.com\/es\/wp-content\/uploads\/2026\/01\/CF7X5AOQVFG2RCOAW5VR43X7QE.png\" width=\"1536\"\/>El ajuste propuesto al reloj molecular permite interpretar la explosi\u00f3n c\u00e1mbrica y la aparici\u00f3n repentina de formas de vida complejas en el registro f\u00f3sil (Imagen Ilustrativa Infobae)<\/p>\n<p class=\"paragraph\">Sin embargo, el equipo cient\u00edfico propuso que, en los primeros millones de a\u00f1os tras la aparici\u00f3n de un nuevo grupo de organismos,<b> la evoluci\u00f3n podr\u00eda acelerarse significativamente.<\/b><\/p>\n<p class=\"paragraph\">Este ajuste permite entender por qu\u00e9 el registro f\u00f3sil muestra una aparici\u00f3n repentina de formas de vida complejas. Seg\u00fan los autores, <b>la maquinaria gen\u00e9tica habr\u00eda cambiado de forma mucho m\u00e1s veloz de lo que se estimaba hasta ahora<\/b>. <\/p>\n<p class=\"paragraph\">As\u00ed, la diversificaci\u00f3n de las principales ramas del \u00e1rbol de la vida, como moluscos o vertebrados, se habr\u00eda producido en periodos breves, eliminando la necesidad de suponer una multitud de especies invisibles para la paleontolog\u00eda.<\/p>\n<p class=\"paragraph\">La nueva hip\u00f3tesis sincroniza los datos gen\u00e9ticos con las evidencias geol\u00f3gicas. Para Budd y Mann, <b>la variabilidad en la velocidad de mutaci\u00f3n explica la repentina abundancia de formas complejas en el registro f\u00f3sil<\/b>, pues el ritmo de cambio se habr\u00eda disparado en momentos clave.<\/p>\n<p><img alt=\"La aceleraci\u00f3n evolutiva en los\" class=\"global-image\" decoding=\"async\" fetchpriority=\"low\" height=\"1024\" loading=\"lazy\" src=\"https:\/\/www.europesays.com\/es\/wp-content\/uploads\/2026\/01\/ACRZLWQ4ONB5VGOGHCIME76R3U.png\" width=\"1536\"\/>La aceleraci\u00f3n evolutiva en los primeros millones de a\u00f1os tras la aparici\u00f3n de organismos clave explica la diversificaci\u00f3n de vertebrados y moluscos (Imagen Ilustrativa Infobae)<\/p>\n<p class=\"paragraph\">La posibilidad de validar este modelo abre nuevas perspectivas para interpretar otros grandes enigmas evolutivos. Seg\u00fan National Geographic, si la teor\u00eda resulta cierta, <b>debates hist\u00f3ricos sobre el origen de las plantas con flores o el desarrollo de los primates podr\u00edan encontrar respuestas m\u00e1s precisas<\/b>.<\/p>\n<p class=\"paragraph\">El ajuste del reloj molecular tambi\u00e9n ayudar\u00eda a explicar otros fen\u00f3menos. Por ejemplo, la disparidad entre la edad gen\u00e9tica estimada para ciertos grupos y la antig\u00fcedad de sus f\u00f3siles podr\u00eda deberse a estas aceleraciones evolutivas. <\/p>\n<p class=\"paragraph\">De acuerdo con la revista Systematic Biology, <b>la clave estar\u00eda en identificar cu\u00e1ndo y por qu\u00e9 se producen estos picos de velocidad en la evoluci\u00f3n<\/b>.<\/p>\n<p><img alt=\"El modelo de Budd y\" class=\"global-image\" decoding=\"async\" fetchpriority=\"low\" height=\"1066\" loading=\"lazy\" src=\"https:\/\/www.europesays.com\/es\/wp-content\/uploads\/2026\/01\/5QTZHGAW6RCHFGHJFNYFDYVDDU.jpeg\" width=\"1600\"\/>El modelo de Budd y Mann sincroniza datos gen\u00e9ticos y evidencias geol\u00f3gicas, eliminando la necesidad de suponer especies invisibles en la paleontolog\u00eda (cr\u00e9dito SGC)<\/p>\n<p class=\"paragraph\">El debate cient\u00edfico contin\u00faa abierto. <b>Investigadores de distintos campos analizan los resultados y discuten la validez estad\u00edstica <\/b>de los modelos propuestos. Sin embargo, la propuesta de Budd y Mann representa un paso relevante para comprender c\u00f3mo la vida se diversific\u00f3 en la Tierra y c\u00f3mo los m\u00e9todos para estudiar el pasado deben adaptarse a nuevas evidencias.<\/p>\n<p class=\"paragraph\">Hasta ahora, la diferencia de 30 millones de a\u00f1os entre las estimaciones gen\u00e9ticas y los f\u00f3siles m\u00e1s antiguos llevaba a suponer la existencia de organismos blandos o diminutos, incapaces de fosilizarse. <\/p>\n<p class=\"paragraph\">De acuerdo con Max Telford, esta hip\u00f3tesis se sosten\u00eda por la dificultad para encontrar rastros de seres tan fr\u00e1giles. Sin embargo, <b>la teor\u00eda del reloj molecular variable elimina la necesidad de especies invisibles<\/b>, enfocando la atenci\u00f3n en los procesos internos de la evoluci\u00f3n.<\/p>\n<p><img alt=\"El modelo de Budd y\" class=\"global-image\" decoding=\"async\" fetchpriority=\"low\" height=\"4335\" loading=\"lazy\" src=\"https:\/\/www.europesays.com\/es\/wp-content\/uploads\/2026\/01\/2CAJ64XNSJDJPKHVPSHNZDIV4Y.JPG\" width=\"6500\"\/>El modelo de Budd y Mann sincroniza datos gen\u00e9ticos y evidencias geol\u00f3gicas, eliminando la necesidad de suponer especies invisibles en la paleontolog\u00eda (REUTERS\/Diego Vara)<\/p>\n<p class=\"paragraph\">La revisi\u00f3n del reloj molecular no solo resuelve la brecha temporal, sino que propone una visi\u00f3n m\u00e1s din\u00e1mica del desarrollo de la vida. Si la comunidad cient\u00edfica logra consensuar en torno a este nuevo modelo, <b>la paleontolog\u00eda y la gen\u00e9tica evolutiva podr\u00edan experimentar una transformaci\u00f3n significativa.<\/b><\/p>\n<p class=\"paragraph\">Por el momento, los hallazgos invitan a reconsiderar c\u00f3mo se cuentan los tiempos en la historia de la vida. Nuevas investigaciones deber\u00e1n confirmar si la evoluci\u00f3n realmente avanza a distintas velocidades y c\u00f3mo este fen\u00f3meno afecta la interpretaci\u00f3n de los registros f\u00f3siles.<\/p>\n","protected":false},"excerpt":{"rendered":"La nueva teor\u00eda sobre el reloj molecular cuestiona la velocidad constante de la evoluci\u00f3n y su impacto en&hellip;\n","protected":false},"author":2,"featured_media":335056,"comment_status":"","ping_status":"","sticky":false,"template":"","format":"standard","meta":{"footnotes":""},"categories":[81],"tags":[119,123,124,25,24,76867,6057,8245,23322,3258,5752,76865,117,121,122,23,118,120,159,76866],"class_list":{"0":"post-335055","1":"post","2":"type-post","3":"status-publish","4":"format-standard","5":"has-post-thumbnail","7":"category-ciencia-y-tecnologia","8":"tag-ciencia","9":"tag-ciencia-y-tecnologia","10":"tag-cienciaytecnologia","11":"tag-es","12":"tag-espana","13":"tag-estrella-de-mar","14":"tag-evolucion","15":"tag-fosiles","16":"tag-geologia","17":"tag-molecula","18":"tag-paleontologia","19":"tag-reloj-antiguo","20":"tag-science","21":"tag-science-and-technology","22":"tag-scienceandtechnology","23":"tag-spain","24":"tag-technology","25":"tag-tecnologia","26":"tag-tiempo","27":"tag-trilobites"},"share_on_mastodon":{"url":"https:\/\/pubeurope.com\/@es\/115876769385569419","error":""},"_links":{"self":[{"href":"https:\/\/www.europesays.com\/es\/wp-json\/wp\/v2\/posts\/335055","targetHints":{"allow":["GET"]}}],"collection":[{"href":"https:\/\/www.europesays.com\/es\/wp-json\/wp\/v2\/posts"}],"about":[{"href":"https:\/\/www.europesays.com\/es\/wp-json\/wp\/v2\/types\/post"}],"author":[{"embeddable":true,"href":"https:\/\/www.europesays.com\/es\/wp-json\/wp\/v2\/users\/2"}],"replies":[{"embeddable":true,"href":"https:\/\/www.europesays.com\/es\/wp-json\/wp\/v2\/comments?post=335055"}],"version-history":[{"count":0,"href":"https:\/\/www.europesays.com\/es\/wp-json\/wp\/v2\/posts\/335055\/revisions"}],"wp:featuredmedia":[{"embeddable":true,"href":"https:\/\/www.europesays.com\/es\/wp-json\/wp\/v2\/media\/335056"}],"wp:attachment":[{"href":"https:\/\/www.europesays.com\/es\/wp-json\/wp\/v2\/media?parent=335055"}],"wp:term":[{"taxonomy":"category","embeddable":true,"href":"https:\/\/www.europesays.com\/es\/wp-json\/wp\/v2\/categories?post=335055"},{"taxonomy":"post_tag","embeddable":true,"href":"https:\/\/www.europesays.com\/es\/wp-json\/wp\/v2\/tags?post=335055"}],"curies":[{"name":"wp","href":"https:\/\/api.w.org\/{rel}","templated":true}]}}