{"id":335119,"date":"2026-01-11T14:32:10","date_gmt":"2026-01-11T14:32:10","guid":{"rendered":"https:\/\/www.europesays.com\/es\/335119\/"},"modified":"2026-01-11T14:32:10","modified_gmt":"2026-01-11T14:32:10","slug":"cuarta-jornada-de-protestas-de-los-agricultores-en-cataluna","status":"publish","type":"post","link":"https:\/\/www.europesays.com\/es\/335119\/","title":{"rendered":"Cuarta jornada de protestas de los agricultores en Catalu\u00f1a"},"content":{"rendered":"<p>Agricultores y ganaderos suman este domingo cuatro jornadas de movilizaciones en Catalu\u00f1a en contra del tratado de libre comercio entre la UE y el Mercosur, que los pa\u00edses europeos tienen previsto <a href=\"https:\/\/www.rtve.es\/noticias\/20260109\/paises-union-europea-alcanzan-mayoria-para-aprobar-acuerdo-del-mercosur\/16888110.shtml\" target=\"_blank\" rel=\"nofollow noopener\">firmar el pr\u00f3ximo 17 de enero en Paraguay<\/a>.<\/p>\n<p>\u00ab<strong>No podemos garantizar que las importaciones vayan a cumplir las normativas internas de la UE<\/strong> y esto perjudica de una manera muy clara a los agricultores y ganaderos, y al consumidor que no va a poder tener las mismas garant\u00edas que con una producci\u00f3n hecha aqu\u00ed\u00bb, ha denunciado en el canal 24 horas Andoni Garc\u00eda, responsable de la Coordinadora de Organizaciones de Agricultores y Ganaderos (COAG).<\/p>\n<p>Convocados por el colectivo Revolta Pagesa, mantienen los <strong>cortes de tr\u00e1fico en la AP-7 y la N-II<\/strong>, ambas en la provincia de Girona; en la C-16, a la altura de Berga (Barcelona), y tambi\u00e9n siguen bloqueando el acceso al Puerto de Tarragona.<\/p>\n<p>A pesar de los intentos de mediaci\u00f3n del departamento de Agricultura de la Generalitat, que ha ofrecido a los agricultores una reuni\u00f3n con el presidente de la Generalitat, Salvador Illa, los manifestantes insisten en poder hablar directamente con el <strong>ministro de Agricultura<\/strong>, Luis Planas.<\/p>\n<p>Fuentes de Revolta Pagesa, que en septiembre de 2024 se constituy\u00f3 como Gremi de la Pagesia Catalana, han informado a Efe que por el momento <strong>no hay calendario para desconvocar las protestas<\/strong>. Estas fuentes han a\u00f1adido que el hecho de que Revolta Pagesa no forme parte de las mesas agrarias espa\u00f1olas es uno de los argumentos que se trasladan desde el ministerio para justificar que se canalice el di\u00e1logo a trav\u00e9s de la Generalitat.<\/p>\n<p>Tractores bloquean el paso fronterizo con Francia en el Coll d\u2019Ares<\/p>\n<p>En el caso de la AP-7, la protesta de los agricultores mantiene <strong>cortada en ambos sentidos el tramo de esta autopista que va de Borrass\u00e0 a Vilademuls<\/strong>, por lo que hay desv\u00edos se\u00f1alizados para evitar dicho tramo. Tambi\u00e9n sigue cortada la N-II entre B\u00e0scara y Pont\u00f3s, aunque tambi\u00e9n hay desv\u00edos se\u00f1alizados en este tramo.<\/p>\n<p>Asimismo, los agricultores mantienen con sus tractores bloqueado el paso fronterizo con Francia en el Coll d\u2019Ares, en la C-38, con la restricci\u00f3n del paso a los camiones.<\/p>\n<p>Tambi\u00e9n sigue <strong>cortada la C-16, en ambos sentidos, entre Casserres y Berga<\/strong>, una importante v\u00eda de acceso a la Cerdanya en la temporada de invierno, y se hacen desv\u00edos por la C-16z. Asimismo, los <strong>tractores bloquean el acceso al Puerto de Tarragona, en la A-27<\/strong>.<\/p>\n<p>Mientras, en <strong>Tarragona los agricultores han colapsado el centro de la ciudad<\/strong> con una manifestaci\u00f3n con una treintena de tractores y veh\u00edculos. Uno de sus portavoces Ramon Rojo ha se\u00f1alado que el acuerdo UE-Mercosur es perjudicial para los agricultores y tambi\u00e9n para la sociedad en general porque los productos que llegar\u00e1n de Sudam\u00e9rica no pasar\u00e1n los controles pertinentes y, en algunos casos, usan pesticidas prohibidos en Europa.<\/p>\n<p>\u00abEuropa permite exportarlos, pero a nosotros no nos deja usarlos\u00bb, ha dicho Rojo, que ha a\u00f1adido que \u00abel acuerdo de Mercosur es injusto y hab\u00eda pasado de puntillas hasta que los agricultores hemos levantado la voz\u00bb.<\/p>\n<p>Agricultores belgas siguen bloqueando carreteras<\/p>\n<p>Tambi\u00e9n hay protestas en otros puntos de Europa. Los cortes en carreteras belgas contin\u00faan en las provincias valonas de Henao y Namur, ambas fronterizas con Francia. Aunque el viernes por la noche, tras dos d\u00edas de protestas, se levantaron los bloqueos en la mayor\u00eda de las provincias en B\u00e9lgica.<\/p>\n<p>Organizaciones de agricultores europeas han asegurado que llevar\u00e1n a cabo nuevas movilizaciones.<\/p>\n<p>En los \u00faltimos d\u00edas, el sector ha protagonizado protestas contra el acuerdo UE-Mercosur en distintos pa\u00edses europeos como <strong>Francia, Alemania, B\u00e9lgica o Grecia<\/strong>.<\/p>\n<p>Agricultores y ganaderos del sindicato flamenco Boerenbond que instalaron el pasado jueves frente al Parlamento Europeo en Bruselas han denunciado que el acuerdo de libre comercio empujar\u00e1 al sector agr\u00edcola belga y europeo a competir contra <strong>productos importados que se producir\u00e1n \u00abcon est\u00e1ndares m\u00e1s bajos<\/strong> y con controles insuficientes\u00bb, seg\u00fan ha explicado a Efe uno de los miembros de la junta ejecutiva del sindicato, Pieter Verhelst.<\/p>\n","protected":false},"excerpt":{"rendered":"Agricultores y ganaderos suman este domingo cuatro jornadas de movilizaciones en Catalu\u00f1a en contra del tratado de libre&hellip;\n","protected":false},"author":2,"featured_media":335120,"comment_status":"","ping_status":"","sticky":false,"template":"","format":"standard","meta":{"footnotes":""},"categories":[42],"tags":[17,18,13,14,11,61,62,63,64,19,20,9,10,15,16,12,21,22,65,66,67],"class_list":{"0":"post-335119","1":"post","2":"type-post","3":"status-publish","4":"format-standard","5":"has-post-thumbnail","7":"category-internacional","8":"tag-breaking-news","9":"tag-breakingnews","10":"tag-featured-news","11":"tag-featurednews","12":"tag-headlines","13":"tag-internacional","14":"tag-international","15":"tag-international-news","16":"tag-internationalnews","17":"tag-latest-news","18":"tag-latestnews","19":"tag-news","20":"tag-noticias","21":"tag-noticias-destacadas","22":"tag-noticiasdestacadas","23":"tag-titulares","24":"tag-ultimas-noticias","25":"tag-ultimasnoticias","26":"tag-world","27":"tag-world-news","28":"tag-worldnews"},"share_on_mastodon":{"url":"https:\/\/pubeurope.com\/@es\/115876957225179777","error":""},"_links":{"self":[{"href":"https:\/\/www.europesays.com\/es\/wp-json\/wp\/v2\/posts\/335119","targetHints":{"allow":["GET"]}}],"collection":[{"href":"https:\/\/www.europesays.com\/es\/wp-json\/wp\/v2\/posts"}],"about":[{"href":"https:\/\/www.europesays.com\/es\/wp-json\/wp\/v2\/types\/post"}],"author":[{"embeddable":true,"href":"https:\/\/www.europesays.com\/es\/wp-json\/wp\/v2\/users\/2"}],"replies":[{"embeddable":true,"href":"https:\/\/www.europesays.com\/es\/wp-json\/wp\/v2\/comments?post=335119"}],"version-history":[{"count":0,"href":"https:\/\/www.europesays.com\/es\/wp-json\/wp\/v2\/posts\/335119\/revisions"}],"wp:featuredmedia":[{"embeddable":true,"href":"https:\/\/www.europesays.com\/es\/wp-json\/wp\/v2\/media\/335120"}],"wp:attachment":[{"href":"https:\/\/www.europesays.com\/es\/wp-json\/wp\/v2\/media?parent=335119"}],"wp:term":[{"taxonomy":"category","embeddable":true,"href":"https:\/\/www.europesays.com\/es\/wp-json\/wp\/v2\/categories?post=335119"},{"taxonomy":"post_tag","embeddable":true,"href":"https:\/\/www.europesays.com\/es\/wp-json\/wp\/v2\/tags?post=335119"}],"curies":[{"name":"wp","href":"https:\/\/api.w.org\/{rel}","templated":true}]}}