{"id":335123,"date":"2026-01-11T14:34:11","date_gmt":"2026-01-11T14:34:11","guid":{"rendered":"https:\/\/www.europesays.com\/es\/335123\/"},"modified":"2026-01-11T14:34:11","modified_gmt":"2026-01-11T14:34:11","slug":"el-dineral-al-que-aspira-el-real-madrid-300-millones-de-euros","status":"publish","type":"post","link":"https:\/\/www.europesays.com\/es\/335123\/","title":{"rendered":"El dineral al que aspira el Real Madrid: 300 millones de euros"},"content":{"rendered":"<p>                        Es la cantidad que espera percibir por temporada en los pr\u00f3ximos a\u00f1os por el patrocinio de su camiseta<\/p>\n<p><img src=\"https:\/\/www.mundodeportivo.com\/files\/image_449_220\/files\/fp\/uploads\/2026\/01\/08\/69601a9730178.r_d.5247-2427-544.jpeg\" data-full-src=\"https:\/\/www.europesays.com\/es\/wp-content\/uploads\/2026\/01\/69601a9730178.jpeg\" alt=\"Horizontal\" width=\"449\" height=\"220\" class=\"nolazy\" decoding=\"async\" fetchpriority=\"high\"\/><\/p>\n<p class=\"caption-title \">Emirates, patrocinador de la camiseta del Real Madrid<\/p>\n<p>STR \/ EFE<\/p>\n<p>                <img loading=\"lazy\" decoding=\"async\" width=\"60\" height=\"60\" alt=\"El dineral al que aspira el Real Madrid: 300 millones de euros\" title=\"\" src=\"\/files\/image_60_60\/uploads\/2021\/07\/21\/60f803372390d.png\" class=\"lazy\"\/><\/p>\n<p>\n                        Actualizado a  11\/01\/2026 12:29 CET\n                    <\/p>\n<p data-gtm-element-container=\"modulo-texto-link\" class=\"paragraph\">Seg\u00fan informa el diario &#8216;<strong>As&#8217;<\/strong> este domingo, el <strong>Real Madrid<\/strong> se encuentra en plena negociaci\u00f3n para renovar sus acuerdos de patrocinio de su camiseta.<\/p>\n<p data-gtm-element-container=\"modulo-texto-link\" class=\"paragraph\">El actual contrato con<strong> Emirates <\/strong>expira el pr\u00f3ximo 30 de junio y ya hay negociaciones para ampliar un compromiso que naci\u00f3 en el a\u00f1o 2011.<\/p>\n<p data-gtm-element-container=\"modulo-texto-link\" class=\"paragraph\">Apunta el citado rotativo que lo que percibir\u00eda la entidad merengue por temporada rondar\u00eda los 100 millones de euros, mientras que ahora los ingresos ser\u00edan de unos 70-80 &#8216;kilos&#8217;.<\/p>\n<p>    Lee tambi\u00e9n<\/p>\n<p data-gtm-element-container=\"modulo-texto-link\" class=\"paragraph\">A ello habr\u00eda que unir el contrato con <strong>Adidas<\/strong>, que finaliza en el 2029 y que ahora mismo se calcula que estar\u00eda en unos 120 millones. Se apunta en la informaci\u00f3n que ya se ha hablado de ampliarlo.<\/p>\n<p data-gtm-element-container=\"modulo-texto-link\" class=\"paragraph\">En definitiva, que el objetivo del <strong>Real Madrid<\/strong> de cara a los pr\u00f3ximos a\u00f1os en lo que se refiere a su camiseta, ser\u00eda alcanzar la cifra de ingreso de los 300 millones de euros.<\/p>\n<p data-gtm-element-container=\"modulo-texto-link\" class=\"paragraph\">\u00a0<\/p>\n<p>\n        Mostrar comentarios\n    <\/p>\n<p>{\u00aballowComment\u00bb:\u00bballowed\u00bb,\u00bbarticleId\u00bb:\u00bbarticle-1002599320&#8243;,\u00bburl\u00bb:\u00bbhttps:\\\/\\\/www.mundodeportivo.com\\\/futbol\\\/real-madrid\\\/20260111\\\/1002599320\\\/dineral-aspira-real-madrid-300-millones-euros.html\u00bb,\u00bblivefyre-url\u00bb:\u00bbarticle-1002599320&#8243;}<\/p>\n<p>Cargando siguiente contenido&#8230;\n                <\/p>\n","protected":false},"excerpt":{"rendered":"Es la cantidad que espera percibir por temporada en los pr\u00f3ximos a\u00f1os por el patrocinio de su camiseta&hellip;\n","protected":false},"author":2,"featured_media":335124,"comment_status":"","ping_status":"","sticky":false,"template":"","format":"standard","meta":{"footnotes":""},"categories":[5],"tags":[17,18,25,24,13,14,11,19,20,9,10,15,16,23,12,21,22],"class_list":{"0":"post-335123","1":"post","2":"type-post","3":"status-publish","4":"format-standard","5":"has-post-thumbnail","7":"category-titulares","8":"tag-breaking-news","9":"tag-breakingnews","10":"tag-es","11":"tag-espana","12":"tag-featured-news","13":"tag-featurednews","14":"tag-headlines","15":"tag-latest-news","16":"tag-latestnews","17":"tag-news","18":"tag-noticias","19":"tag-noticias-destacadas","20":"tag-noticiasdestacadas","21":"tag-spain","22":"tag-titulares","23":"tag-ultimas-noticias","24":"tag-ultimasnoticias"},"share_on_mastodon":{"url":"https:\/\/pubeurope.com\/@es\/115876964848661756","error":""},"_links":{"self":[{"href":"https:\/\/www.europesays.com\/es\/wp-json\/wp\/v2\/posts\/335123","targetHints":{"allow":["GET"]}}],"collection":[{"href":"https:\/\/www.europesays.com\/es\/wp-json\/wp\/v2\/posts"}],"about":[{"href":"https:\/\/www.europesays.com\/es\/wp-json\/wp\/v2\/types\/post"}],"author":[{"embeddable":true,"href":"https:\/\/www.europesays.com\/es\/wp-json\/wp\/v2\/users\/2"}],"replies":[{"embeddable":true,"href":"https:\/\/www.europesays.com\/es\/wp-json\/wp\/v2\/comments?post=335123"}],"version-history":[{"count":0,"href":"https:\/\/www.europesays.com\/es\/wp-json\/wp\/v2\/posts\/335123\/revisions"}],"wp:featuredmedia":[{"embeddable":true,"href":"https:\/\/www.europesays.com\/es\/wp-json\/wp\/v2\/media\/335124"}],"wp:attachment":[{"href":"https:\/\/www.europesays.com\/es\/wp-json\/wp\/v2\/media?parent=335123"}],"wp:term":[{"taxonomy":"category","embeddable":true,"href":"https:\/\/www.europesays.com\/es\/wp-json\/wp\/v2\/categories?post=335123"},{"taxonomy":"post_tag","embeddable":true,"href":"https:\/\/www.europesays.com\/es\/wp-json\/wp\/v2\/tags?post=335123"}],"curies":[{"name":"wp","href":"https:\/\/api.w.org\/{rel}","templated":true}]}}