{"id":335127,"date":"2026-01-11T14:40:07","date_gmt":"2026-01-11T14:40:07","guid":{"rendered":"https:\/\/www.europesays.com\/es\/335127\/"},"modified":"2026-01-11T14:40:07","modified_gmt":"2026-01-11T14:40:07","slug":"felipe-orts-conquista-su-octavo-titulo-en-el-campeonato-de-espana-de-ciclocross-de-tarancon-esciclismo-com","status":"publish","type":"post","link":"https:\/\/www.europesays.com\/es\/335127\/","title":{"rendered":"Felipe Orts conquista su octavo t\u00edtulo en el Campeonato de Espa\u00f1a de Ciclocross de Taranc\u00f3n &#8211; EsCiclismo.com"},"content":{"rendered":"<ol>\n<li><a href=\"https:\/\/news.google.com\/rss\/articles\/CBMia0FVX3lxTE13VTRXM3ZBR1R3S2M2WE9fV0FGVXptcmhnNmh1M0lmalJzSVF6bUR6djN0WWN4Z3NGSFNVU1B0Z2pqSHZ5U3kwYVJjYk1WQTNXTUQ1bFNzM21UdnVpQ1dEMXdST2UxUnNvLURJ?oc=5\" target=\"_blank\" rel=\"nofollow noopener\">Felipe Orts conquista su octavo t\u00edtulo en el Campeonato de Espa\u00f1a de Ciclocross de Taranc\u00f3n<\/a>&nbsp;&nbsp;EsCiclismo.com<\/li>\n<li><a href=\"https:\/\/news.google.com\/rss\/articles\/CBMikAJBVV95cUxOb3d6SDFDNlFKOEJXSFRGT0xRQXFPYkdLR1FWUkZmR29abVpwZGR4a2tjUmxzTHpqckprY193MUVqVUVwbkNIZko1NC1DbWpRWVFJMnlOMnAwdnVGR2FseFA2TC03Y1o4ZGpGemVRdGZFcU1vanQyWTYtSGREVWhvdFNSSmpiTEQxVThfWjdxSEdwcWo1VXVBVlZiTkRLNTRfX3lhMVU2cHNpX2RlckhQVkREWVppX0xuaXE2dzN6cTNqSXVwWTVTNnlZcmR0RUtyTEF5dHlxTElXb3czR0s4QWstX0pid1BLcUZ3RDNPbk5PU2MxNWlJVUhvOXV4d0JxdWpXT3IwR01Hd01iVWlqUw?oc=5\" target=\"_blank\" rel=\"nofollow noopener\">El sub23 Ra\u00fal Mira y los cadetes Pedro Cidr\u00e1s y Jana Freixas triunfan en el Campeonato de Espa\u00f1a de Ciclocross de Taranc\u00f3n<\/a>&nbsp;&nbsp;REAL FEDERACI\u00d3N ESPA\u00d1OLA DE CICLISMO<\/li>\n<li><a href=\"https:\/\/news.google.com\/rss\/articles\/CBMitgFBVV95cUxNM0YxY004Tnk2OUNoM3c4Wi12M1ZqSi0xSk5odFBPNzZLY3ItTy1oOWdiVGNqc3k5dWdpYlpRdWdoNTJEcGNrRjB4TVRUTF95dnE1RXRHNnVrV0xUYXlsdU95NmJ2N2s2SmFSVVJVWm9aNklBY0N3cTlhQk9DQlFWaFVxclpnRWJsTm9IRU9WRHZRMkowTG9ra2pCNldBSnMzUHcwMFplQzdFU3ZJM2RJTFJ4NTg1Z9IBygFBVV95cUxPN1lBYzEzX20zT2ZnbjBQdUdKOVF2OEZRQjNDYUo2bnZlV0tJX3JHaXFUcFltTjdCZkJDY2RNSUJ0cDU3MnFYOWd0QnRPdGV0R25xTTlQVEJUXzVycnJyb1ZEbXNna2t1Vl94czdqZFpZS1pmSzhhZHdvR2MzV3VvOEczVndONng2WkFlZldJRmkzS2tXV2lYeVAyeWVhQ2xQMnBuYXo1Y0x4NGphaUszd0hQOC1lZk5Sek8yN2I0enJlbXdpc2NHSjZ3?oc=5\" target=\"_blank\" rel=\"nofollow noopener\">Felipe Orts se pone a punto para Benidorm: 8\u00b0 t\u00edtulo nacional seguido<\/a>&nbsp;&nbsp;Diario AS<\/li>\n<li><a href=\"https:\/\/news.google.com\/rss\/articles\/CBMiwwFBVV95cUxPWWVIaUJ4LUwtQUc1MGNROV9NSDRNSnhFdDBQR2dxcFpfcnh1NkxVb05YZ1FQUUhrenlpeWttR0g4LVJLaVBucFFqS2hweUFha1d3Y0lGdXVDaUo2bWxWVXFPaFBfVkJSUzBVYVhNbkllSzJsb0t0akRVSF9fMl9xY29rU3lhamd2SENUVTZxZGhpeDhkRjJZZlpOSS1wcFhqMlplNi1EcFB1Qk85R2gzNm10Y2ptUHZDRmRvMFphb0pjMGM?oc=5\" target=\"_blank\" rel=\"nofollow noopener\">Kevin Su\u00e1rez, plata en \u00e9lite en el Campeonato de Espa\u00f1a<\/a>&nbsp;&nbsp;El Diario Monta\u00f1\u00e9s<\/li>\n<li><a href=\"https:\/\/news.google.com\/rss\/articles\/CBMi4wFBVV95cUxPekVNR1pOM2ZCX0hpRG5ZRVBMN2JzSU1MWGQ2ekpaejZMbTJGNnZxUDNlSmZ4bGI4cnZ6SFl3dC1TeER0NUUwenhpcndMOGlWMldMaG9QXzkxVkJsWFVuWXRKRk8ydVdYLW1iRVJ6Q0o3eGJyOXQ5ZTdlWm44OWFZMFBWRG9Ub3Y1NGhncTFsYklhX20yWU5lYXhtalFvdFR0U0lMc2VsUEV2bC0yc3Z0NTR1QUZJUzUzM05fMWRjU3VfM3d0TWxzMkRleVY0NG03cGFHRkJpMFAxeDNza2VGRHZBRdIB6AFBVV95cUxObWdJVi1idG1QR3ZtbE0tREhRMlF0NEJBdGRUS1pab1dYRS0zVmdnd05remhPSDR5WE92dU85c1ZUN1YwODRMWjRkUmxNWGtEYU1VR1BrQlBVQk9DNjQtR19LSEw2SWtCdDUyUlRwZWJabTRHTTAwMHd4WGlTbmJaYjdkNXN2MksxbHJzWmplMWtHNWwzVEdWUThtR2FtQW9FbEJPRFBvUU1BenYtTkstaUhTSk5Tc0drX2tnMUNhY1F6azVjQ2M4bW10STROMDh1UEtqZzV4dDhKbFNJd1Y3STdTX0tBUlJM?oc=5\" target=\"_blank\" rel=\"nofollow noopener\">Asturias logra el bronce en una prueba de relevos que gana la Comunidad Valenciana<\/a>&nbsp;&nbsp;rtpa.es<\/li>\n<\/ol>\n","protected":false},"excerpt":{"rendered":"Felipe Orts conquista su octavo t\u00edtulo en el Campeonato de Espa\u00f1a de Ciclocross de Taranc\u00f3n&nbsp;&nbsp;EsCiclismo.com El sub23 Ra\u00fal&hellip;\n","protected":false},"author":2,"featured_media":335128,"comment_status":"","ping_status":"","sticky":false,"template":"","format":"standard","meta":{"footnotes":""},"categories":[273],"tags":[313,312,168,25,7955,24,10642,56993,23,167,9885],"class_list":["post-335127","post","type-post","status-publish","format-standard","has-post-thumbnail","category-ciclismo","tag-ciclismo","tag-cycling","tag-deportes","tag-es","tag-escribir","tag-espana","tag-felipe","tag-orts","tag-spain","tag-sports","tag-vuelto"],"share_on_mastodon":{"url":"https:\/\/pubeurope.com\/@es\/115876988370273859","error":""},"_links":{"self":[{"href":"https:\/\/www.europesays.com\/es\/wp-json\/wp\/v2\/posts\/335127","targetHints":{"allow":["GET"]}}],"collection":[{"href":"https:\/\/www.europesays.com\/es\/wp-json\/wp\/v2\/posts"}],"about":[{"href":"https:\/\/www.europesays.com\/es\/wp-json\/wp\/v2\/types\/post"}],"author":[{"embeddable":true,"href":"https:\/\/www.europesays.com\/es\/wp-json\/wp\/v2\/users\/2"}],"replies":[{"embeddable":true,"href":"https:\/\/www.europesays.com\/es\/wp-json\/wp\/v2\/comments?post=335127"}],"version-history":[{"count":0,"href":"https:\/\/www.europesays.com\/es\/wp-json\/wp\/v2\/posts\/335127\/revisions"}],"wp:featuredmedia":[{"embeddable":true,"href":"https:\/\/www.europesays.com\/es\/wp-json\/wp\/v2\/media\/335128"}],"wp:attachment":[{"href":"https:\/\/www.europesays.com\/es\/wp-json\/wp\/v2\/media?parent=335127"}],"wp:term":[{"taxonomy":"category","embeddable":true,"href":"https:\/\/www.europesays.com\/es\/wp-json\/wp\/v2\/categories?post=335127"},{"taxonomy":"post_tag","embeddable":true,"href":"https:\/\/www.europesays.com\/es\/wp-json\/wp\/v2\/tags?post=335127"}],"curies":[{"name":"wp","href":"https:\/\/api.w.org\/{rel}","templated":true}]}}