{"id":335130,"date":"2026-01-11T14:43:10","date_gmt":"2026-01-11T14:43:10","guid":{"rendered":"https:\/\/www.europesays.com\/es\/335130\/"},"modified":"2026-01-11T14:43:10","modified_gmt":"2026-01-11T14:43:10","slug":"ausencia-preocupante-en-el-sevilla-a-un-dia-de-recibir-al-celta","status":"publish","type":"post","link":"https:\/\/www.europesays.com\/es\/335130\/","title":{"rendered":"Ausencia preocupante en el Sevilla a un d\u00eda de recibir al Celta"},"content":{"rendered":"<p>A las bajas de los tres lesionados y los dos internacionales, esta ma\u00f1ana se ha sumado la de Alexis S\u00e1nchez, con problemas f\u00edsicos tal y como ha confirmado el propio club<\/p>\n<p class=\"parrafo\">La plantilla del Sevilla complet\u00f3 en la ma\u00f1ana de hoy <strong>el \u00faltimo entrenamiento antes del partido de ma\u00f1ana lunes contra el Celta <\/strong>en el Ram\u00f3n S\u00e1nchez-Pizju\u00e1n, una cita muy importante despu\u00e9s del varapalo sufrido contra el Levante.<\/p>\n<p class=\"parrafo\">Una sesi\u00f3n que no ha deparado precisamente buenas noticias para Mat\u00edas Almeyda, pues a un d\u00eda de la cita contra los vigueses <strong>el t\u00e9cnico no ha podido contar con uno de sus pilares. <\/strong><\/p>\n<p class=\"parrafo\"><strong>Alexis S\u00e1nchez, con una contusi\u00f3n en la pelvis<\/strong><\/p>\n<p class=\"parrafo\">De este modo, Alexis S\u00e1nchez no se ha entrenado con el resto del grupo y el club ha comunicado a trav\u00e9s de sus medios oficiales que se debe a problemas f\u00edsicos. <strong>\u00abAlexis S\u00e1nchez realiz\u00f3 trabajo espec\u00edfico tras sufrir una contusi\u00f3n en la pelvis en el entrenamiento del s\u00e1bado\u00bb, <\/strong>explica la entidad de Eduardo Dato con un parte m\u00e9dico que podr\u00eda poner en riesgo su participaci\u00f3n en el choque que cierra la jornada 19 del campeonato liguero.<\/p>\n<p><img decoding=\"async\" src=\"https:\/\/www.europesays.com\/es\/wp-content\/uploads\/2026\/01\/f9a87be8-6bad-4e1a-b6d5-93419ee1e385_800x450.jpeg\" loading=\"lazy\"\/><\/p>\n<p class=\"parrafo\"><strong>Tampoco se emple\u00f3 con los compa\u00f1eros Marcao<\/strong>, aunque en su caso no supone un imprevisto que preocupe debido a la sanci\u00f3n que lo mantendr\u00e1 alejado de los terrenos de juego durante seis partidos. <\/p>\n<p><a class=\"elementos-rel-t2\" href=\"https:\/\/www.estadiodeportivo.com\/futbol\/sevilla-fc\/crece-presion-con-nyland-desde-noruega-sevilla-esta-buscando-equipo-20260111-526243.html\" title=\"Crece la presi\u00f3n con Nyland desde Noruega: &quot;El Sevilla le est\u00e1 buscando equipo&quot;  \" rel=\"nofollow noopener\" target=\"_blank\"><\/p>\n<p class=\"titular titulo-4\">Crece la presi\u00f3n con Nyland desde Noruega: \u00abEl Sevilla le est\u00e1 buscando equipo\u00bb  <\/p>\n<p><img decoding=\"async\" src=\"https:\/\/www.europesays.com\/es\/wp-content\/uploads\/2026\/01\/d5d57e77-b747-47d3-b2ed-6909b806281b_320x180.jpeg\" alt=\"Crece la presi\u00f3n con Nyland desde Noruega: &quot;El Sevilla le est\u00e1 buscando equipo&quot;  \"\/><\/a><a class=\"elementos-rel-t2\" href=\"https:\/\/www.estadiodeportivo.com\/futbol\/sevilla-fc\/matias-almeyda-pasa-lista-plantilla-del-sevilla-para-duelo-ante-celta-carmona-ruben-vargas-nianzou-los-dos-africanos-20260109-526061.html\" title=\"Mat\u00edas Almeyda pasa lista en la plantilla del Sevilla para el duelo ante el Celta: Carmona, Rub\u00e9n Vargas, Nianzou, los dos africanos... \" rel=\"nofollow noopener\" target=\"_blank\"><\/p>\n<p class=\"titular titulo-4\">Mat\u00edas Almeyda pasa lista en la plantilla del Sevilla para el duelo ante el Celta: Carmona, Rub\u00e9n Vargas, Nianzou, los dos africanos&#8230; <\/p>\n<p><img decoding=\"async\" src=\"https:\/\/www.europesays.com\/es\/wp-content\/uploads\/2026\/01\/a6fb1da4-412d-4a29-816e-425302170ceb_320x180.jpeg\" alt=\"Mat\u00edas Almeyda pasa lista en la plantilla del Sevilla para el duelo ante el Celta: Carmona, Rub\u00e9n Vargas, Nianzou, los dos africanos... \"\/><\/a><\/p>\n<p class=\"parrafo\">\u00ab<strong>Marcao realiza desde este s\u00e1bado un plan de entrenamiento individual<\/strong>, habida cuenta de que, por su sanci\u00f3n, no podr\u00e1 ser de la partida en los pr\u00f3ximos encuentros. Est\ufffd\ufffd prevista su reincorporaci\u00f3n a la din\u00e1mica de grupo para finales de la pr\u00f3xima semana\u00bb, informa el club en el comunicado publicado en su web oficial.<\/p>\n<p>Seis bajas para el Celta que podr\u00edan ser siete<\/p>\n<p class=\"parrafo\">Adem\u00e1s de estas dos ausencias, <strong>Mat\u00edas Almeyda sigue sin disponer de Akor Adams ni de Ejuke <\/strong>tras el pase a semifinales de Nigeria en la Copa de \u00c1frica con actuaci\u00f3n estelar del ariete, por lo que su ausencia se prolongar\u00e1 hasta que termine el torneo. <\/p>\n<p class=\"parrafo\">Igualmente, <strong>siguen en el dique seco C\u00e9sar Azpilicueta, Alfon y Gabriel Suazo<\/strong>, que se recuperan de sus respectivas lesiones y que integrar\u00e1n la lista de seis bajas para el Celta, que ser\u00edan siete en el caso de que Alexis no llegara a tiempo.<\/p>\n<p>Nianzou, uno m\u00e1s en el entrenamiento<\/p>\n<p class=\"parrafo\">En el cap\u00edtulo de buenas noticias, <strong>Nianzou se ha ejercitado nuevamente con el resto de compa\u00f1eros <\/strong>una vez dejada atr\u00e1s su en\u00e9sima lesi\u00f3n, si bien su asunto se lleva con cautela. Igualmente <strong>ha trabajado con intensidad Rub\u00e9n Vargas<\/strong>, ya listo para reaparecer tras una larga ausencia que ha acusado el equipo por su importancia en ataque.  <\/p>\n<p><img decoding=\"async\" src=\"https:\/\/www.europesays.com\/es\/wp-content\/uploads\/2026\/01\/68fb2427-3b9a-4543-b303-c9372bbc78c2_800x450.jpeg\" loading=\"lazy\"\/><\/p>\n","protected":false},"excerpt":{"rendered":"A las bajas de los tres lesionados y los dos internacionales, esta ma\u00f1ana se ha sumado la de&hellip;\n","protected":false},"author":2,"featured_media":335131,"comment_status":"","ping_status":"","sticky":false,"template":"","format":"standard","meta":{"footnotes":""},"categories":[268],"tags":[37964,168,25,24,284,280,282,1172,2993,281,23,167],"class_list":{"0":"post-335130","1":"post","2":"type-post","3":"status-publish","4":"format-standard","5":"has-post-thumbnail","7":"category-futbol","8":"tag-alexis-sanchez","9":"tag-deportes","10":"tag-es","11":"tag-espana","12":"tag-estadio-deportivo","13":"tag-football","14":"tag-futbol","15":"tag-marcao","16":"tag-sevilla-futbol-club","17":"tag-soccer","18":"tag-spain","19":"tag-sports"},"share_on_mastodon":{"url":"https:\/\/pubeurope.com\/@es\/115877000383030752","error":""},"_links":{"self":[{"href":"https:\/\/www.europesays.com\/es\/wp-json\/wp\/v2\/posts\/335130","targetHints":{"allow":["GET"]}}],"collection":[{"href":"https:\/\/www.europesays.com\/es\/wp-json\/wp\/v2\/posts"}],"about":[{"href":"https:\/\/www.europesays.com\/es\/wp-json\/wp\/v2\/types\/post"}],"author":[{"embeddable":true,"href":"https:\/\/www.europesays.com\/es\/wp-json\/wp\/v2\/users\/2"}],"replies":[{"embeddable":true,"href":"https:\/\/www.europesays.com\/es\/wp-json\/wp\/v2\/comments?post=335130"}],"version-history":[{"count":0,"href":"https:\/\/www.europesays.com\/es\/wp-json\/wp\/v2\/posts\/335130\/revisions"}],"wp:featuredmedia":[{"embeddable":true,"href":"https:\/\/www.europesays.com\/es\/wp-json\/wp\/v2\/media\/335131"}],"wp:attachment":[{"href":"https:\/\/www.europesays.com\/es\/wp-json\/wp\/v2\/media?parent=335130"}],"wp:term":[{"taxonomy":"category","embeddable":true,"href":"https:\/\/www.europesays.com\/es\/wp-json\/wp\/v2\/categories?post=335130"},{"taxonomy":"post_tag","embeddable":true,"href":"https:\/\/www.europesays.com\/es\/wp-json\/wp\/v2\/tags?post=335130"}],"curies":[{"name":"wp","href":"https:\/\/api.w.org\/{rel}","templated":true}]}}