{"id":335225,"date":"2026-01-11T15:58:09","date_gmt":"2026-01-11T15:58:09","guid":{"rendered":"https:\/\/www.europesays.com\/es\/335225\/"},"modified":"2026-01-11T15:58:09","modified_gmt":"2026-01-11T15:58:09","slug":"avatar-fuego-y-ceniza-se-mantiene-no1-en-una-taquilla-ee-uu-con-solo-dos-estrenos-en-el-top-10","status":"publish","type":"post","link":"https:\/\/www.europesays.com\/es\/335225\/","title":{"rendered":"&#8216;Avatar: Fuego y Ceniza&#8217; se mantiene n\u00ba1 en una taquilla EE.UU. con solo dos estrenos en el top 10"},"content":{"rendered":"<p>Por cuarta semana consecutiva, y a pesar de que las cifras no est\u00e1n siendo tan memorables como con las entregas anteriores,<strong> &#8216;<a href=\"https:\/\/www.ecartelera.com\/peliculas\/avatar-3\/\" data-mention-type=\"pelicula\" data-mention-id=\"10676\" rel=\"nofollow noopener\" target=\"_blank\">Avatar: Fuego y ceniza<\/a>&#8216; vuelve a liderar el top 10 de la taquilla de EE.UU.,<\/strong> que solo incluye dos estrenos en toda la lista.<\/p>\n<p>Se estima que entre el 9 y el 11 de enero, la pel\u00edcula de <a href=\"https:\/\/www.ecartelera.com\/personas\/james-cameron\/\" data-mention-type=\"persona\" data-mention-id=\"1366\" rel=\"nofollow noopener\" target=\"_blank\">James Cameron<\/a> sumar\u00e1 entre 21 y 24 millones de d\u00f3lares, <strong>elevando el total en la taquilla dom\u00e9stica (Estados Unidos y Canad\u00e1) a un m\u00e1ximo de 345,2 millones de d\u00f3lares. <\/strong>En 2022, &#8216;<a href=\"https:\/\/www.ecartelera.com\/peliculas\/avatar-2\/\" data-mention-type=\"pelicula\" data-mention-id=\"4261\" rel=\"nofollow noopener\" target=\"_blank\">Avatar: El sentido del agua<\/a>&#8216; termin\u00f3 su carrera comercial recaudando 684 millones de d\u00f3lares en EE.UU y m\u00e1s de 2 mil millones en todo el mundo. No parece que esta pueda conseguir lo mismo. <\/p>\n<p>\t\t\t\t\t\t\t<img decoding=\"async\" loading=\"lazy\" src=\"https:\/\/www.europesays.com\/es\/wp-content\/uploads\/2026\/01\/248987_las-primeras-crticas-de-zootrpolis-2-son-muy-positivas-y-le-auguran-un-buen-futu.jpg\" alt=\"'Zootr\u00f3polis 2'\" width=\"1200\" height=\"503\"\/><\/p>\n<p>\t\t\t\t\t\t&#8216;Zootr\u00f3polis 2&#8217; (Disney)<\/p>\n<p>Un mejor mantenimiento est\u00e1 teniendo la &#8216;<a href=\"https:\/\/www.ecartelera.com\/peliculas\/zootropolis-2\/\" data-mention-type=\"pelicula\" data-mention-id=\"19152\" rel=\"nofollow noopener\" target=\"_blank\">Zootr\u00f3polis 2<\/a>&#8216; de Disney, que aunque solo va a embolsarse otros 11 millones de d\u00f3lares este fin de semana, <strong>lleva 7 en cartelera y se mantiene en segunda posici\u00f3n con una ca\u00edda del 43%,<\/strong> pr\u00e1cticamente igual que la de &#8216;Avatar 3&#8217;. En total, para el domingo llevar\u00e1 recaudados 379,7 millones de d\u00f3lares. <\/p>\n<p>Sin embargo, el ranking podr\u00eda cambiar cuando se conozcan los datos oficiales (todav\u00eda manejamos cifras estimadas y previsiones) <strong>ya que tanto &#8216;<a href=\"https:\/\/www.ecartelera.com\/peliculas\/primate-2025\/\" data-mention-type=\"pelicula\" data-mention-id=\"19792\" rel=\"nofollow noopener\" target=\"_blank\">Primate<\/a>&#8216; como &#8216;<a href=\"https:\/\/www.ecartelera.com\/peliculas\/la-asistenta\/\" data-mention-type=\"pelicula\" data-mention-id=\"19481\" rel=\"nofollow noopener\" target=\"_blank\">La asistenta<\/a>&#8216; van a rozar tambi\u00e9n los 11 millones de d\u00f3lares<\/strong>, por lo que los puestos 2, 3 y 4 podr\u00edan bailar. <\/p>\n<p>\t\t\t\t\t\t\t<img decoding=\"async\" loading=\"lazy\" src=\"https:\/\/www.europesays.com\/es\/wp-content\/uploads\/2026\/01\/250372_primate.jpg\" alt=\"Primate\" width=\"1200\" height=\"750\"\/><\/p>\n<p>\t\t\t\t\t\tPrimate<\/p>\n<p>La pel\u00edcula de <a href=\"https:\/\/www.ecartelera.com\/personas\/johannes-roberts\/\" data-mention-type=\"persona\" data-mention-id=\"14453\" rel=\"nofollow noopener\" target=\"_blank\">Johannes Roberts<\/a> sobre un chimpanc\u00e9 dom\u00e9stico que contrae la rabia y se propone asesinar a su familia humana se ha estrenado esta semana en 2.964 salas de ambos pa\u00edses. <strong>Tiene calificaci\u00f3n para mayores de 18 a\u00f1os <\/strong>y ha llamado la atenci\u00f3n principalmente de un p\u00fablico masculino (el 58% del total) de entre 18 y 34 a\u00f1os (el 59%). Se le estiman 11 millones el domingo, 4 y medio de ellos recaudados el viernes. <\/p>\n<p>&#8216;La asistenta&#8217; de <a href=\"https:\/\/www.ecartelera.com\/personas\/sydney-sweeney\/\" data-mention-type=\"persona\" data-mention-id=\"23798\" rel=\"nofollow noopener\" target=\"_blank\">Sydney Sweeney<\/a> y <a href=\"https:\/\/www.ecartelera.com\/personas\/amanda-seyfried\/\" data-mention-type=\"persona\" data-mention-id=\"1590\" rel=\"nofollow noopener\" target=\"_blank\">Amanda Seyfried<\/a> caer\u00e1 un 37% en su cuarta semana de estreno, sumando entre 10,6 y 11 millones a un total de 93,5 millones para el 11 de enero. <strong>Se estima que part\u00eda de un presupuesto de 35 millones de d\u00f3lares,<\/strong> por lo que en Lionsgate pueden estar satisfechos. <\/p>\n<p>\t\t\t\t\t\t\t<img decoding=\"async\" loading=\"lazy\" src=\"https:\/\/www.europesays.com\/es\/wp-content\/uploads\/2026\/01\/250537_la-asistenta.jpg\" alt=\"La asistenta\" width=\"1200\" height=\"600\"\/><\/p>\n<p>\t\t\t\t\t\tLa asistenta ( Diamond Films)<\/p>\n<p>El top 5 lo completa el estreno de &#8216;<a href=\"https:\/\/www.ecartelera.com\/peliculas\/greenland-2-migration\/\" data-mention-type=\"pelicula\" data-mention-id=\"19759\" rel=\"nofollow noopener\" target=\"_blank\">Greenland 2: Migration<\/a>&#8216;, la secuela de &#8216;<a href=\"https:\/\/www.ecartelera.com\/peliculas\/greenland\/\" data-mention-type=\"pelicula\" data-mention-id=\"14237\" rel=\"nofollow noopener\" target=\"_blank\">Greenland: El \u00daltimo Refugio<\/a>&#8216; protagonizada de nuevo por <a href=\"https:\/\/www.ecartelera.com\/personas\/gerad-butler\/\" data-mention-type=\"persona\" data-mention-id=\"1187\" rel=\"nofollow noopener\" target=\"_blank\">Gerard Butler<\/a> y <a href=\"https:\/\/www.ecartelera.com\/personas\/morena-baccarin\/\" data-mention-type=\"persona\" data-mention-id=\"11357\" rel=\"nofollow noopener\" target=\"_blank\">Morena Baccarin<\/a>. De nuevo ha atra\u00eddo a un p\u00fablico principalmente masculino (56%), pero m\u00e1s mayor, interesando a mayores de 25 y dominando el rango de edad de 35 a 44 a\u00f1os. Se estima que har\u00e1 8,5 millones en tres d\u00edas. <\/p>\n<p>El top 10 lo cierran &#8216;<a href=\"https:\/\/www.ecartelera.com\/peliculas\/marty-supreme\/\" data-mention-type=\"pelicula\" data-mention-id=\"19403\" rel=\"nofollow noopener\" target=\"_blank\">Marty Supreme<\/a>&#8216; (7,9 millones de d\u00f3lares. Semana 4. Total 70,4 millones), <strong>&#8216;<a href=\"https:\/\/www.ecartelera.com\/peliculas\/anaconda-2025\/\" data-mention-type=\"pelicula\" data-mention-id=\"19485\" rel=\"nofollow noopener\" target=\"_blank\">Anaconda<\/a>&#8216; (4,6 millones de d\u00f3lares. Semana 3. Total 53,7 millones)<\/strong>, &#8216;<a href=\"https:\/\/www.ecartelera.com\/peliculas\/bob-esponja-la-pelicula-un-heroe-fuera-del-agua\/\" data-mention-type=\"pelicula\" data-mention-id=\"8061\" rel=\"nofollow noopener\" target=\"_blank\">Bob Esponja: Un h\u00e9roe fuera del agua<\/a>&#8216; (3,34 millones de d\u00f3lares. Semana 4. Total 63,1 millones), &#8216;<a href=\"https:\/\/www.ecartelera.com\/peliculas\/song-sung-blue\/\" data-mention-type=\"pelicula\" data-mention-id=\"19541\" rel=\"nofollow noopener\" target=\"_blank\">Song Sung Blue, Canci\u00f3n para dos<\/a>&#8216; (2.9 millones de d\u00f3lares. Semana 3. Total 31 millones) y &#8216;<a href=\"https:\/\/www.ecartelera.com\/peliculas\/david\/\" data-mention-type=\"pelicula\" data-mention-id=\"19734\" rel=\"nofollow noopener\" target=\"_blank\">David<\/a>&#8216; (2.8 millones de d\u00f3lares. Seman 4. Total 74,9 millones).<\/p>\n<p>En total, los 10 t\u00edtulos m\u00e1s vistos del fin de semana del 9 al 11 de enero de 2026 <strong>sumar\u00e1n 324 millones de d\u00f3lares en la taquilla dom\u00e9stica<\/strong>, un 22% m\u00e1s alta que en el mismo periodo en 2025.<\/p>\n<p>Tr\u00e1iler espa\u00f1ol de &#8217;28 Years Later: The Bone Temple&#8217;<\/p>\n<p><video id=\"vid-35706\" class=\"video-js vjs-default-skin\" data-title=\"Tr\u00e1iler espa\u00f1ol de '28 Years Later: The Bone Temple'\" poster=\"https:\/\/www.ecartelera.com\/images\/videos\/35700\/f35706.jpg\" controls=\"\" preload=\"auto\" width=\"640\" height=\"360\" playsinline=\"\" data-vtt=\"\/\/v1.ecartelera.com\/video\/35700\/35706_sprite.vtt\" data-stream=\"1\">El navegador no soporta el tag de v\u00eddeo.<\/video><\/p>\n<p>X<br \/>\nVuelven los infectados<\/p>\n<p><strong>La semana que viene la cartelera se renueva con &#8216;<a href=\"https:\/\/www.ecartelera.com\/peliculas\/28-years-later-the-bone-temple\/\" data-mention-type=\"pelicula\" data-mention-id=\"19411\" rel=\"nofollow noopener\" target=\"_blank\">28 a\u00f1os despu\u00e9s: El Templo de los Huesos<\/a>&#8216; como la gran esperanza de la taquilla.<\/strong> Adem\u00e1s, &#8216;Dead Man&#8217;s Wire&#8217;, lo nuevo de <a href=\"https:\/\/www.ecartelera.com\/personas\/gus-van-sant\/\" data-mention-type=\"persona\" data-mention-id=\"1979\" rel=\"nofollow noopener\" target=\"_blank\">Gus Van Sant<\/a> protagonizado por <a href=\"https:\/\/www.ecartelera.com\/personas\/bill-skarsgard\/\" data-mention-type=\"persona\" data-mention-id=\"13694\" rel=\"nofollow noopener\" target=\"_blank\">Bill Skarsg\u00e5rd<\/a> y <a href=\"https:\/\/www.ecartelera.com\/personas\/dacre-montgomery\/\" data-mention-type=\"persona\" data-mention-id=\"13011\" rel=\"nofollow noopener\" target=\"_blank\">Dacre Montgomery<\/a>; &#8216;Night Patrol&#8217; con <a href=\"https:\/\/www.ecartelera.com\/personas\/justin-long\/\" data-mention-type=\"persona\" data-mention-id=\"1405\" rel=\"nofollow noopener\" target=\"_blank\">Justin Long<\/a>; &#8216;<a href=\"https:\/\/www.ecartelera.com\/peliculas\/vida-privada-2025\/\" data-mention-type=\"pelicula\" data-mention-id=\"19607\" rel=\"nofollow noopener\" target=\"_blank\">Vida privada<\/a>&#8216;, protagonizada por <a href=\"https:\/\/www.ecartelera.com\/personas\/jodie-foster\/\" data-mention-type=\"persona\" data-mention-id=\"1654\" rel=\"nofollow noopener\" target=\"_blank\">Jodie Foster<\/a> y dirigida por <a href=\"https:\/\/www.ecartelera.com\/personas\/rebecca-zlotowski\/\" data-mention-type=\"persona\" data-mention-id=\"18771\" rel=\"nofollow noopener\" target=\"_blank\">Rebecca Zlotowski<\/a>; y la animaci\u00f3n japonesa de &#8216;\u00d4ru y\u00fb n\u00eedo izu kiru&#8217;.<\/p>\n","protected":false},"excerpt":{"rendered":"Por cuarta semana consecutiva, y a pesar de que las cifras no est\u00e1n siendo tan memorables como con&hellip;\n","protected":false},"author":2,"featured_media":335226,"comment_status":"","ping_status":"","sticky":false,"template":"","format":"standard","meta":{"footnotes":""},"categories":[169],"tags":[1014,1015,1013,177,1011,146,147,25,24,782,176,1019,1016,175,753,1012,23,1017,1018],"class_list":{"0":"post-335225","1":"post","2":"type-post","3":"status-publish","4":"format-standard","5":"has-post-thumbnail","7":"category-cine","8":"tag-actores","9":"tag-actrices","10":"tag-cartelera","11":"tag-cine","12":"tag-ecartelera","13":"tag-entertainment","14":"tag-entretenimiento","15":"tag-es","16":"tag-espana","17":"tag-estrellas","18":"tag-film","19":"tag-fotogramas","20":"tag-fotos","21":"tag-movies","22":"tag-peliculas","23":"tag-pelis","24":"tag-spain","25":"tag-trailers","26":"tag-videos"},"share_on_mastodon":{"url":"https:\/\/pubeurope.com\/@es\/115877295235248802","error":""},"_links":{"self":[{"href":"https:\/\/www.europesays.com\/es\/wp-json\/wp\/v2\/posts\/335225","targetHints":{"allow":["GET"]}}],"collection":[{"href":"https:\/\/www.europesays.com\/es\/wp-json\/wp\/v2\/posts"}],"about":[{"href":"https:\/\/www.europesays.com\/es\/wp-json\/wp\/v2\/types\/post"}],"author":[{"embeddable":true,"href":"https:\/\/www.europesays.com\/es\/wp-json\/wp\/v2\/users\/2"}],"replies":[{"embeddable":true,"href":"https:\/\/www.europesays.com\/es\/wp-json\/wp\/v2\/comments?post=335225"}],"version-history":[{"count":0,"href":"https:\/\/www.europesays.com\/es\/wp-json\/wp\/v2\/posts\/335225\/revisions"}],"wp:featuredmedia":[{"embeddable":true,"href":"https:\/\/www.europesays.com\/es\/wp-json\/wp\/v2\/media\/335226"}],"wp:attachment":[{"href":"https:\/\/www.europesays.com\/es\/wp-json\/wp\/v2\/media?parent=335225"}],"wp:term":[{"taxonomy":"category","embeddable":true,"href":"https:\/\/www.europesays.com\/es\/wp-json\/wp\/v2\/categories?post=335225"},{"taxonomy":"post_tag","embeddable":true,"href":"https:\/\/www.europesays.com\/es\/wp-json\/wp\/v2\/tags?post=335225"}],"curies":[{"name":"wp","href":"https:\/\/api.w.org\/{rel}","templated":true}]}}