{"id":335255,"date":"2026-01-11T16:19:08","date_gmt":"2026-01-11T16:19:08","guid":{"rendered":"https:\/\/www.europesays.com\/es\/335255\/"},"modified":"2026-01-11T16:19:08","modified_gmt":"2026-01-11T16:19:08","slug":"la-famosa-modelo-internacional-que-trabaja-como-profesora-de-yoga-para-ninos","status":"publish","type":"post","link":"https:\/\/www.europesays.com\/es\/335255\/","title":{"rendered":"la famosa modelo internacional que trabaja como profesora de yoga para ni\u00f1os"},"content":{"rendered":"<p class=\"c-paragraph\">Tras la finalizaci\u00f3n de la edici\u00f3n de an\u00f3nimos el pasado mes, esta semana <a href=\"https:\/\/www.20minutos.es\/television\/todos-los-detalles-sobre-vuelta-gh-duo-regreso-un-famoso-television-formacion-las-parejas-trios_6918276_0.html\" title=\"Todos los detalles de la nueva edici\u00f3n de &#039;GH D\u00daO&#039;: el regreso de un famoso a la televisi\u00f3n, la formaci\u00f3n de las parejas o tr\u00edos...\" rel=\"nofollow noopener\" target=\"_blank\"><b>ha vuelto el formato de Gran Hermano a Telecinco en su versi\u00f3n GH D\u00fao<\/b><\/a>. En su primera gala, Jorge Javier present\u00f3 la casa donde todos los nuevos concursantes pasar\u00e1n los pr\u00f3ximos meses con la novedad de que esta se ha convertido en\u00a0una especie de <b>campamento que les har\u00e1 vivir\u00a0con raciones militares y con lo esencial<\/b>, a excepci\u00f3n de los famosos que consigan el privilegio de estar en la suite.<\/p>\n<p class=\"c-paragraph\">Entre los resotros m\u00e1s conocidos de esta nueva edici\u00f3n del programa se encuentran <b>Carmen Borrego, Bel\u00e9n Rodr\u00edguez, Anita Williams, Manuel Gonz\u00e1lez, Raquel Salazar, Sonia Madoc o <\/b><a href=\"https:\/\/www.20minutos.es\/television\/estreno-gh-duo-4-directo-arranca-reality-con-nuevos-concursantes-nuevas-cuentas-pendientes_6918595_6.html\" title=\"&#039;GH D\u00fao&#039; vuelve por todo lo alto: reviven a &quot;una bestia televisiva&quot;, al &quot;villano perfecto&quot;, una modelo y un Premio Nacional de Danza\" rel=\"nofollow noopener\" target=\"_blank\"><b>Carlos Lozano<\/b>, que ha vuelto a la televisi\u00f3n<\/a> despu\u00e9s de estar retirado de los focos durante unos a\u00f1os. a este casting se suma <b>Cristina Piaget<\/b>, reconocida por su carrera como modelo internacional y actriz.<\/p>\n<p>Qui\u00e9n es Cristina\u00a0Piaget<\/p>\n<p class=\"c-paragraph\">Nacida el 14 de mayo de 1969, la actual concursante de GH D\u00fao <b>comenz\u00f3 su trayectoria en el mundo de la moda con tan solo 14 a\u00f1os <\/b>de edad y su gran presencia la llev\u00f3 a ser portada de la revista ELLE dos a\u00f1os despu\u00e9s. El talento de la madrile\u00f1a fue haci\u00e9ndose eco y lleg\u00f3 a convertirse en una de las modelos m\u00e1s destacadas en<b> campa\u00f1as tanto nacionales como internacionales <\/b>y a colaborar con firmas como\u00a0Christian Dior, Yves Saint Laurent, Valentino o Paco Rabanne.\u00a0<\/p>\n<p class=\"c-paragraph\">Hija del actor de\u00a0w\u00e9sterns\u00a0Paul Piaget, la carrera profesional de Cristina no solo se ha centrado en la moda, sino que tambi\u00e9n <b>ha explorado el mundo de la interpretaci\u00f3n <\/b>desde que debut\u00f3 como actriz con solamente 11 a\u00f1os. Tambi\u00e9n, prob\u00f3 el teatro y se subi\u00f3 al escenario como parte de la obra\u00a0Ruinas. A partir de ese momento, <b>continu\u00f3 su formaci\u00f3n art\u00edstica en prestigiosas escuelas <\/b>como la\u00a0London Academy of Music and Drama o\u00a0el Actors Center de Londres.<\/p>\n<p class=\"c-paragraph\">A pesar de la fama que consigui\u00f3 tras ser portada de numerosas revistas y haber trabajado en diferentes obras cinematogr\u00e1ficas y de teatro,\u00a0Cristina ha llevado una vida marcada por la discreci\u00f3n. Este perfil bajo medi\u00e1tico vino sobre todo con la llegada de <b>su hijo Paul, con el que actualmente vive en Piedralaves<\/b>, un municipio situado en la provincia de \u00c1vila, en una casa autosostenible rodeada de campo y animales.<\/p>\n<p class=\"c-paragraph\">Este entorno privilegiado situado en la sierra de Gredos ha permitido que la concursante del programa de Telecinco pueda conectar mejor con la naturaleza y llevar un estilo de vida m\u00e1s espiritual. De hecho, la modelo y actriz<b> es budista y trabaja dando clases de yoga para ni\u00f1os <\/b>y realizando diferentes talleres.\u00a0A pesar de que Cristina siempre ha intentado mantener su vida sentimental lejos de los focos, la madrile\u00f1a mantuvo una relaci\u00f3n con Jos\u00e9 Mar\u00eda Cano y fue pillada por los paparazzi en Baleares con el actor\u00a0Sean Penn.<\/p>\n","protected":false},"excerpt":{"rendered":"Tras la finalizaci\u00f3n de la edici\u00f3n de an\u00f3nimos el pasado mes, esta semana ha vuelto el formato de&hellip;\n","protected":false},"author":2,"featured_media":335256,"comment_status":"","ping_status":"","sticky":false,"template":"","format":"standard","meta":{"footnotes":""},"categories":[171],"tags":[567,76462,146,147,25,24,76902,76901,3215,23,692,214],"class_list":{"0":"post-335255","1":"post","2":"type-post","3":"status-publish","4":"format-standard","5":"has-post-thumbnail","7":"category-tv","8":"tag-concursantes","9":"tag-cristina-piaget","10":"tag-entertainment","11":"tag-entretenimiento","12":"tag-es","13":"tag-espana","14":"tag-gh-duo-2","15":"tag-gran-hermano-duo-2","16":"tag-seo20","17":"tag-spain","18":"tag-telecinco","19":"tag-tv"},"share_on_mastodon":{"url":"https:\/\/pubeurope.com\/@es\/115877377621572685","error":""},"_links":{"self":[{"href":"https:\/\/www.europesays.com\/es\/wp-json\/wp\/v2\/posts\/335255","targetHints":{"allow":["GET"]}}],"collection":[{"href":"https:\/\/www.europesays.com\/es\/wp-json\/wp\/v2\/posts"}],"about":[{"href":"https:\/\/www.europesays.com\/es\/wp-json\/wp\/v2\/types\/post"}],"author":[{"embeddable":true,"href":"https:\/\/www.europesays.com\/es\/wp-json\/wp\/v2\/users\/2"}],"replies":[{"embeddable":true,"href":"https:\/\/www.europesays.com\/es\/wp-json\/wp\/v2\/comments?post=335255"}],"version-history":[{"count":0,"href":"https:\/\/www.europesays.com\/es\/wp-json\/wp\/v2\/posts\/335255\/revisions"}],"wp:featuredmedia":[{"embeddable":true,"href":"https:\/\/www.europesays.com\/es\/wp-json\/wp\/v2\/media\/335256"}],"wp:attachment":[{"href":"https:\/\/www.europesays.com\/es\/wp-json\/wp\/v2\/media?parent=335255"}],"wp:term":[{"taxonomy":"category","embeddable":true,"href":"https:\/\/www.europesays.com\/es\/wp-json\/wp\/v2\/categories?post=335255"},{"taxonomy":"post_tag","embeddable":true,"href":"https:\/\/www.europesays.com\/es\/wp-json\/wp\/v2\/tags?post=335255"}],"curies":[{"name":"wp","href":"https:\/\/api.w.org\/{rel}","templated":true}]}}