{"id":335315,"date":"2026-01-11T17:03:08","date_gmt":"2026-01-11T17:03:08","guid":{"rendered":"https:\/\/www.europesays.com\/es\/335315\/"},"modified":"2026-01-11T17:03:08","modified_gmt":"2026-01-11T17:03:08","slug":"la-excelencia-comienza-con-lo-basico","status":"publish","type":"post","link":"https:\/\/www.europesays.com\/es\/335315\/","title":{"rendered":"La excelencia comienza con lo b\u00e1sico"},"content":{"rendered":"<p class=\"ft-text ft-helper-closenews ft-helper-align-justify\"><strong>Vincent van der Lubbe<\/strong>, 52 a\u00f1os, <strong>holand\u00e9s<\/strong>, vive con su pareja Marta y su hijo Sam (3) en la capital catalana, junto con su labrador Niko. <strong>Desde 2016 en Barcelona, despu\u00e9s de haber vivido en La Haya, \u00c1msterdam, Berl\u00edn y Z\u00farich<\/strong>. Socio de <strong>DoITogether Architecture<\/strong>, una consultor\u00eda boutique internacional que suaviza las fricciones no t\u00e9cnicas para sus clientes en el \u00e1mbito de las tecnolog\u00edas de la informaci\u00f3n. Le encanta la comida catalana, disfruta de vivir cerca del agua y echa de menos las galletas holandesas.\u00a0<\/p>\n<p class=\"ft-text ft-helper-align-justify\"><strong>\u00bfPor qu\u00e9 elegiste Barcelona?\u00a0<\/strong><\/p>\n<p class=\"ft-text ft-helper-align-justify\">Tuve la suerte de conocer a Marta, cuya familia es de Olesa de Montserrat, donde ella naci\u00f3 y se cri\u00f3, aunque tambi\u00e9n ha vivido en el extranjero, y decid\u00ed quedarme por muchas razones. Sus padres adoran a nuestro hijo y lo ven a menudo, lo que hace que nuestra vida familiar sea m\u00e1s f\u00e1cil y rica, y como mi madre ya tiene 81 a\u00f1os y vive en los Pa\u00edses Bajos, es importante vivir en una ciudad bien comunicada. Esta conectividad, como socio de una consultor\u00eda boutique internacional con clientes extranjeros, tambi\u00e9n facilita mucho mi trabajo a distancia y mis viajes. Para nosotros, Barcelona simplemente encaja a nivel personal, pr\u00e1ctico y profesional.\u00a0<\/p>\n<p class=\"ft-text ft-helper-align-justify\"><strong>\u00bfQu\u00e9 aspectos positivos destacar\u00edas de la ciudad?\u00a0<\/strong><\/p>\n<p class=\"ft-text ft-helper-align-justify\">El cari\u00f1o que te demuestran las personas que te quieren. El tiempo que paso con mi familia y amigos, la buena comida, la salud, la comunidad. Una cultura que valora la presencia por encima de las prisas, algo que he aprendido a apreciar. Y Barcelona tiene muchos activos reales: es una ciudad hist\u00f3rica junto al mar con hospitales de primer nivel, centros de investigaci\u00f3n, talento en el \u00e1mbito del dise\u00f1o y excelentes conexiones con el resto de Europa.\u00a0<\/p>\n<p class=\"ft-text ft-helper-align-justify\"><strong>\u00bfQu\u00e9 aspectos de la ciudad deben mejorarse? \u00bfC\u00f3mo?\u00a0<\/strong><\/p>\n<p class=\"ft-text ft-helper-align-justify\">Barcelona fue pionera en la participaci\u00f3n ciudadana con la plataforma Decidim, lo cual es notable. Me encantar\u00eda que esa forma de pensar llegara a la vida cotidiana. \u00bfPodr\u00eda una bicicleta Bicing averiada ser tan localizable como una propuesta de Decidim? \u00bfO podr\u00edan los comentarios sobre los autobuses tener la misma transparencia que los presupuestos de los barrios? La atenci\u00f3n est\u00e1 ah\u00ed, las herramientas solo tienen que ponerse al d\u00eda.\u00a0<\/p>\n<p class=\"ft-text ft-helper-align-justify\"><strong>\u00bfQu\u00e9 esperas de Barcelona en los pr\u00f3ximos a\u00f1os?\u00a0<\/strong><\/p>\n<p class=\"ft-text ft-helper-align-justify\">Barcelona quiere ser sostenible e innovadora, un lugar donde convivan la vida laboral y familiar. Comparto esa ambici\u00f3n. Y como dijo Cruyff, otro holand\u00e9s barcelon\u00e9s por elecci\u00f3n como yo, jugar al f\u00fatbol de forma sencilla es lo m\u00e1s dif\u00edcil. Los chefs de esta ciudad tambi\u00e9n lo saben: la excelencia comienza con lo b\u00e1sico. Si Barcelona puede arreglar bicicletas y terminar las obras p\u00fablicas con el mismo cuidado, atraer\u00e1 naturalmente a quienes construyen el futuro.\u00a0<\/p>\n<p class=\"ft-text ft-helper-align-justify\"><strong>\u00bfQu\u00e9 ciudad sientes como \u00abtu ciudad\u00bb? \u00bfQu\u00e9 es lo que m\u00e1s echas de menos?\u00a0<\/strong><\/p>\n<p class=\"ft-text ft-helper-align-justify\">Te llevas contigo partes de cada lugar en el que has vivido: las dunas de La Haya, la confianza de \u00c1msterdam, la libertad de Berl\u00edn, los lagos de Z\u00farich. Echo de menos estar en todas partes a la vez con todos mis seres queridos. Pero Barcelona me est\u00e1 ense\u00f1ando la verdadera habilidad: estar plenamente presente donde est\u00e1s. Estar completamente ah\u00ed para las personas que te rodean. Eso es lo que importa.\u00a0<\/p>\n<p data-close=\"closedContent\" class=\"subscribeHideForDisplay\">Suscr\u00edbete para seguir leyendo<\/p>\n","protected":false},"excerpt":{"rendered":"Vincent van der Lubbe, 52 a\u00f1os, holand\u00e9s, vive con su pareja Marta y su hijo Sam (3) en&hellip;\n","protected":false},"author":2,"featured_media":335316,"comment_status":"","ping_status":"","sticky":false,"template":"","format":"standard","meta":{"footnotes":""},"categories":[173],"tags":[229,233,231,230,210,76911,5787,232,234,146,147,25,24,32912,76910,23,76912,26861],"class_list":{"0":"post-335315","1":"post","2":"type-post","3":"status-publish","4":"format-standard","5":"has-post-thumbnail","7":"category-arte-y-diseno","8":"tag-arte","9":"tag-arte-y-diseno","10":"tag-arts","11":"tag-arts-and-design","12":"tag-barcelona","13":"tag-consultor","14":"tag-der","15":"tag-design","16":"tag-diseno","17":"tag-entertainment","18":"tag-entretenimiento","19":"tag-es","20":"tag-espana","21":"tag-holandes","22":"tag-lubbe","23":"tag-spain","24":"tag-talento-barcelona","25":"tag-vincent"},"share_on_mastodon":{"url":"https:\/\/pubeurope.com\/@es\/115877550637703878","error":""},"_links":{"self":[{"href":"https:\/\/www.europesays.com\/es\/wp-json\/wp\/v2\/posts\/335315","targetHints":{"allow":["GET"]}}],"collection":[{"href":"https:\/\/www.europesays.com\/es\/wp-json\/wp\/v2\/posts"}],"about":[{"href":"https:\/\/www.europesays.com\/es\/wp-json\/wp\/v2\/types\/post"}],"author":[{"embeddable":true,"href":"https:\/\/www.europesays.com\/es\/wp-json\/wp\/v2\/users\/2"}],"replies":[{"embeddable":true,"href":"https:\/\/www.europesays.com\/es\/wp-json\/wp\/v2\/comments?post=335315"}],"version-history":[{"count":0,"href":"https:\/\/www.europesays.com\/es\/wp-json\/wp\/v2\/posts\/335315\/revisions"}],"wp:featuredmedia":[{"embeddable":true,"href":"https:\/\/www.europesays.com\/es\/wp-json\/wp\/v2\/media\/335316"}],"wp:attachment":[{"href":"https:\/\/www.europesays.com\/es\/wp-json\/wp\/v2\/media?parent=335315"}],"wp:term":[{"taxonomy":"category","embeddable":true,"href":"https:\/\/www.europesays.com\/es\/wp-json\/wp\/v2\/categories?post=335315"},{"taxonomy":"post_tag","embeddable":true,"href":"https:\/\/www.europesays.com\/es\/wp-json\/wp\/v2\/tags?post=335315"}],"curies":[{"name":"wp","href":"https:\/\/api.w.org\/{rel}","templated":true}]}}