{"id":335321,"date":"2026-01-11T17:07:10","date_gmt":"2026-01-11T17:07:10","guid":{"rendered":"https:\/\/www.europesays.com\/es\/335321\/"},"modified":"2026-01-11T17:07:10","modified_gmt":"2026-01-11T17:07:10","slug":"pedro-pascal-50-tuvo-que-abandonar-la-nueva-pelicula-de-los-vengadores-por-una-grave-lesion-le-rompi-vandal","status":"publish","type":"post","link":"https:\/\/www.europesays.com\/es\/335321\/","title":{"rendered":"Pedro Pascal (50) tuvo que abandonar la nueva pel\u00edcula de los Vengadores por una grave lesi\u00f3n: &#039;Le romp\u00ed&#039; &#8211; Vandal"},"content":{"rendered":"<ol>\n<li><a href=\"https:\/\/news.google.com\/rss\/articles\/CBMi4AFBVV95cUxOTDNrVFBIWHl3dzdJZTRaN1VIZXlQNUhpRDNYTU5jSFhaVHVjZUQxWndraGFlTjc3RmNESEtTMTJFXzV1LUFsbnV3YVZjaGR6SjU0MFVWdW5NQUhoTnlqUDlkdWZWVzBwVmpKRml5OC1ib05vUUpVc1pGUy1hbFIwOEZSam1waVRRVk1QeWxtUVp6Q016Yzk4TTNxTVZ5Z29ST0hvYWVhUnl6bnlCZV9xN01KWWxneXh4LUdYN1FsUV9mM3B4TFhQYU9qT05UeTJMWHBuRkVSMWVxRlg2M3poeNIB5gFBVV95cUxPaElManN5UmRCM05QSjUwUFBlLUpFeS1Wa09nYlZPYWRVdWppb2FRNEpuUDAyci0xUkNyMV9CUnVjdldiZXFkMnlDM2F6bHJIQjBNMlhmVHFkLVZsUU9JVDFIMWZOOGpESEZ2ZFJpWHdPcVRpZlhHQ1JWT19GSzZJOWRSbVpmYTB0SUFpcERFR3l6V2VrZzEyaDh1emZRM2RpXzM4SjNVaDVWWmFRUmJXZE5yRDBEdzZYM1FCWGM5Y1JmN3Qzd1ZZSmVzZ0lIRFU0SU96RTd6bXJrUkNCWFFRUzcxb3NNUQ?oc=5\" target=\"_blank\" rel=\"nofollow noopener\">Pedro Pascal (50) tuvo que abandonar la nueva pel\u00edcula de los Vengadores por una grave lesi\u00f3n: &#8216;Le romp\u00ed&#8217;<\/a>&nbsp;&nbsp;Vandal<\/li>\n<li><a href=\"https:\/\/news.google.com\/rss\/articles\/CBMi5gFBVV95cUxQQndWOEVPR1ZucjgxNEd6ZC0xMjhMdXJsMi12R3FPUHdZUzlsVVVyNXlWdnh2SGlfeHZBN0VaWGNtRDYxc0xKVTNOVll4azBla0FNWnhONHNMeGVkZEdUcTFNRUJERmF3SGk4Z0ZuUXg5WTJsbkd4cS1MRlVqUFliU2NfSGhjZUtNYWlKRVBTeVJlTUlibWdJUGNYaFNGbGUybjFRUXFwUXFlYzQya1A2UHBMNWJqcF93dDN2cm41N1FRRGZqUGJJTkEtSGFxdjVyNTA5SGNKOHJlaW1xMTc0aFd6dHVQd9IB6wFBVV95cUxNOEV0STJBTkhnWDRXc29neV9UQm42WWFfdUZzMGgxU3hjbzZFd2s5ZzdzaTdReVctMXBua09uTEdtd3pmc2N3ZXE4UHRKdUhCVlFyc3Vfa1VvT3NMbWY4QnFyUDd0dk1EbXdyYzhKTDA5NTduMmlDRzlYUm9TYkdienRTN3JqQThFb1J2N0lOX0VDNG9tOVprcnplOWtrRnRaaVlLVVI1ZW00RUJUeUZqMUdEVWZlRG1oaW1mRDFSdDMzNk80aHhZVWl0aDJ3Ymp3Y0cwTnVEcDBQZWxNeER0VU1OQi14RnpaYmk0?oc=5\" target=\"_blank\" rel=\"nofollow noopener\">\u00abYo romp\u00ed a Pedro\u00bb. Alan Cumming revive el accidente en el set filmando &#8216;Vengadores: Endgame&#8217;<\/a>&nbsp;&nbsp;Espinof<\/li>\n<li><a href=\"https:\/\/news.google.com\/rss\/articles\/CBMinwFBVV95cUxON3VzUFZMUVU4WkRLVWdqalMxN19fZG95NDIxSWhaVElPM3hDV1JSZUxXN2h4d0tvRWRsMkF3TjFKX1IwcUJIYkRGN3ctWnFtOU5DcVp5eDllLVR2ZU9CX29Xd0o4VjNuVGRxNHVGTWxJOWNSVmUtcDlVX0N3OC00N3JFRzFoc0FwSGYwUHhQcUhiY3lNb2NpQXpqVWltSmM?oc=5\" target=\"_blank\" rel=\"nofollow noopener\">Alan Cumming lesion\u00f3 a Pedro Pascal en su primer d\u00eda rodando &#8216;Vengadores: Doomsday&#8217;: \u00abRomp\u00ed a Pedro\u00bb<\/a>&nbsp;&nbsp;eCartelera<\/li>\n<li><a href=\"https:\/\/news.google.com\/rss\/articles\/CBMi2wFBVV95cUxNNU1DcTFwbWphcHBud1o4WWtHNzFJYVFGZzhXczhVeDZqX0NIdEx4MEItNnp2TTVSVEtlcUgtS01xaVRiOVlrcVNtM1NhcmNTN0s2MjBIQ21hallmOXJLUGJlY3VYLS1BSldWeXUzRUduSjJKX2VPMnltSmVpb0FCZWlUTEtRcU5GRmZaQ21wOGtpbzdIc3hwNU5xaVBpWjdzQmY2Sm9qMlQ4SjhPdFg1aXFhRkJvWDE5SExaVl9udlF2ZWYydUdpMVRxNEoyNmV6ZzJZdWh4aVY0Q2s?oc=5\" target=\"_blank\" rel=\"nofollow noopener\">\ud83d\udd34\ud83c\uddfa\ud83c\uddf8 Detienen a 8 manifestantes durante protestas en Minneapolis por la muerte de mujer estadunidense a manos de ICE https:\/\/mile.io\/4syjvB6<\/a>&nbsp;&nbsp;facebook.com<\/li>\n<li><a href=\"https:\/\/news.google.com\/rss\/articles\/CBMixwFBVV95cUxQaTRfbVBjdDlBVXhGN2Flb2p6OHNwOWJmcWJIaVpDRG1oQWFkNERUdWM0NVZZLUJhOHZkUXkyNm00RUpOQ0MwZVVqcmYwUUxZYTJhTHd3WHUyQlhSNHV1NTVNby01YXR4X3J1ZHJqUU9IdUFHVTgwYi1zYWlEdUFMOWp2Y2dsNEx0VHhFb1U4OWNEMHhIT3dqeGVBMFhsSHRNenZUQlQyQUk3SURrWEVrZ2RxRE1oZzVaSVY0OXg1ZEZ1cmxObGFR?oc=5\" target=\"_blank\" rel=\"nofollow noopener\">\u2018Avengers: Doomsday\u2019: Actor de Nightcrawler confiesa que lesion\u00f3 a Pedro Pascal durante el rodaje<\/a>&nbsp;&nbsp;Tomatazos<\/li>\n<\/ol>\n","protected":false},"excerpt":{"rendered":"Pedro Pascal (50) tuvo que abandonar la nueva pel\u00edcula de los Vengadores por una grave lesi\u00f3n: &#8216;Le romp\u00ed&#8217;&nbsp;&nbsp;Vandal&hellip;\n","protected":false},"author":2,"featured_media":335322,"comment_status":"","ping_status":"","sticky":false,"template":"","format":"standard","meta":{"footnotes":""},"categories":[169],"tags":[177,146,147,25,24,2065,176,175,23],"class_list":{"0":"post-335321","1":"post","2":"type-post","3":"status-publish","4":"format-standard","5":"has-post-thumbnail","7":"category-cine","8":"tag-cine","9":"tag-entertainment","10":"tag-entretenimiento","11":"tag-es","12":"tag-espana","13":"tag-faltan-tags","14":"tag-film","15":"tag-movies","16":"tag-spain"},"share_on_mastodon":{"url":"https:\/\/pubeurope.com\/@es\/115877566499175335","error":""},"_links":{"self":[{"href":"https:\/\/www.europesays.com\/es\/wp-json\/wp\/v2\/posts\/335321","targetHints":{"allow":["GET"]}}],"collection":[{"href":"https:\/\/www.europesays.com\/es\/wp-json\/wp\/v2\/posts"}],"about":[{"href":"https:\/\/www.europesays.com\/es\/wp-json\/wp\/v2\/types\/post"}],"author":[{"embeddable":true,"href":"https:\/\/www.europesays.com\/es\/wp-json\/wp\/v2\/users\/2"}],"replies":[{"embeddable":true,"href":"https:\/\/www.europesays.com\/es\/wp-json\/wp\/v2\/comments?post=335321"}],"version-history":[{"count":0,"href":"https:\/\/www.europesays.com\/es\/wp-json\/wp\/v2\/posts\/335321\/revisions"}],"wp:featuredmedia":[{"embeddable":true,"href":"https:\/\/www.europesays.com\/es\/wp-json\/wp\/v2\/media\/335322"}],"wp:attachment":[{"href":"https:\/\/www.europesays.com\/es\/wp-json\/wp\/v2\/media?parent=335321"}],"wp:term":[{"taxonomy":"category","embeddable":true,"href":"https:\/\/www.europesays.com\/es\/wp-json\/wp\/v2\/categories?post=335321"},{"taxonomy":"post_tag","embeddable":true,"href":"https:\/\/www.europesays.com\/es\/wp-json\/wp\/v2\/tags?post=335321"}],"curies":[{"name":"wp","href":"https:\/\/api.w.org\/{rel}","templated":true}]}}