{"id":335351,"date":"2026-01-11T17:29:07","date_gmt":"2026-01-11T17:29:07","guid":{"rendered":"https:\/\/www.europesays.com\/es\/335351\/"},"modified":"2026-01-11T17:29:07","modified_gmt":"2026-01-11T17:29:07","slug":"robbie-williams-sobre-su-hija-teddy-de-13-anos-quiere-desesperadamente-ser-famosa-le-he-dicho-carino-eres-una-nepo-baby-todo-saldra-bien","status":"publish","type":"post","link":"https:\/\/www.europesays.com\/es\/335351\/","title":{"rendered":"Robbie Williams, sobre su hija Teddy de 13 a\u00f1os: \u201cQuiere desesperadamente ser famosa. Le he dicho: &#8216;Cari\u00f1o, eres una nepo baby. Todo saldr\u00e1 bien\u201d"},"content":{"rendered":"<p class=\"has-dropcap\">Como invitado en el programa de la BBC Radio 2 Breakfast Show de Scott Mills, el <a href=\"https:\/\/www.revistavanityfair.es\/tags\/cuatro\" isautogenerated=\"true\" rel=\"nofollow noopener\" target=\"_blank\">cuatro<\/a> veces padre <a href=\"https:\/\/www.revistavanityfair.es\/articulos\/robbie-williams-entrevista-mujer-take-that-carrera-pelicula\" rel=\"nofollow noopener\" target=\"_blank\"><strong>Robbie Williams<\/strong><\/a> habl\u00f3 del conmovedor mensaje que su hija <strong>Teddy, de 13 a\u00f1os<\/strong>, le envi\u00f3 a las dos de la madrugada, confes\u00e1ndole su <strong>miedo a \u00abno ser nada\u00bb<\/strong> si no cumpl\u00eda su <strong>sue\u00f1o de convertirse en cantante<\/strong> (como su padre).<\/p>\n<p>Robbie Williams revel\u00f3 el <strong>contenido exacto del mensaje<\/strong>, admitiendo que le afect\u00f3 profundamente. Me escribi\u00f3 el jueves a las dos y seis de la madrugada. Me escribi\u00f3: \u201cPap\u00e1, \u00bfy si no me convierto en cantante? Mi mayor miedo es no serlo. \u00bfY si no soy nada?&#8217; Todo en may\u00fasculas\u00bb. A continuaci\u00f3n. Robbie Williams cont\u00f3 cu\u00e1l fue <strong>su respuesta<\/strong>, demostrando que es muy consciente de los privilegios que han heredado sus hijos. \u201cLe escrib\u00ed: &#8216;Cari\u00f1o, eres una nepo baby. Todo saldr\u00e1 bien\u201d.<\/p>\n<p>La estrella del pop, de 51 a\u00f1os, que tuvo a Teddy fruto de su relaci\u00f3n con <strong>su esposa Ayda Field<\/strong>, admiti\u00f3 que su hija adolescente <strong>\u00abquiere desesperadamente ser famosa\u00bb,<\/strong> pero que <strong>su naturaleza \u00abextremadamente sensible\u00bb<\/strong> le preocupa.<\/p>\n<p>Al comienzo de la entrevista, el presentador del programa mostr\u00f3 al ex miembro de Take That un v\u00eddeo de su hija Teddy participando en los ejercicios de calentamiento vocal antes de uno de sus conciertos. A lo que Robbie Williams coment\u00f3 orgulloso: \u00abEs algo muy especial, porque ahora saben qui\u00e9n es su pap\u00e1. Vivir una experiencia as\u00ed con tus hijos es incre\u00edble\u00bb.<\/p>\n<p>Despu\u00e9s, la estrella del pop, revel\u00f3: \u201cYo tambi\u00e9n quer\u00eda desesperadamente la fama&#8230; pero nunca he visto una pasi\u00f3n tan intensa como la de Teddy\u201d. Y sobre la extrema sensibilidad de su hija adolescente, confes\u00f3: \u201c<strong>Temo las palabras hirientes, las cr\u00edticas injustas.<\/strong> Profesionalmente puedo guiarla, pero todo lo dem\u00e1s&#8230; sabemos que es un mundo complejo\u201d.<\/p>\n<p>A pesar de sus inquietudes como padre, Robbie Williams subray\u00f3 que se siente agradecido por su vida y su <a href=\"https:\/\/www.revistavanityfair.es\/tags\/carrera\" isautogenerated=\"true\" rel=\"nofollow noopener\" target=\"_blank\">carrera<\/a>. \u201cEs una existencia maravillosa, un trabajo creativo y extraordinario, y me considero incre\u00edblemente afortunado\u201d.<\/p>\n<p>La entrevista llega pocos meses despu\u00e9s del debut cinematogr\u00e1fico de Teddy Williams, que protagoniz\u00f3 la pel\u00edcula navide\u00f1a Tinsel Town interpretando a la hija de la protagonista, Rebel Wilson.<\/p>\n<p>Art\u00edculo publicado en Vanity Fair Italia. Accede al original <a href=\"https:\/\/www.vanityfair.it\/article\/robbie-williams-figlia-teddy-13-anni-ha-una-voglia-disperata-di-diventare-famosa-le-ho-risposto-amore-sei-una-nepo-baby-andra-tutto-bene\" rel=\"nofollow noopener\" target=\"_blank\"><strong>aqu\u00ed<\/strong><\/a>.<\/p>\n","protected":false},"excerpt":{"rendered":"Como invitado en el programa de la BBC Radio 2 Breakfast Show de Scott Mills, el cuatro veces&hellip;\n","protected":false},"author":2,"featured_media":335352,"comment_status":"","ping_status":"","sticky":false,"template":"","format":"standard","meta":{"footnotes":""},"categories":[170],"tags":[255,33065,146,147,25,24,184,185,23,8373],"class_list":["post-335351","post","type-post","status-publish","format-standard","has-post-thumbnail","category-musica","tag-celebrities","tag-digital_syndication","tag-entertainment","tag-entretenimiento","tag-es","tag-espana","tag-music","tag-musica","tag-spain","tag-textaboveleftsmall"],"share_on_mastodon":{"url":"https:\/\/pubeurope.com\/@es\/115877653178400204","error":""},"_links":{"self":[{"href":"https:\/\/www.europesays.com\/es\/wp-json\/wp\/v2\/posts\/335351","targetHints":{"allow":["GET"]}}],"collection":[{"href":"https:\/\/www.europesays.com\/es\/wp-json\/wp\/v2\/posts"}],"about":[{"href":"https:\/\/www.europesays.com\/es\/wp-json\/wp\/v2\/types\/post"}],"author":[{"embeddable":true,"href":"https:\/\/www.europesays.com\/es\/wp-json\/wp\/v2\/users\/2"}],"replies":[{"embeddable":true,"href":"https:\/\/www.europesays.com\/es\/wp-json\/wp\/v2\/comments?post=335351"}],"version-history":[{"count":0,"href":"https:\/\/www.europesays.com\/es\/wp-json\/wp\/v2\/posts\/335351\/revisions"}],"wp:featuredmedia":[{"embeddable":true,"href":"https:\/\/www.europesays.com\/es\/wp-json\/wp\/v2\/media\/335352"}],"wp:attachment":[{"href":"https:\/\/www.europesays.com\/es\/wp-json\/wp\/v2\/media?parent=335351"}],"wp:term":[{"taxonomy":"category","embeddable":true,"href":"https:\/\/www.europesays.com\/es\/wp-json\/wp\/v2\/categories?post=335351"},{"taxonomy":"post_tag","embeddable":true,"href":"https:\/\/www.europesays.com\/es\/wp-json\/wp\/v2\/tags?post=335351"}],"curies":[{"name":"wp","href":"https:\/\/api.w.org\/{rel}","templated":true}]}}