{"id":335383,"date":"2026-01-11T17:52:10","date_gmt":"2026-01-11T17:52:10","guid":{"rendered":"https:\/\/www.europesays.com\/es\/335383\/"},"modified":"2026-01-11T17:52:10","modified_gmt":"2026-01-11T17:52:10","slug":"vive-el-coac-2026-de-manera-integra-con-radio-cadiz-asi-sera-la-programacion-de-la-ser-en-el-carnaval-de-cadiz-cadena-ser","status":"publish","type":"post","link":"https:\/\/www.europesays.com\/es\/335383\/","title":{"rendered":"Vive el COAC 2026 de manera \u00edntegra con Radio C\u00e1diz: as\u00ed ser\u00e1 la programaci\u00f3n de la SER en el Carnaval de C\u00e1diz &#8211; Cadena SER"},"content":{"rendered":"<ol>\n<li><a href=\"https:\/\/news.google.com\/rss\/articles\/CBMi-gFBVV95cUxOVFp4LVVEcDduU2Z4MEFSRmp2blVqVlBScHNwODhMUDNnWERlNXJZaFFDVGF6RTlfRGJSdEZGWHBLMFFLWmZ2NmE5ejFGcFFOdTJ0bFFLNWx0dUkwcEhfVWlkemhFWksweTU4NXMyak1hOGJxQ29WVHhzMTRhaVdxczRCUm40MC1lendrSVFKbDFObjRSVThOajhtQlhnZUxoSXBLb09HNEZBNkZUQm9waWZPMUQ4akM3WFFmLTZTV2Z3c3FVekVfNjlFMkdqeEdTS3R5NVdxZVJQR2Q4Q2tCU2NGNEx1MjlUOWJDeE8wZG0zRThqcldMb1FB?oc=5\" target=\"_blank\" rel=\"nofollow noopener\">Vive el COAC 2026 de manera \u00edntegra con Radio C\u00e1diz: as\u00ed ser\u00e1 la programaci\u00f3n de la SER en el Carnaval de C\u00e1diz<\/a>&nbsp;&nbsp;Cadena SER<\/li>\n<li><a href=\"https:\/\/news.google.com\/rss\/articles\/CBMi3AFBVV95cUxOdGNsbmYweVdGc2Z2M2tVc2RfVHNkMjNhYnU1Y2lFVXVFSGZDUm5fdUl5b3hpN1VRdVVlY1RrTnduVmItY0ZIaFU4NmMzbHU4bDZrUlJ6RnNhR1pVQ2w0QmU1SUVoR1lWZ3RqdHNkQk1Hc0w1T2x5aS1RSnhvdmhaMlBkTnpWd3FPdnVFdzdfdGkxUURfMkVDOEtDVUVPaF9JeVV6ODItNndramFvZGZhU19sTnAxU19yc0NPVnBVT3dxZXg4dXRHRmluMHVTVzNVcFFDUG5RSVZENDV10gHiAUFVX3lxTE5faUJLcHBuWGVmZ24yMGhmdUhrd1BfYktCMGt1V0RkZzJndWJnZ1BuNUFubFkzQ0hCZEh1M3JERTU3a0Vmd1M2akFQYzI1Q1M2aHlkWGFGZHFvRlBoUE10MmJBRi05Y1hNTUtIOTJHX3RuTTlXM2Zpdm14MU1PNEloaGx5ZURxa1FXU3d4ZjV0Y3JPdzBzZ05BWUptTWp1eE5haExxdkVuN2JSTlNBUFYwV0tab0JSdm5raWxTZGVIV3JoZXNxOWN5NmtlVDA5Vy10Zm02VFNlQW0weVBQamwxQlE?oc=5\" target=\"_blank\" rel=\"nofollow noopener\">Preliminares COAC 2026: \u00bfQui\u00e9n canta hoy domingo 11 de enero en el Teatro Falla? Orden de actuaci\u00f3n de la primera sesi\u00f3n<\/a>&nbsp;&nbsp;Diario de C\u00e1diz<\/li>\n<li><a href=\"https:\/\/news.google.com\/rss\/articles\/CBMi2AFBVV95cUxOTHlIMFpDQWx6TTlBaEhuVUU2VDZWTzhEQms4M3hIc25JR1QzRlliNzVHcmVIT1dxMlZYcXJoY25MYkFEdVoxLXItb1BZbFEwQWZEYWMxTG5HYWp1WVNDYURoNWJVbWtLMEZ4NjdqWHVxZzZheTVEWFZqSnhrcVVLVWRqaG5TdGNqR3B3c3F2eFV3c0hlNXhldVpFRlpZT0VkZ25Oa1hfV0taZmpjbHhhRGdIWWZwQVhRbWVXTEVOaWx2VzZPZjN5NFNfQkk4MFRrbTdNY3JUQXY?oc=5\" target=\"_blank\" rel=\"nofollow noopener\">C\u00e1diz se entrega a la batalla por las mejores coplas de su Carnaval con 123 agrupaciones de adultos<\/a>&nbsp;&nbsp;EL PA\u00cdS<\/li>\n<li><a href=\"https:\/\/news.google.com\/rss\/articles\/CBMivAFBVV95cUxOMW9BNDk2bG14cUtWblEwYVd6TjB3NGMtVGl0Y1lDM1g4c1RYSVRPSmFLNW5JSHJhTHlsX2ZwRjBncTByQmY3bjAtOTNwdHBpQ3doU3lUTFBwTWRLdklyNzlhSkdlZ1NST0NUbHJHak9CYUtranloNjVNUGJRVnhDVmJZUnZ3TWpiMFZYUU9VY1dBTEJZRWhiYXlTUmRONE5kNkVscVFiSmZ2UU1CSS03emtUS1BEZ1QyY2VfZw?oc=5\" target=\"_blank\" rel=\"nofollow noopener\">Agrupaciones sevillanas en el Concurso de Carnaval del Gran Teatro Falla 2026: cu\u00e1les son y cu\u00e1ndo act\u00faan<\/a>&nbsp;&nbsp;ABC<\/li>\n<li><a href=\"https:\/\/news.google.com\/rss\/articles\/CBMiswFBVV95cUxPU1lIMmxuRGlwX0NRSzBWSmV4dXdvM1dmdG1wSzdZMlVCMnU1RGpOQTlSTmg5MlVHbnNmc2dnWnBrRGVvQUYzUktMd0VSWnpEa1h4ZHA5aVhMemZKVkhHc2hWcHdDeHNZUDRnWXFXaFd4VjFXZ182dHliS05kLXZ0SFBFMUFhemVkSFczaF91cV94Y1ZrNW4waXIwTm5KM0V4RnhJNV9zWVptaVhWUTRrcVlTOA?oc=5\" target=\"_blank\" rel=\"nofollow noopener\">Manu S\u00e1nchez, pregonero: \u00abEl Carnaval de C\u00e1diz es el \u00faltimo basti\u00f3n de libertad real que nos queda\u00bb<\/a>&nbsp;&nbsp;La Voz Digital<\/li>\n<\/ol>\n","protected":false},"excerpt":{"rendered":"Vive el COAC 2026 de manera \u00edntegra con Radio C\u00e1diz: as\u00ed ser\u00e1 la programaci\u00f3n de la SER en&hellip;\n","protected":false},"author":2,"featured_media":330182,"comment_status":"","ping_status":"","sticky":false,"template":"","format":"standard","meta":{"footnotes":""},"categories":[170],"tags":[146,147,25,24,184,185,23],"class_list":{"0":"post-335383","1":"post","2":"type-post","3":"status-publish","4":"format-standard","5":"has-post-thumbnail","7":"category-musica","8":"tag-entertainment","9":"tag-entretenimiento","10":"tag-es","11":"tag-espana","12":"tag-music","13":"tag-musica","14":"tag-spain"},"share_on_mastodon":{"url":"https:\/\/pubeurope.com\/@es\/115877743647779244","error":""},"_links":{"self":[{"href":"https:\/\/www.europesays.com\/es\/wp-json\/wp\/v2\/posts\/335383","targetHints":{"allow":["GET"]}}],"collection":[{"href":"https:\/\/www.europesays.com\/es\/wp-json\/wp\/v2\/posts"}],"about":[{"href":"https:\/\/www.europesays.com\/es\/wp-json\/wp\/v2\/types\/post"}],"author":[{"embeddable":true,"href":"https:\/\/www.europesays.com\/es\/wp-json\/wp\/v2\/users\/2"}],"replies":[{"embeddable":true,"href":"https:\/\/www.europesays.com\/es\/wp-json\/wp\/v2\/comments?post=335383"}],"version-history":[{"count":0,"href":"https:\/\/www.europesays.com\/es\/wp-json\/wp\/v2\/posts\/335383\/revisions"}],"wp:featuredmedia":[{"embeddable":true,"href":"https:\/\/www.europesays.com\/es\/wp-json\/wp\/v2\/media\/330182"}],"wp:attachment":[{"href":"https:\/\/www.europesays.com\/es\/wp-json\/wp\/v2\/media?parent=335383"}],"wp:term":[{"taxonomy":"category","embeddable":true,"href":"https:\/\/www.europesays.com\/es\/wp-json\/wp\/v2\/categories?post=335383"},{"taxonomy":"post_tag","embeddable":true,"href":"https:\/\/www.europesays.com\/es\/wp-json\/wp\/v2\/tags?post=335383"}],"curies":[{"name":"wp","href":"https:\/\/api.w.org\/{rel}","templated":true}]}}