{"id":335411,"date":"2026-01-11T18:14:09","date_gmt":"2026-01-11T18:14:09","guid":{"rendered":"https:\/\/www.europesays.com\/es\/335411\/"},"modified":"2026-01-11T18:14:09","modified_gmt":"2026-01-11T18:14:09","slug":"disfruta-el-invierno-10-01-2026","status":"publish","type":"post","link":"https:\/\/www.europesays.com\/es\/335411\/","title":{"rendered":"Disfruta el invierno 10.01.2026"},"content":{"rendered":"<p class=\"mce\">Arrancamos el primer fin de semana de rebajas conociendo c\u00f3mo lo viven los madrile\u00f1os. Adem\u00e1s, nos desplazamos a la sierra para descubrirlo todo sobre sus m\u00fasicas populares.<\/p>\n<p class=\"mce\">M\u00e1s tarde, en Villaverde, probamos un nuevo formato del rosc\u00f3n de Reyes pero con un estilo muy castizo; oreja, morcilla y entresijos. Otra de las cosas que aprendemos es a aprovechar los restos del jam\u00f3n de estas navidades. Tambi\u00e9n, estudiamos a fondo la kombucha; una bebida que est\u00e1 muy de moda.<\/p>\n<p class=\"mce\">Con este tiempo tan caracter\u00edstico de invierno, tenemos zonas repletas de nieve y hemos decidido hacer  una ruta con raquetas de nieve hacia el alto de la virgen, en la Sierra de Guadarrama.<\/p>\n","protected":false},"excerpt":{"rendered":"Arrancamos el primer fin de semana de rebajas conociendo c\u00f3mo lo viven los madrile\u00f1os. Adem\u00e1s, nos desplazamos a&hellip;\n","protected":false},"author":2,"featured_media":335412,"comment_status":"","ping_status":"","sticky":false,"template":"","format":"standard","meta":{"footnotes":""},"categories":[171],"tags":[76921,146,147,25,24,5727,5729,5728,23,5726,214,76920],"class_list":{"0":"post-335411","1":"post","2":"type-post","3":"status-publish","4":"format-standard","5":"has-post-thumbnail","7":"category-tv","8":"tag-disfruta-madrid","9":"tag-entertainment","10":"tag-entretenimiento","11":"tag-es","12":"tag-espana","13":"tag-programacion-a-la-carta","14":"tag-programas-telemadrid","15":"tag-programas-television","16":"tag-spain","17":"tag-telemadrid-a-la-carta","18":"tag-tv","19":"tag-vod-telemadrid"},"share_on_mastodon":{"url":"https:\/\/pubeurope.com\/@es\/115877829992285589","error":""},"_links":{"self":[{"href":"https:\/\/www.europesays.com\/es\/wp-json\/wp\/v2\/posts\/335411","targetHints":{"allow":["GET"]}}],"collection":[{"href":"https:\/\/www.europesays.com\/es\/wp-json\/wp\/v2\/posts"}],"about":[{"href":"https:\/\/www.europesays.com\/es\/wp-json\/wp\/v2\/types\/post"}],"author":[{"embeddable":true,"href":"https:\/\/www.europesays.com\/es\/wp-json\/wp\/v2\/users\/2"}],"replies":[{"embeddable":true,"href":"https:\/\/www.europesays.com\/es\/wp-json\/wp\/v2\/comments?post=335411"}],"version-history":[{"count":0,"href":"https:\/\/www.europesays.com\/es\/wp-json\/wp\/v2\/posts\/335411\/revisions"}],"wp:featuredmedia":[{"embeddable":true,"href":"https:\/\/www.europesays.com\/es\/wp-json\/wp\/v2\/media\/335412"}],"wp:attachment":[{"href":"https:\/\/www.europesays.com\/es\/wp-json\/wp\/v2\/media?parent=335411"}],"wp:term":[{"taxonomy":"category","embeddable":true,"href":"https:\/\/www.europesays.com\/es\/wp-json\/wp\/v2\/categories?post=335411"},{"taxonomy":"post_tag","embeddable":true,"href":"https:\/\/www.europesays.com\/es\/wp-json\/wp\/v2\/tags?post=335411"}],"curies":[{"name":"wp","href":"https:\/\/api.w.org\/{rel}","templated":true}]}}