{"id":335415,"date":"2026-01-11T18:16:08","date_gmt":"2026-01-11T18:16:08","guid":{"rendered":"https:\/\/www.europesays.com\/es\/335415\/"},"modified":"2026-01-11T18:16:08","modified_gmt":"2026-01-11T18:16:08","slug":"salud-no-responde-el-documental-de-las-mareas-blancas-sobre-la-sanidad-publica-andaluza","status":"publish","type":"post","link":"https:\/\/www.europesays.com\/es\/335415\/","title":{"rendered":"\u00abSalud no responde\u00bb, el documental de las Mareas Blancas sobre la sanidad p\u00fablica andaluza"},"content":{"rendered":"<p>Pacientes, profesionales sanitarios y activistas <strong>dan su testimonio sobre el \u00abdeterioro\u00bb de los servicios sanitarios p\u00fablicos en Andaluc\u00eda en \u00abSalud no responde\u00bb,<\/strong> un documental impulsado por la Marea Blanca de la comunidad, rodado gracias a una microfinanciaci\u00f3n colectiva y que ha dirigido Pablo Coca.<\/p>\n<p><strong>\u00abHemos puesto el term\u00f3metro de la situaci\u00f3n en la calle\u00bb,<\/strong> explica, en declaraciones a EFE, Pablo Coca, antes del estreno del documental este domingo en Sevilla, en un acto al que han acudido el coordinador general de IU y candidato a la presidencia de la Junta, Antonio Ma\u00edllo, la portavoz adjunta del PSOE en el parlamento andaluz, \u00c1ngeles F\u00e9rriz, y el portavoz de Adelante Andaluc\u00eda, Jos\u00e9 Ignacio Garc\u00eda.<\/p>\n<p>Pablo Coca lleva desde 1995 rodando documentales, especialmente vinculados con temas sociales, como \u00abDe espalda al sol\u00bb sobre los sucesos de \u00abLa Desband\u00e1\u00bb; \u00abEl mapa de Carlos\u00bb sobre Carlos Cano, \u00abGeneraci\u00f3n Jarcha\u00bb sobre la banda que traslad\u00f3 a la m\u00fasica la \u00e9poca de la \u00abTransici\u00f3n espa\u00f1ola\u00bb, o \u00abDe la cruz al martillo\u00bb, sobre sacerdotes que se implicaron en la lucha obrera andaluza.<\/p>\n<p><strong>La Coordinadora de las Mareas Blancas contact\u00f3 con \u00e9l para pedirle que llevara a cabo un proyecto de grabar un documental<\/strong> con el que dar a conocer \u00abla situaci\u00f3n de deterioro progresivo e intencionado en que se encuentra la sanidad p\u00fablica andaluza desde hace a\u00f1os\u00bb y su lucha en este campo, seg\u00fan establece el proyecto.<\/p>\n<p>\u00abEra un proyecto que yo llevaba tiempo rumiando y casualidades de la vidas contactaron conmigo para hacerlo\u00bb, cuenta el director.<\/p>\n<p>El proyecto se ha <strong>financiado gracias a las aportaciones en el portal de microfinanciaci\u00f3n colectiva Gote<\/strong>o, en cuya web figura que se han logrado 43.363 euros para rodar este trabajo. Su nombre hace referencia al servicio de atenci\u00f3n telef\u00f3nica de la Junta denominado Salud Responde.<\/p>\n<p>Para llevarlo a cabo Pablo Coca ha contado con la colaboraci\u00f3n de Mareas Blancas de diez comarcas andaluzas, de sus ocho provincias, que le han puesto en contacto son sanitarios, vecinos y activistas que <strong>han querido dar su visi\u00f3n y testimonio sobre c\u00f3mo ha cambiado para ellos la sanidad p\u00fablica en Andaluc\u00eda en los \u00faltimos a\u00f1os.<\/strong><\/p>\n<p>\u00abAlgo que me ha sorprendido mucho es <strong>c\u00f3mo la defensa de la sanidad p\u00fablica est\u00e1 vertebrando a la sociedad andaluza<\/strong>. Me ha recordado a mis primeros documentales sobre jornaleros que reivindicaban que la tierra era para el que la trabajaba. Ahora el lema que vertebra la lucha es que la salud es lo primero y hay que defenderla\u00bb, ha destacado.<\/p>\n<p>El director confiesa que se ha sorprendido de la cantidad de gente que en pueblos y ciudades se ha implicado en la defensa de la sanidad p\u00fablica y que, por ello, ha tenido que <strong>hacer \u00abun casting serio\u00bb de los testimonios que plasman la situaci\u00f3n en centros de salud y hospitales<\/strong> tanto de ciudades como de n\u00facleos rurales. El documental se detiene a reflejar el testimonio de usuarios de la sanidad, profesionales sanitarios y activistas.<\/p>\n<p>El director ha indicado que no ha requerido la participaci\u00f3n de los responsables de la Consejer\u00eda de Salud porque <strong>\u00abno quer\u00eda un debate\u00bb si no dar voz a quienes pueden ofrecer sus experiencias sobre la situaci\u00f3n de la sanidad p\u00fablica<\/strong> en la comunidad y su temor a que, si no se hace nada para defenderla, \u00abdentro de poco en vez de llevar la tarjeta sanitaria va a haber que llevar la tarjeta de cr\u00e9dito\u00bb.\u00a0<\/p>\n","protected":false},"excerpt":{"rendered":"Pacientes, profesionales sanitarios y activistas dan su testimonio sobre el \u00abdeterioro\u00bb de los servicios sanitarios p\u00fablicos en Andaluc\u00eda&hellip;\n","protected":false},"author":2,"featured_media":335416,"comment_status":"","ping_status":"","sticky":false,"template":"","format":"standard","meta":{"footnotes":""},"categories":[169],"tags":[177,146,147,25,24,176,175,23],"class_list":{"0":"post-335415","1":"post","2":"type-post","3":"status-publish","4":"format-standard","5":"has-post-thumbnail","7":"category-cine","8":"tag-cine","9":"tag-entertainment","10":"tag-entretenimiento","11":"tag-es","12":"tag-espana","13":"tag-film","14":"tag-movies","15":"tag-spain"},"share_on_mastodon":{"url":"https:\/\/pubeurope.com\/@es\/115877837902348423","error":""},"_links":{"self":[{"href":"https:\/\/www.europesays.com\/es\/wp-json\/wp\/v2\/posts\/335415","targetHints":{"allow":["GET"]}}],"collection":[{"href":"https:\/\/www.europesays.com\/es\/wp-json\/wp\/v2\/posts"}],"about":[{"href":"https:\/\/www.europesays.com\/es\/wp-json\/wp\/v2\/types\/post"}],"author":[{"embeddable":true,"href":"https:\/\/www.europesays.com\/es\/wp-json\/wp\/v2\/users\/2"}],"replies":[{"embeddable":true,"href":"https:\/\/www.europesays.com\/es\/wp-json\/wp\/v2\/comments?post=335415"}],"version-history":[{"count":0,"href":"https:\/\/www.europesays.com\/es\/wp-json\/wp\/v2\/posts\/335415\/revisions"}],"wp:featuredmedia":[{"embeddable":true,"href":"https:\/\/www.europesays.com\/es\/wp-json\/wp\/v2\/media\/335416"}],"wp:attachment":[{"href":"https:\/\/www.europesays.com\/es\/wp-json\/wp\/v2\/media?parent=335415"}],"wp:term":[{"taxonomy":"category","embeddable":true,"href":"https:\/\/www.europesays.com\/es\/wp-json\/wp\/v2\/categories?post=335415"},{"taxonomy":"post_tag","embeddable":true,"href":"https:\/\/www.europesays.com\/es\/wp-json\/wp\/v2\/tags?post=335415"}],"curies":[{"name":"wp","href":"https:\/\/api.w.org\/{rel}","templated":true}]}}