{"id":335421,"date":"2026-01-11T18:19:08","date_gmt":"2026-01-11T18:19:08","guid":{"rendered":"https:\/\/www.europesays.com\/es\/335421\/"},"modified":"2026-01-11T18:19:08","modified_gmt":"2026-01-11T18:19:08","slug":"masterchef-prescinde-de-samantha-vallejo-nagera-e-incorpora-al-jurado-a-la-influencer-delicious-martha-television","status":"publish","type":"post","link":"https:\/\/www.europesays.com\/es\/335421\/","title":{"rendered":"\u2018MasterChef\u2019 prescinde de Samantha Vallejo-N\u00e1gera e incorpora al jurado a la \u2018influencer\u2019 Delicious Martha | Televisi\u00f3n"},"content":{"rendered":"<p class=\"\">MasterChef estrena 2026 con un nuevo jurado tras 13 a\u00f1os y 38 ediciones en el que ya no estar\u00e1 <a href=\"https:\/\/elpais.com\/eps\/2023-03-24\/samantha-vallejo-nagera-los-espanoles-tenemos-muchos-complejos-y-nos-cuesta-vendernos-yo-lo-hago-a-lo-bestia.html\" target=\"_blank\" rel=\"noreferrer nofollow noopener\" title=\"https:\/\/elpais.com\/eps\/2023-03-24\/samantha-vallejo-nagera-los-espanoles-tenemos-muchos-complejos-y-nos-cuesta-vendernos-yo-lo-hago-a-lo-bestia.html\">Samantha Vallejo-N\u00e1gera<\/a> junto a los copresentadores <a href=\"https:\/\/elpais.com\/television\/2024-05-07\/jordi-pepe-y-samantha-jueces-de-masterchef-de-heroes-a-villanos.html\" target=\"_blank\" rel=\"noreferrer nofollow noopener\" title=\"https:\/\/elpais.com\/television\/2024-05-07\/jordi-pepe-y-samantha-jueces-de-masterchef-de-heroes-a-villanos.html\">Pepe Rodr\u00edguez y Jordi Cruz<\/a>, seg\u00fan ha anunciado RTVE este domingo. En su lugar, se incorpora la creadora de contenido <a href=\"https:\/\/www.instagram.com\/deliciousmartha\/?hl=es\" target=\"_blank\" rel=\"noreferrer nofollow noopener\" title=\"https:\/\/www.instagram.com\/deliciousmartha\/?hl=es\">Marta Sanahuja,<b> <\/b>m\u00e1s conocida como Delicious Martha, con dos millones de seguidores en Instagram<\/a>. Los tres se encargar\u00e1n de asesorar, catar, evaluar y compartir sus conocimientos con los aspirantes de la edici\u00f3n 14\u00ba que inicia ahora sus grabaciones.<\/p>\n<p>M\u00e1s informaci\u00f3n<\/p>\n<p class=\"\">Tras m\u00e1s de 10 a\u00f1os vinculada al talent gastron\u00f3mico, <a href=\"https:\/\/elpais.com\/elpais\/2019\/11\/06\/gente\/1573052243_649786.html\" target=\"_blank\" rel=\"noreferrer nofollow noopener\" title=\"https:\/\/elpais.com\/elpais\/2019\/11\/06\/gente\/1573052243_649786.html\">Samantha Vallejo-N\u00e1gera, explica el comunicado de RTVE, \u201ctendr\u00e1 nuevas iniciativas en el audiovisual<\/a> y proyectos relacionados con gastronom\u00eda y estilo de vida, adem\u00e1s de seguir con sus negocios de hosteler\u00eda\u201d. La empresaria acaba de presentar en TVE Navidades con Samantha y es concursante del nuevo DecoMasters, ambos producidos por Shine Iberia como el veterano espacio de cocina.<\/p>\n<p class=\"\">Esta nueva edici\u00f3n, explican desde RTVE, \u201cquiere reforzar su conexi\u00f3n con el mundo digital ya que la comunidad MasterChef supera ya los cinco millones de seguidores en redes sociales\u201d.<\/p>\n<p><img decoding=\"auto\" class=\"_re lazyload a_m-h\" height=\"234\"  width=\"414\"  src=\"https:\/\/www.europesays.com\/es\/wp-content\/uploads\/2026\/01\/FXAY6DVFKJF5JA2XTUZXB4XA5M.jpg\" loading=\"lazy\"\/>Marta Sanahuja, m\u00e1s conocida como Delicious Martha, con su nuevo uniforme de &#8216;MasterChef&#8217;.Jon Imanol Reino, distribuida por RTVE<\/p>\n<p class=\"\">La creadora de contenido Marta Sanahuja estudi\u00f3 Publicidad y Relaciones P\u00fablicas, aunque decidi\u00f3 dar un giro a su vida para unir sus dos grandes pasiones: la comunicaci\u00f3n y la gastronom\u00eda, se lee en el comunicado de RTVE. Se declara \u201cfiel defensora de que la comida entra por los ojos y debe hacerte disfrutar y vivir una experiencia para que sea realmente buena\u201d, explica la televisi\u00f3n.<\/p>\n<p class=\"\">La \u00faltima edici\u00f3n de MasterChef termin\u00f3 el pasado julio con <a href=\"https:\/\/elpais.com\/television\/2025-07-01\/gabriela-ganadora-de-masterchef-13-embarazada-de-seis-meses.html\" rel=\"nofollow noopener\" title=\"https:\/\/elpais.com\/television\/2025-07-01\/gabriela-ganadora-de-masterchef-13-embarazada-de-seis-meses.html\" target=\"_blank\">Gabriela Hinojosa<\/a>, hija del creador de Cortefiel y que entr\u00f3 al concurso embarazada de su tercer hijo, como ganadora. La edici\u00f3n 13 mantuvo las audiencias de las dos temporadas anteriores en su versi\u00f3n con concursantes an\u00f3nimos, en torno a un 13% de cuota de pantalla, mientras que en su final de este lunes ha obtenido un 15,1% de share. Unos meses despu\u00e9s, se emiti\u00f3 la 10\u00ba edici\u00f3n de MasterChef Celebrity, de la que sali\u00f3 ganadora <a href=\"https:\/\/elpais.com\/television\/2025-11-18\/el-menu-que-hizo-ganar-a-marilo-montero-masterchef-celebrity-un-homenaje-a-su-madre-y-a-sus-hijos-en-tres-platos.html\" rel=\"nofollow noopener\" title=\"https:\/\/elpais.com\/television\/2025-11-18\/el-menu-que-hizo-ganar-a-marilo-montero-masterchef-celebrity-un-homenaje-a-su-madre-y-a-sus-hijos-en-tres-platos.html\" target=\"_blank\">la presentadora Maril\u00f3 Montero<\/a>.<\/p>\n<p><script async src=\"\/\/www.instagram.com\/embed.js\"><\/script><\/p>\n","protected":false},"excerpt":{"rendered":"MasterChef estrena 2026 con un nuevo jurado tras 13 a\u00f1os y 38 ediciones en el que ya no&hellip;\n","protected":false},"author":2,"featured_media":335422,"comment_status":"","ping_status":"","sticky":false,"template":"","format":"standard","meta":{"footnotes":""},"categories":[91],"tags":[146,147,25,24,256,4475,2183,31397,6870,15297,76925,76922,25284,18070,518,76924,23,76923,807,3156],"class_list":{"0":"post-335421","1":"post","2":"type-post","3":"status-publish","4":"format-standard","5":"has-post-thumbnail","7":"category-entretenimiento","8":"tag-entertainment","9":"tag-entretenimiento","10":"tag-es","11":"tag-espana","12":"tag-famosos","13":"tag-gastronomia","14":"tag-influencers","15":"tag-jordi-cruz","16":"tag-la-1","17":"tag-masterchef","18":"tag-pepe-rodriguez-bonfill","19":"tag-programas-cocina","20":"tag-programas-entretenimiento","21":"tag-reality-show","22":"tag-rtve","23":"tag-samantha-vallejo-nagera","24":"tag-spain","25":"tag-talentchef","26":"tag-television","27":"tag-tve"},"share_on_mastodon":{"url":"https:\/\/pubeurope.com\/@es\/115877849726666813","error":""},"_links":{"self":[{"href":"https:\/\/www.europesays.com\/es\/wp-json\/wp\/v2\/posts\/335421","targetHints":{"allow":["GET"]}}],"collection":[{"href":"https:\/\/www.europesays.com\/es\/wp-json\/wp\/v2\/posts"}],"about":[{"href":"https:\/\/www.europesays.com\/es\/wp-json\/wp\/v2\/types\/post"}],"author":[{"embeddable":true,"href":"https:\/\/www.europesays.com\/es\/wp-json\/wp\/v2\/users\/2"}],"replies":[{"embeddable":true,"href":"https:\/\/www.europesays.com\/es\/wp-json\/wp\/v2\/comments?post=335421"}],"version-history":[{"count":0,"href":"https:\/\/www.europesays.com\/es\/wp-json\/wp\/v2\/posts\/335421\/revisions"}],"wp:featuredmedia":[{"embeddable":true,"href":"https:\/\/www.europesays.com\/es\/wp-json\/wp\/v2\/media\/335422"}],"wp:attachment":[{"href":"https:\/\/www.europesays.com\/es\/wp-json\/wp\/v2\/media?parent=335421"}],"wp:term":[{"taxonomy":"category","embeddable":true,"href":"https:\/\/www.europesays.com\/es\/wp-json\/wp\/v2\/categories?post=335421"},{"taxonomy":"post_tag","embeddable":true,"href":"https:\/\/www.europesays.com\/es\/wp-json\/wp\/v2\/tags?post=335421"}],"curies":[{"name":"wp","href":"https:\/\/api.w.org\/{rel}","templated":true}]}}