{"id":335427,"date":"2026-01-11T18:22:09","date_gmt":"2026-01-11T18:22:09","guid":{"rendered":"https:\/\/www.europesays.com\/es\/335427\/"},"modified":"2026-01-11T18:22:09","modified_gmt":"2026-01-11T18:22:09","slug":"nuevos-bombardeos-de-israel-en-el-sur-de-libano","status":"publish","type":"post","link":"https:\/\/www.europesays.com\/es\/335427\/","title":{"rendered":"Nuevos bombardeos de Israel en el sur de L\u00edbano"},"content":{"rendered":"<p>    <img src=\"https:\/\/www.europesays.com\/es\/wp-content\/uploads\/2026\/01\/2026-01-11T153A453A31Z-90757769.jpg\" width=\"1024\" height=\"682\" alt=\"\" loading=\"eager\" decoding=\"sync\" fetchpriority=\"high\"\/><\/p>\n<p>            afp_tickers        <\/p>\n<p>        Este contenido fue publicado en    <\/p>\n<p>        11 enero 2026 &#8211; 18:18\n<\/p>\n<p>El ej\u00e9rcito de Israel realiz\u00f3 nuevos bombardeos este domingo tras una nueva \u00aborden de evacuaci\u00f3n\u00bb de una aldea del sur de L\u00edbano por ataques contra infraestructura del grupo Hezbol\u00e1, indic\u00f3 la agencia de prensa libanesa Ani.<\/p>\n<p>Estos ataques ocurren luego de que el ej\u00e9rcito liban\u00e9s anunci\u00f3 el jueves que complet\u00f3 el desarme del Hezbol\u00e1 pro-iran\u00ed en el sur \u00a0de Litani, a unos 30 km de la frontera con Israel, conforme al acuerdo de cese el fuego de noviembre de 2024 entre Israel y el movimiento liban\u00e9s.\u00a0<\/p>\n<p>Ani inform\u00f3 que \u00abaviones de combate enemigos lanzaron m\u00e1s de diez bombardeos\u00bb en la localidad de Kafr Hata (sur), situada al norte del r\u00edo Litani, causando \u00abimportantes da\u00f1os\u00bb en edificios.<\/p>\n<p>Antes, el portavoz en \u00e1rabe del ej\u00e9rcito israel\u00ed, coronel Avichay Adraee, dijo en X que se atacar\u00eda \u00abpr\u00f3ximamente una infraestructura militar\u00bb de Hezbol\u00e1 en la aldea de Kafr Hata, \u00aben respuesta a sus intentos ilegales de restablecer sus actividades en la regi\u00f3n\u00bb.<\/p>\n<p>La Agencia Nacional de Informaci\u00f3n del L\u00edbano inform\u00f3 de ataques israel\u00edes contra las localidades de Mahmudiyeh, al-Dimasqiyeh y al-Bureij, as\u00ed como otros en la regi\u00f3n de Jezzine, sin que se reporten v\u00edctimas.<\/p>\n<p>La mayor\u00eda de las localidades alcanzadas por los ataques del domingo, as\u00ed como Kafr Hata, se encuentran sin embargo al norte del Litani.<\/p>\n<p>El ej\u00e9rcito israel\u00ed ya hab\u00eda comunicado el jueves y el viernes ataques contra Hezbol\u00e1 en varias zonas del sur del L\u00edbano, dirigidos contra \u00abdep\u00f3sitos de armas y un sitio de producci\u00f3n de armamento, utilizados para la restauraci\u00f3n y el refuerzo militar\u00bb.<\/p>\n<p>L\u00edbano es sometido a una fuerte presi\u00f3n por parte de Estados Unidos para desarmar a Hezbol\u00e1, debilitado tras la guerra con Israel.<\/p>\n<p>dla-mib\/cab\/ahg\/eg\/mb<\/p>\n","protected":false},"excerpt":{"rendered":"afp_tickers Este contenido fue publicado en 11 enero 2026 &#8211; 18:18 El ej\u00e9rcito de Israel realiz\u00f3 nuevos bombardeos&hellip;\n","protected":false},"author":2,"featured_media":335428,"comment_status":"","ping_status":"","sticky":false,"template":"","format":"standard","meta":{"footnotes":""},"categories":[42],"tags":[635,17,18,636,13,14,11,61,62,63,64,19,20,9,10,15,16,90,12,21,22,65,66,67],"class_list":{"0":"post-335427","1":"post","2":"type-post","3":"status-publish","4":"format-standard","5":"has-post-thumbnail","7":"category-internacional","8":"tag-armed-conflict","9":"tag-breaking-news","10":"tag-breakingnews","11":"tag-conflict","12":"tag-featured-news","13":"tag-featurednews","14":"tag-headlines","15":"tag-internacional","16":"tag-international","17":"tag-international-news","18":"tag-internationalnews","19":"tag-latest-news","20":"tag-latestnews","21":"tag-news","22":"tag-noticias","23":"tag-noticias-destacadas","24":"tag-noticiasdestacadas","25":"tag-ticker","26":"tag-titulares","27":"tag-ultimas-noticias","28":"tag-ultimasnoticias","29":"tag-world","30":"tag-world-news","31":"tag-worldnews"},"share_on_mastodon":{"url":"https:\/\/pubeurope.com\/@es\/115877861442387465","error":""},"_links":{"self":[{"href":"https:\/\/www.europesays.com\/es\/wp-json\/wp\/v2\/posts\/335427","targetHints":{"allow":["GET"]}}],"collection":[{"href":"https:\/\/www.europesays.com\/es\/wp-json\/wp\/v2\/posts"}],"about":[{"href":"https:\/\/www.europesays.com\/es\/wp-json\/wp\/v2\/types\/post"}],"author":[{"embeddable":true,"href":"https:\/\/www.europesays.com\/es\/wp-json\/wp\/v2\/users\/2"}],"replies":[{"embeddable":true,"href":"https:\/\/www.europesays.com\/es\/wp-json\/wp\/v2\/comments?post=335427"}],"version-history":[{"count":0,"href":"https:\/\/www.europesays.com\/es\/wp-json\/wp\/v2\/posts\/335427\/revisions"}],"wp:featuredmedia":[{"embeddable":true,"href":"https:\/\/www.europesays.com\/es\/wp-json\/wp\/v2\/media\/335428"}],"wp:attachment":[{"href":"https:\/\/www.europesays.com\/es\/wp-json\/wp\/v2\/media?parent=335427"}],"wp:term":[{"taxonomy":"category","embeddable":true,"href":"https:\/\/www.europesays.com\/es\/wp-json\/wp\/v2\/categories?post=335427"},{"taxonomy":"post_tag","embeddable":true,"href":"https:\/\/www.europesays.com\/es\/wp-json\/wp\/v2\/tags?post=335427"}],"curies":[{"name":"wp","href":"https:\/\/api.w.org\/{rel}","templated":true}]}}