{"id":335483,"date":"2026-01-11T19:05:15","date_gmt":"2026-01-11T19:05:15","guid":{"rendered":"https:\/\/www.europesays.com\/es\/335483\/"},"modified":"2026-01-11T19:05:15","modified_gmt":"2026-01-11T19:05:15","slug":"la-verdadera-historia-de-la-familia-von-trapp-que-inspiro-la-pelicula-la-novicia-rebelde-contada-por-el-ultimo-hijo-que-sigue-con-vida","status":"publish","type":"post","link":"https:\/\/www.europesays.com\/es\/335483\/","title":{"rendered":"La verdadera historia de la familia Von Trapp que inspir\u00f3 la pel\u00edcula \u00abLa novicia rebelde\u00bb, contada por el \u00faltimo hijo que sigue con vida"},"content":{"rendered":"<p class=\"mb-4 text-lg md:leading-8 break-words\"><strong>En las monta\u00f1as verdes de Salzburgo, en Austria, hace 60 a\u00f1os una novicia llamada Mar\u00eda conquistaba con su encantadora voz los corazones de millones de amantes del cine.<\/strong><\/p>\n<p class=\"mb-4 text-lg md:leading-8 break-words\">La pel\u00edcula \u00abLa novicia rebelde\u00bb (The Sound of Music), producida y dirigida por Robert Wise e interpretada por la actriz Julie Andrews, logr\u00f3 en 1966 el Oscar a la Mejor Pel\u00edcula del a\u00f1o.<\/p>\n<p class=\"mb-4 text-lg md:leading-8 break-words\">El filme se origin\u00f3 a partir de la autobiograf\u00eda de Mar\u00eda von Trapp publicada en 1949. Primero fue adaptada en una pel\u00edcula alemana, luego convertida en un musical de Broadway y finalmente lleg\u00f3 a Hollywood.<\/p>\n<p class=\"mb-4 text-lg md:leading-8 break-words\">Mar\u00eda hab\u00eda sido enviada como novicia a cuidar de los siete hijos de un viudo adinerado y h\u00e9roe naval, el capit\u00e1n Georg von Trapp. Sin embargo, la historia da un vuelco cuando ella se enamora del capit\u00e1n, decide casarse y tener tres hijos, con quienes formaron una compa\u00f1\u00eda de canto profesional.<\/p>\n<p class=\"mb-4 text-lg md:leading-8 break-words\">La pel\u00edcula en la que se ve a la familia huyendo de Austria para evitar respaldar al r\u00e9gimen nazi de Adolf Hitler tuvo un \u00e9xito fenomenal y se convirti\u00f3 en una de las m\u00e1s taquilleras de la historia del cine.<\/p>\n<p class=\"mb-4 text-lg md:leading-8 break-words\">En la historia real, Mar\u00eda y el capit\u00e1n dejaron su pa\u00eds para vivir en Estados Unidos junto a sus hijos. El menor, Johannes von Trapp, que es el \u00fanico que sigue vivo, habl\u00f3 con BBC.<\/p>\n<p><img alt=\"Johannes von Trapp en el 40 aniversario de &quot;La novicia rebelde&quot;, en Nueva York, en 2005. \" loading=\"lazy\" width=\"960\" height=\"540\" decoding=\"async\" data-nimg=\"1\" class=\"rounded-lg\" style=\"color:transparent\" src=\"https:\/\/www.europesays.com\/es\/wp-content\/uploads\/2026\/01\/fe08c5835058b92fa9c2625576c775fc.jpeg\"\/><\/p>\n<p>Johannes von Trapp se define, a sus 86 a\u00f1os, como un \u00abm\u00fasico retirado\u00bb. [Getty Images]<\/p>\n<p>El comienzo de una familia<\/p>\n<p class=\"mb-4 text-lg md:leading-8 break-words\">Mar\u00eda Kutschera, m\u00e1s tarde conocida por su apellido de casada Von Trapp, hab\u00eda perdido a sus padres a una edad muy temprana. Por eso, su infancia le result\u00f3 dif\u00edcil, seg\u00fan le cuenta a BBC su \u00faltimo hijo.<\/p>\n<p class=\"mb-4 text-lg md:leading-8 break-words\">Despu\u00e9s de pasar por dos familias de acogida y haber vivido en un convento de Salzburgo, en Austria, a Mar\u00eda la enviaron a trabajar un a\u00f1o como institutriz de los siete hijos del capit\u00e1n Von Trapp.<\/p>\n<p class=\"mb-4 text-lg md:leading-8 break-words\">\u00abTen\u00eda inseguridades que estoy seguro se remontan a esa infancia\u00bb, recuerda Johannes, quien tambi\u00e9n destaca que Mar\u00eda siempre fue una mujer con un talento inmenso.<\/p>\n<p class=\"mb-4 text-lg md:leading-8 break-words\">Tres semanas antes de que terminara su plazo de un a\u00f1o en la casa de los Von Trapp, los tres ni\u00f1os m\u00e1s peque\u00f1os se acercaron a su padre y le pidieron que se casara con Mar\u00eda para que se quedara \u00abpara siempre\u00bb, seg\u00fan cont\u00f3 Mar\u00eda en 1983 en el programa Desert Island Discs de la BBC.<\/p>\n<p><img alt=\"Vista panor\u00e1mica de la monta\u00f1a en Fieberbrunn, Austria.\" loading=\"lazy\" width=\"960\" height=\"540\" decoding=\"async\" data-nimg=\"1\" class=\"rounded-lg\" style=\"color:transparent\" src=\"https:\/\/www.europesays.com\/es\/wp-content\/uploads\/2026\/01\/63118060710ee05268b3865a3a5e63a9.jpeg\"\/><\/p>\n<p>Las monta\u00f1as de Austria han sido el paisaje que enmarca la historia de esta familia. [Getty Images]<\/p>\n<p class=\"mb-4 text-lg md:leading-8 break-words\">\u00abEstaba en el sal\u00f3n arreglando flores, con una peon\u00eda en la mano derecha y un precioso jarr\u00f3n de Copenhague en la izquierda, y justo cuando iba a meter la flor en el jarr\u00f3n, entr\u00f3 el capit\u00e1n y dijo: &#8216;Es realmente muy amable de tu parte'\u00bb, cont\u00f3 Mar\u00eda.<\/p>\n<p class=\"mb-4 text-lg md:leading-8 break-words\">\u00abMe detuve un momento con la peon\u00eda en la mano y pregunt\u00e9: &#8216;\u00bfQu\u00e9?&#8217;. Y \u00e9l dijo: &#8216;\u00bfAcaso no estamos comprometidos?&#8217;. El jarr\u00f3n se me cay\u00f3 al suelo\u00bb, agreg\u00f3 con humor Mar\u00eda, quien era 25 a\u00f1os menor que quien ser\u00eda su marido.<\/p>\n<p class=\"mb-4 text-lg md:leading-8 break-words\">Johannes la recuerda como una madre extraordinaria que estuvo a la altura del desaf\u00edo de ser madre de diez hijos sola, despu\u00e9s de la muerte de su marido, mientras viv\u00edan en una remota casa en Stowe, un pueblo ubicado en el estado de Vermont, en Estados Unidos.<\/p>\n<p class=\"mb-4 text-lg md:leading-8 break-words\">\u00abLo manej\u00f3 muy bien. Ten\u00eda un empuje tremendo. Era una mujer muy brillante e inteligente y ten\u00eda una fe enorme en Dios en que todo saldr\u00eda bien\u00bb, a\u00f1ade.<\/p>\n<p>La m\u00fasica en los Von Trapp<\/p>\n<p class=\"mb-4 text-lg md:leading-8 break-words\">La familia comenz\u00f3 a cantar en 1935 en la iglesia de Aigen, en Salzburgo, donde conocieron al sacerdote Franz Wasner, quien se convertir\u00eda en el director de orquesta y musical de la familia Von Trapp.<\/p>\n<p class=\"mb-4 text-lg md:leading-8 break-words\">\u00abEra un m\u00fasico aficionado con mucho talento. En mi familia cant\u00e1bamos durante la misa y luego, en el desayuno. Pero si le preguntamos a \u00e9l qu\u00e9 le parec\u00eda dec\u00eda: &#8216;Bueno, estuvo muy bien, pero&#8230;'\u00bb, recuerda Johannes sobre el sacerdote.<\/p>\n<p class=\"mb-4 text-lg md:leading-8 break-words\">\u00abNos correg\u00eda con delicadeza cuando comet\u00edamos alg\u00fan error. Era nuestro director de orquesta, un intelectual extraordinario, y ayud\u00f3 a mantener unida a la familia\u00bb, agrega.<\/p>\n<p class=\"mb-4 text-lg md:leading-8 break-words\">Wasner les ense\u00f1\u00f3 a interpretar m\u00fasica religiosa y canciones folcl\u00f3ricas para que pudieran cantarlas en su casa. As\u00ed fue como naci\u00f3 \u00abLos cantantes de la familia Trapp\u00bb (The Trapp Family Singers), tal como se conoce a la banda musical.<\/p>\n<p><img alt=\"La familia von Trapp, en el centro se ve a Mar\u00eda rodeada de sus hijos y su marido.  \" loading=\"lazy\" width=\"960\" height=\"639\" decoding=\"async\" data-nimg=\"1\" class=\"rounded-lg\" style=\"color:transparent\" src=\"https:\/\/www.europesays.com\/es\/wp-content\/uploads\/2026\/01\/07fd58af52a519a52e1b772946a8ecc8.jpeg\"\/><\/p>\n<p>Mar\u00eda von Trapp rodeada de sus hijos y su marido, Georg von Trapp. [Getty Images]<\/p>\n<p class=\"mb-4 text-lg md:leading-8 break-words\">\u00abNuestra fortaleza era que, al ser todos de la misma familia, nuestras voces sonaban muy bien juntas\u00bb, dice Johannes.<\/p>\n<p class=\"mb-4 text-lg md:leading-8 break-words\">Aunque la pel\u00edcula no cuenta la historia del sacerdote, Johannes se encarga de resaltar que fue \u00e9l quien ejerci\u00f3 un rol central en la vida real de los Von Trapp.<\/p>\n<p class=\"mb-4 text-lg md:leading-8 break-words\">Fue as\u00ed que, al a\u00f1o siguiente, se animaron a participar en un concurso en Salzburgo en el que ganaron un premio. Despu\u00e9s, Wasner los acompa\u00f1\u00f3 a una peque\u00f1a gira que empez\u00f3 por Viena y terminaron recorriendo distintas ciudades de Europa.<\/p>\n<p class=\"mb-4 text-lg md:leading-8 break-words\">M\u00e1s tarde, llegaron a Estados Unidos, Am\u00e9rica del Sur y Australia. \u00abLos cantantes de la familia Trapp\u00bb se disolvi\u00f3 a\u00f1os despu\u00e9s de la muerte del padre en 1947.<\/p>\n<p class=\"mb-4 text-lg md:leading-8 break-words\">\u00abCreo que mi madre habr\u00eda seguido. Le encantaba la conexi\u00f3n con el p\u00fablico. Era como un pol\u00edtico que se llena de energ\u00eda al estrechar mil manos. Pero mis hermanos ya estaban cansados y cada uno quer\u00eda ir por su lado\u00bb, recuerda Johannes.<\/p>\n<p class=\"mb-4 text-lg md:leading-8 break-words\">Fue as\u00ed como \u00abLos cantantes de la familia Trapp\u00bb dejaron de actuar en 1956, cuando \u00e9l ten\u00eda 17 a\u00f1os.<\/p>\n<p>La salida hacia EE.UU.<\/p>\n<p class=\"mb-4 text-lg md:leading-8 break-words\">El a\u00f1o que estall\u00f3 la Segunda Guerra Mundial, en 1939, despu\u00e9s de que Adolf Hitler invadiera Austria, los miembros de la familia Von Trapp decidieron que deb\u00edan dejar el pa\u00eds.<\/p>\n<p class=\"mb-4 text-lg md:leading-8 break-words\">En aquel momento, la familia ya cantaba profesionalmente. Hab\u00edan hecho dos giras por Europa y, fue despu\u00e9s de eso, que recibieron una oferta de un promotor de conciertos en Estados Unidos para una serie de actuaciones, recuerda Johannes.<\/p>\n<p class=\"mb-4 text-lg md:leading-8 break-words\">En la versi\u00f3n cinematogr\u00e1fica, los Von Trapp huyen a pie por las monta\u00f1as hacia la libertad en Suiza. Sin embargo, Johannes aclara que eso no es lo que sucedi\u00f3, dado que cruzar las monta\u00f1as desde Salzburgo implica llegar a Alemania.<\/p>\n<p class=\"mb-4 text-lg md:leading-8 break-words\">\u00abLo que hicimos fue tomar el tren y cruzar a Italia. La frontera estaba cerrada al d\u00eda siguiente, as\u00ed que tuvimos mucha suerte de salir. Fuimos a G\u00e9nova, donde nos embarcamos hacia Londres y despu\u00e9s, en otro barco, llegamos a Estados Unidos\u00bb.<\/p>\n<p><img alt=\"Johannes, el integrantes m\u00e1s joven de la familia, junto a su madre y sus hermanas en Londres en 1950. \" loading=\"lazy\" width=\"960\" height=\"640\" decoding=\"async\" data-nimg=\"1\" class=\"rounded-lg\" style=\"color:transparent\" src=\"https:\/\/www.europesays.com\/es\/wp-content\/uploads\/2026\/01\/971fc9663993efdb0c46797aecb2bf4c.jpeg\"\/><\/p>\n<p>Johannes es el m\u00e1s peque\u00f1o de los hermanos Von Trapp. [Getty Images]<\/p>\n<p class=\"mb-4 text-lg md:leading-8 break-words\">Al llegar a Estados Unidos, la idea era simplemente hacer una gira de trabajo y volver al pa\u00eds. Pero en el verano de 1939, a la familia Von Trapp no le qued\u00f3 otra opci\u00f3n que instalarse en EE.UU. despu\u00e9s de intentar sin \u00e9xito volver a entrar a Austria.<\/p>\n<p class=\"mb-4 text-lg md:leading-8 break-words\">Su padre, Georg von Trapp, era un ferviente cr\u00edtico de Hitler. Por esa raz\u00f3n estaba en la lista de personas que deb\u00edan ser vigiladas y que no pod\u00edan volver a ingresar a Austria.<\/p>\n<p class=\"mb-4 text-lg md:leading-8 break-words\">\u00abNos pidieron que actu\u00e1ramos en una fiesta de cumplea\u00f1os de Hitler y la familia decidi\u00f3 no hacerlo\u00bb, recuerda el menor de los Von Trapp, quien todav\u00eda no hab\u00eda nacido.<\/p>\n<p class=\"mb-4 text-lg md:leading-8 break-words\">Johannes fue el \u00fanico de los hermanos Von Trapp que naci\u00f3 en Estados Unidos.<\/p>\n<p class=\"mb-4 text-lg md:leading-8 break-words\">As\u00ed la familia se instal\u00f3 en el pa\u00eds, luego solicitar el estatus de refugiados, seg\u00fan recuerda Johannes sobre una vida que reci\u00e9n empezaba a darse para sus padres y sus hermanos del otro lado del Atl\u00e1ntico.<\/p>\n<p>La historia en el cine<\/p>\n<p class=\"mb-4 text-lg md:leading-8 break-words\">La primera vez que Johannes von Trapp vio la versi\u00f3n cinematogr\u00e1fica de la historia de su familia sinti\u00f3, a pesar de las peque\u00f1as diferencias con la realidad, una emoci\u00f3n inmensa.<\/p>\n<p class=\"mb-4 text-lg md:leading-8 break-words\">\u00abTuve recuerdos y emociones muy fuertes sobre mi familia\u00bb, recuerda Johannes, aunque aclara que muchas escenas de la vida real fueron modificadas por los guionistas.<\/p>\n<p class=\"mb-4 text-lg md:leading-8 break-words\">\u00abEs una pel\u00edcula fant\u00e1stica. Es decir, los escenarios, el paisaje, el reparto, los temas del amor a la patria, el amor entre hombre y mujer, el amor a la familia, son todos temas universales de la condici\u00f3n humana y est\u00e1 muy bien montada\u00bb, dice.<\/p>\n<p><img alt=\"Julie Andrews interpreta a Maria von Trapp en una escena del popular musical cinematogr\u00e1fico de 1965.\" loading=\"lazy\" width=\"849\" height=\"478\" decoding=\"async\" data-nimg=\"1\" class=\"rounded-lg\" style=\"color:transparent\" src=\"https:\/\/www.europesays.com\/es\/wp-content\/uploads\/2026\/01\/e4ade073c53414bd1a308d316816676b.jpeg\"\/><\/p>\n<p>La actriz Julie Andrews interpret\u00f3 a Mar\u00eda von Trapp en 1965. [Getty Images]<\/p>\n<p class=\"mb-4 text-lg md:leading-8 break-words\">\u00abLa pel\u00edcula es la historia de mi familia. Aunque no nos retrat\u00f3 con precisi\u00f3n, estuvo muy bien hecha en todos los aspectos\u00bb, comenta sobre un filme que lleg\u00f3 a recaudar millones de d\u00f3lares.<\/p>\n<p class=\"mb-4 text-lg md:leading-8 break-words\">En aquel momento, Mar\u00eda vendi\u00f3 los derechos cinematogr\u00e1ficos por una m\u00f3dica suma de US$9.000.<\/p>\n<p class=\"mb-4 text-lg md:leading-8 break-words\">\u00abMi madre necesitaba el dinero en ese momento y no ten\u00eda ni idea. No dir\u00e9 que la asesoraron mal. No la asesoraron en absoluto\u00bb, recuerda.<\/p>\n<p class=\"mb-4 text-lg md:leading-8 break-words\">Los Von Trapp ya eran conocidos, pero dentro de un c\u00edrculo peque\u00f1o de espectadores. Gracias al estreno de la pel\u00edcula, pasaron a ser reconocidos por miles de personas<\/p>\n<p class=\"mb-4 text-lg md:leading-8 break-words\">\u00abTuvimos una p\u00e9rdida de privacidad en Estados Unidos. Las celebridades son propiedad p\u00fablica, por lo que el p\u00fablico siente que tiene derecho a conocer todos los detalles de tu vida\u00bb, dice Johannes.<\/p>\n<p class=\"mb-4 text-lg md:leading-8 break-words\">Ahora Johannes canta por placer, entona villancicos para su estrecho c\u00edrculo de invitados en Nochebuena, pero ya no ofrece conciertos ni recorre el pa\u00eds en giras.<\/p>\n<p class=\"mb-4 text-lg md:leading-8 break-words\">\u00abFue un gran privilegio crecer en mi familia. Tambi\u00e9n una gran responsabilidad. Pero, en general, el privilegio super\u00f3 las dificultades\u00bb, resume Johannes, quien ahora se define como un \u00abm\u00fasico retirado\u00bb.<\/p>\n<p>Un hotel en Vermont<\/p>\n<p class=\"mb-4 text-lg md:leading-8 break-words\">En los montes verdes de Stowe, en Vermont, Johannes von Trapp, de 86 a\u00f1os, se encarg\u00f3 hasta hace muy poco de administrar el hotel que su madre hab\u00eda abierto hace 75 a\u00f1os.<\/p>\n<p class=\"mb-4 text-lg md:leading-8 break-words\">La historia del Trapp Family Lodge &amp; Resort empieza en 1946, cuando Mar\u00eda compra una granja en venta ubicada en las colinas verdes de Vermont, que les record\u00f3 a los Alpes austriacos, para vivir con su familia.<\/p>\n<p class=\"mb-4 text-lg md:leading-8 break-words\">Tiempo despu\u00e9s, en 1950, Mar\u00eda fue recibiendo invitados y el lugar se convirti\u00f3 en un peque\u00f1o hotel de 27 habitaciones. Con el paso del tiempo, en 1969, la administraci\u00f3n del hotel qued\u00f3 en manos de su hijo menor, aunque Johannes nunca pens\u00f3 que se dedicar\u00eda a eso.<\/p>\n<p><img alt=\"Von Trapp Family Lodge &amp; Resort en Vermont, Estados Unidos. \" loading=\"lazy\" width=\"960\" height=\"540\" decoding=\"async\" data-nimg=\"1\" class=\"rounded-lg\" style=\"color:transparent\" src=\"https:\/\/www.europesays.com\/es\/wp-content\/uploads\/2026\/01\/f19b65b2fb597b54238f049a630888d1.jpeg\"\/><\/p>\n<p>El hotel de la familia Von Trapp en Vermont, Estados Unidos. [Getty Images]<\/p>\n<p class=\"mb-4 text-lg md:leading-8 break-words\">\u00abYo estudi\u00e9 Ecolog\u00eda Forestal. Quer\u00eda hacer un doctorado y ser investigador, pero termin\u00e9 tom\u00e1ndome un par de a\u00f1os libres para organizarme, luego me cas\u00e9 y aqu\u00ed me ves. Despu\u00e9s de tantos a\u00f1os, acabo de jubilarme\u00bb.<\/p>\n<p class=\"mb-4 text-lg md:leading-8 break-words\">Despu\u00e9s de un incendio en 1983, el hijo menor de los Von Trapp decidi\u00f3 ampliar el hotel y ese proceso de reformas dio lugar al complejo tal como est\u00e1 hoy.<\/p>\n<p class=\"mb-4 text-lg md:leading-8 break-words\">Ahora, los hu\u00e9spedes pueden recorrer campos de flores silvestres, degustar sirope de arce producido localmente o probar unas cervezas lager de estilo austr\u00edaco.<\/p>\n<p class=\"mb-4 text-lg md:leading-8 break-words\">As\u00ed es como el menor de los hijos de Mar\u00eda y Georg ha ayudado, durante todos estos a\u00f1os, a mantener viva su herencia austriaca y el recuerdo de la familia Von Trapp.<\/p>\n<p class=\"mb-4 text-lg md:leading-8 break-words\">\u00abFormar parte de &#8216;Los cantantes de la familia Trapp&#8217; no fue una decisi\u00f3n, sino que fue simplemente inevitable porque la m\u00fasica estaba en nuestros huesos\u00bb, resume Johannes.<\/p>\n<p class=\"mb-4 text-lg md:leading-8 break-words\">*Este art\u00edculo es una adaptaci\u00f3n de un programa de BBC Outlook, con reporter\u00eda de Jo Fidgen y June Christie.<\/p>\n<p class=\"mb-4 text-lg md:leading-8 break-words\">*Si quieres escuchar el programa (en ingl\u00e9s), haz clic <a href=\"https:\/\/www.bbc.com\/audio\/play\/w3ct6wqr?xtor=AL-73-%5Bpartner%5D-%5Bespanol.yahoo.com%5D-%5Blink%5D-%5Bmundo%5D-%5Bbizdev%5D-%5Bisapi%5D\" rel=\"nofollow noopener\" target=\"_blank\" data-ylk=\"slk:aqu\u00ed;elm:context_link;itc:0;sec:content-canvas\" class=\"link \">aqu\u00ed<\/a>.<\/p>\n<p><img alt=\"&quot;&quot;\" loading=\"lazy\" width=\"800\" height=\"100\" decoding=\"async\" data-nimg=\"1\" class=\"rounded-lg\" style=\"color:transparent\" src=\"https:\/\/www.europesays.com\/es\/wp-content\/uploads\/2026\/01\/eb9474f5363f7c58d162e0ba3033dc86.jpeg\"\/><\/p>\n<p>[BBC]<\/p>\n<p class=\"mb-4 text-lg md:leading-8 break-words\"><a href=\"https:\/\/www.bbc.com\/mundo?xtor=AL-73-%5Bpartner%5D-%5Bespanol.yahoo.com%5D-%5Blink%5D-%5Bmundo%5D-%5Bbizdev%5D-%5Bisapi%5D\" rel=\"nofollow noopener\" target=\"_blank\" data-ylk=\"slk:Haz clic aqu\u00ed;elm:context_link;itc:0;sec:content-canvas\" class=\"link \">Haz clic aqu\u00ed<\/a> para leer m\u00e1s historias de BBC News Mundo.<\/p>\n<p class=\"mb-4 text-lg md:leading-8 break-words\"><a href=\"https:\/\/www.bbc.com\/mundo\/send\/u184973209?xtor=AL-73-%5Bpartner%5D-%5Bespanol.yahoo.com%5D-%5Blink%5D-%5Bmundo%5D-%5Bbizdev%5D-%5Bisapi%5D\" rel=\"nofollow noopener\" target=\"_blank\" data-ylk=\"slk:Suscr\u00edbete aqu\u00ed;elm:context_link;itc:0;sec:content-canvas\" class=\"link \">Suscr\u00edbete aqu\u00ed<\/a> a nuestro nuevo newsletter para recibir cada viernes una selecci\u00f3n de nuestro mejor contenido de la semana.<\/p>\n<p class=\"mb-4 text-lg md:leading-8 break-words\">Tambi\u00e9n puedes seguirnos en <a href=\"https:\/\/www.youtube.com\/user\/BBCMundo\" rel=\"nofollow noopener\" target=\"_blank\" data-ylk=\"slk:YouTube;elm:context_link;itc:0;sec:content-canvas\" class=\"link \">YouTube<\/a>, <a href=\"https:\/\/www.instagram.com\/bbcmundo\" rel=\"nofollow noopener\" target=\"_blank\" data-ylk=\"slk:Instagram;elm:context_link;itc:0;sec:content-canvas\" class=\"link \">Instagram<\/a>, <a href=\"https:\/\/www.tiktok.com\/@bbcnewsmundo\" rel=\"nofollow noopener\" target=\"_blank\" data-ylk=\"slk:TikTok;elm:context_link;itc:0;sec:content-canvas\" class=\"link \">TikTok<\/a>, <a href=\"https:\/\/x.com\/bbcmundo\" rel=\"nofollow noopener\" target=\"_blank\" data-ylk=\"slk:X;elm:context_link;itc:0;sec:content-canvas\" class=\"link \">X<\/a>, <a href=\"https:\/\/www.facebook.com\/BBCnewsMundo\" rel=\"nofollow noopener\" target=\"_blank\" data-ylk=\"slk:Facebook;elm:context_link;itc:0;sec:content-canvas\" class=\"link \">Facebook<\/a> y en nuestro <a href=\"https:\/\/www.whatsapp.com\/channel\/0029VaUm1Ss3WHTbgIXrjw3D\" rel=\"nofollow noopener\" target=\"_blank\" data-ylk=\"slk:canal de WhatsApp;elm:context_link;itc:0;sec:content-canvas\" class=\"link \">canal de WhatsApp<\/a>.<\/p>\n<p class=\"mb-4 text-lg md:leading-8 break-words\">Y recuerda que puedes recibir notificaciones en nuestra app. Descarga la \u00faltima versi\u00f3n y act\u00edvalas. <\/p>\n<p><script async src=\"\/\/www.instagram.com\/embed.js\"><\/script><script async src=\"\/\/www.tiktok.com\/embed.js\"><\/script><\/p>\n","protected":false},"excerpt":{"rendered":"En las monta\u00f1as verdes de Salzburgo, en Austria, hace 60 a\u00f1os una novicia llamada Mar\u00eda conquistaba con su&hellip;\n","protected":false},"author":2,"featured_media":335484,"comment_status":"","ping_status":"","sticky":false,"template":"","format":"standard","meta":{"footnotes":""},"categories":[91],"tags":[10485,19310,146,147,25,24,76933,76928,76930,76932,76929,23,76931],"class_list":{"0":"post-335483","1":"post","2":"type-post","3":"status-publish","4":"format-standard","5":"has-post-thumbnail","7":"category-entretenimiento","8":"tag-adolf-hitler","9":"tag-el-capitan","10":"tag-entertainment","11":"tag-entretenimiento","12":"tag-es","13":"tag-espana","14":"tag-georg-von-trapp","15":"tag-johannes-von-trapp","16":"tag-la-familia-von-trapp","17":"tag-la-novicia-rebelde","18":"tag-maria-von-trapp","19":"tag-spain","20":"tag-von-trapp"},"share_on_mastodon":{"url":"https:\/\/pubeurope.com\/@es\/115878030603156410","error":""},"_links":{"self":[{"href":"https:\/\/www.europesays.com\/es\/wp-json\/wp\/v2\/posts\/335483","targetHints":{"allow":["GET"]}}],"collection":[{"href":"https:\/\/www.europesays.com\/es\/wp-json\/wp\/v2\/posts"}],"about":[{"href":"https:\/\/www.europesays.com\/es\/wp-json\/wp\/v2\/types\/post"}],"author":[{"embeddable":true,"href":"https:\/\/www.europesays.com\/es\/wp-json\/wp\/v2\/users\/2"}],"replies":[{"embeddable":true,"href":"https:\/\/www.europesays.com\/es\/wp-json\/wp\/v2\/comments?post=335483"}],"version-history":[{"count":0,"href":"https:\/\/www.europesays.com\/es\/wp-json\/wp\/v2\/posts\/335483\/revisions"}],"wp:featuredmedia":[{"embeddable":true,"href":"https:\/\/www.europesays.com\/es\/wp-json\/wp\/v2\/media\/335484"}],"wp:attachment":[{"href":"https:\/\/www.europesays.com\/es\/wp-json\/wp\/v2\/media?parent=335483"}],"wp:term":[{"taxonomy":"category","embeddable":true,"href":"https:\/\/www.europesays.com\/es\/wp-json\/wp\/v2\/categories?post=335483"},{"taxonomy":"post_tag","embeddable":true,"href":"https:\/\/www.europesays.com\/es\/wp-json\/wp\/v2\/tags?post=335483"}],"curies":[{"name":"wp","href":"https:\/\/api.w.org\/{rel}","templated":true}]}}