{"id":335499,"date":"2026-01-11T19:18:16","date_gmt":"2026-01-11T19:18:16","guid":{"rendered":"https:\/\/www.europesays.com\/es\/335499\/"},"modified":"2026-01-11T19:18:16","modified_gmt":"2026-01-11T19:18:16","slug":"el-barca-atropella-al-coviran-granada-para-celebrar-el-billete-para-la-copa","status":"publish","type":"post","link":"https:\/\/www.europesays.com\/es\/335499\/","title":{"rendered":"El Bar\u00e7a atropella al Covir\u00e1n Granada para celebrar el billete para la Copa"},"content":{"rendered":"<p class=\"ft-text ft-helper-align-justify\"><strong>El Bar\u00e7a pas\u00f3 por encima del colista de la Liga Endesa, el Covir\u00e1n Granada (108-71)<\/strong> que solo le aguant\u00f3 un cuarto a los blaugrana, celebrando los de Pascual su pase a la Copa del Rey con su novena victora consecutiva. El reto ahora es acabar entre los cuatro primeros que deben certificar en las pr\u00f3ximas jornadas.<\/p>\n<p><img decoding=\"async\" src=\"https:\/\/www.europesays.com\/es\/wp-content\/uploads\/2025\/10\/fcb-4ccd3bc.png\" width=\"35\" height=\"35\" alt=\"Bar\u00e7a, 108\" class=\"ft-mol-dataSheed__image\" loading=\"lazy\"\/><\/p>\n<p class=\"ft-text\">FCB<\/p>\n<p>108<\/p>\n<p>71<\/p>\n<p><img decoding=\"async\" src=\"https:\/\/www.europesays.com\/es\/wp-content\/uploads\/2026\/01\/coviran-granada-7d713e3.png\" width=\"35\" height=\"35\" alt=\"Covir\u00e1n Granada, 71\" class=\"ft-mol-dataSheed__image\" loading=\"lazy\"\/><\/p>\n<p class=\"ft-text\">GRA<\/p>\n<p>Alineaciones<\/p>\n<tr\/>\n<tr class=\"ft-mol-dataSheed__equipPlayers\">\n<td>(26+35+25+22): Satoransky (2), Punter (12), Parra (11), Norris (9), Vesely (5)- cinco inicial-, Juani (8), Cale (13), Brizuela (13), Willy (11), Fall (15), Laprovittola (6), Shengelia (5).<\/td>\n<\/tr>\n<tr class=\"ft-mol-dataSheed__equipPlayers\"><\/tr>\n<tr\/>\n<tr class=\"ft-mol-dataSheed__equipPlayers\">\n<td>(22+12+16+21): Costa (7), Duran (0), Bozic (11), Alibegovic (5), Olumuyiwa (6)- cinco inicial-, Rousselle (5), Tom\u00e0s (0), P\u00e9rez (21), Howard (2), Brimah (5), Burjanadze (9).<\/td>\n<\/tr>\n<tr class=\"ft-mol-dataSheed__equipPlayers\"><\/tr>\n<p class=\"ft-text ft-helper-align-justify\"><strong>En un ambiente m\u00e1s relajado de lo habitual en el Palau<\/strong> <a class=\"ft-link ft-link--decoration\" href=\"https:\/\/www.sport.es\/es\/noticias\/barca\/baloncesto\/barca-plaza-copa-celebrara-hoy-125558362\" rel=\"nofollow noopener\" target=\"_blank\">despu\u00e9s que el Bar\u00e7a asegurase su puesto en la Copa la noche anterior,<\/a> el duelo ante el colista, el Covir\u00e1n Granada, empez\u00f3 con igualdad, <strong>consciente los blaugrana con su superioridad y sin prisa por demostrarla. <\/strong><\/p>\n<p class=\"ft-text ft-helper-align-justify\"><strong>Un inicio al \u2018tran tran\u2019 del Bar\u00e7a (10-13) que no le gust\u00f3 al m\u00e1s exigente de todos, el t\u00e9cnico Xavi Pascual.<\/strong> Dos acciones de Norris, una en ataque y otra en defensa, que no le complacieron, le llevaron al banco r\u00e1pido para dar entrada a Tornike Shengelia.<\/p>\n<p><img decoding=\"async\" src=\"https:\/\/www.europesays.com\/es\/wp-content\/uploads\/2026\/01\/726d0ffd-8df4-476e-a94e-96453b7a2f79_alta-libre-aspect-ratio_default_0.jpg\" width=\"1200\" height=\"800\" alt=\"Joel Parra sali\u00f3 en el quinteto titular y mostr\u00f3 su buen momento\" class=\"ft-helper-img-rd\" loading=\"lazy\"\/><\/p>\n<p class=\"ft-helper-fontColor-quaternary ft-helper-fontSize-body-S ft-helper-spacer-t-xxs\">Joel Parra sali\u00f3 en el quinteto titular y mostr\u00f3 su buen momento  \/ DANI BARBEITO<\/p>\n<p class=\"ft-text ft-helper-align-justify\"><strong>Con la diferencia inicial entre ambos equipos<\/strong> (ocho victorias seguidas del Bar\u00e7a por ocho derrotas consecutivas del Granada), lo l\u00f3gico es que los blaugrana se lo tomaran con calma. <strong>Todo deb\u00eda caer por su propio peso en un Palau que registr\u00f3 una de las entradas m\u00e1s discretas de la temporada (5.082 espectadores).<\/strong><\/p>\n<p>Pascual mueve al equipo<\/p>\n<p class=\"ft-text ft-helper-align-justify\"><strong>Pascual ya hab\u00eda cambiado el quinteto por completo en busca de la mejor combinaci\u00f3n ante un Granada que aguantaba el tip<\/strong>o (15-15) y que lograba cerrar el primer parcial con un resultado m\u00e1s que honroso (26-22) con Punter y Parra como m\u00e1ximos anotadores (7).<\/p>\n<p><img decoding=\"async\" src=\"https:\/\/www.europesays.com\/es\/wp-content\/uploads\/2026\/01\/735a4805-b68a-4bbf-b84e-78048f444671_alta-libre-aspect-ratio_default_0.jpg\" width=\"1200\" height=\"800\" alt=\"Miles Norris realiz\u00f3 algunas acciones espectaculares ante el Covir\u00e1n Granada\" class=\"ft-helper-img-rd\" loading=\"lazy\"\/><\/p>\n<p class=\"ft-helper-fontColor-quaternary ft-helper-fontSize-body-S ft-helper-spacer-t-xxs\">Miles Norris realiz\u00f3 algunas acciones espectaculares ante el Covir\u00e1n Granada  \/ DANI BARBEITO<\/p>\n<p class=\"ft-text ft-helper-align-justify\"><strong>Esa laxitud de los blaugrana permit\u00eda al cuadro granadino seguir cerca (31-27)<\/strong>. El Bar\u00e7a ten\u00eda que implementar una marcha m\u00e1s si quer\u00eda romper el partido m\u00e1s pronto que tarde.<\/p>\n<p class=\"ft-text ft-helper-align-justify\"><a class=\"ft-link ft-link--decoration\" href=\"https:\/\/www.sport.es\/es\/noticias\/barca\/baloncesto\/laprovittola-xavi-vino-mentalidad-arrolladora-125362680\" rel=\"nofollow noopener\" target=\"_blank\">Laprovittola empezaba a carburar desde el triple<\/a> (2 de 2) y empez\u00f3 a marcar diferencias poco a poco (36-27 m.13). Pascual daba minutos a Juani Marcos, el jugador con menor presencia en el equipo blaugrana.<\/p>\n<p>Partido resuelto al descanso<\/p>\n<p class=\"ft-text ft-helper-align-justify\"><strong>El Bar\u00e7a se anim\u00f3 y mejor\u00f3 su defensa al tiempo que ca\u00edan los triples con un Punter muy inspirado (12) <\/strong>para ampliar el margen a un 43-29 que empezaba a marcar el camino del trriunfo mucho antes del descanso (m.15).<\/p>\n<p><img decoding=\"async\" src=\"https:\/\/www.europesays.com\/es\/wp-content\/uploads\/2026\/01\/7b23afac-615e-480a-ac44-92e734b345b7_alta-libre-aspect-ratio_default_0.jpg\" width=\"1200\" height=\"800\" alt=\"Kevin Punter fue el m\u00e1s destacado en la primera mitad con 12 puntos\" class=\"ft-helper-img-rd\" loading=\"lazy\"\/><\/p>\n<p class=\"ft-helper-fontColor-quaternary ft-helper-fontSize-body-S ft-helper-spacer-t-xxs\">Kevin Punter fue el m\u00e1s destacado en la primera mitad con 12 puntos  \/ DANI BARBEITO<\/p>\n<p class=\"ft-text ft-helper-align-justify\"><strong>Un triple de Miles Norris llevaba al Bar\u00e7a a su m\u00e1xima (51-31) sin apenas despeinarse.<\/strong> S\u00f3lo necesit\u00f3 subir un pelda\u00f1o el nivel defensivo para abrir claras diferencias a las que un limitado Covir\u00e1n no pod\u00eda responder.<\/p>\n<p class=\"ft-text ft-helper-align-justify\">Hasta Juani Marcos y de nuevo Norris se a\u00f1ad\u00edan al festival ofensivo con dos nuevos triples<strong> y la m\u00e1xima al descanso conun parcial de 35-12 que dejaba m\u00e1s que resuelto el duelo en el Palau (61-34).<\/strong><\/p>\n<p>El Bar\u00e7a no afloja<\/p>\n<p class=\"ft-text ft-helper-align-justify\"><strong>Lejos de bajar la guardia ante un resultado tan abultado, el Bar\u00e7a sigui\u00f3 a apretando a indicaciones de Pascual. <\/strong>Youssoupha Fall se lo pasaba en grande recibiendo buenos balones interiores, con la renta alcanzando los 30 (69-39).<\/p>\n<p><img decoding=\"async\" src=\"https:\/\/www.europesays.com\/es\/wp-content\/uploads\/2026\/01\/0459af36-383e-4737-8427-627a2b585fcf_alta-libre-aspect-ratio_default_0.jpg\" width=\"1200\" height=\"800\" alt=\"Laprovittola, en una acci\u00f3n del encuentro ante el Covir\u00e1n Granada\" class=\"ft-helper-img-rd\" loading=\"lazy\"\/><\/p>\n<p class=\"ft-helper-fontColor-quaternary ft-helper-fontSize-body-S ft-helper-spacer-t-xxs\">Laprovittola, en una acci\u00f3n del encuentro ante el Covir\u00e1n Granada  \/ DANI BARBEITO<\/p>\n<p class=\"ft-text ft-helper-align-justify\"><strong>Un triple de Cale y otra acci\u00f3n de Fall llevaba la diferencia a los 35 (74-39) en lo que se estaba convirtiendo en todo un atropello<\/strong> al conjunto nazar\u00ed que ya hubiera da<strong>do por cerrado el duelo tras el tercer cuarto (86-50).<\/strong><\/p>\n<p class=\"ft-text ft-helper-align-justify\">Con el partido resuelto, minutos para los menos habituales como Fall (15) <strong>para dejar pasar los minutos y cerrar la victoria m\u00e1s f\u00e1cil de la temporada (108-71)<\/strong> a la espera del duelo ante el Madrid, esta vez de Euroliga en el Movistar Arena, este pr\u00f3ximo viernes. Seguro que ser\u00e1 una historia bien diferente.<\/p>\n","protected":false},"excerpt":{"rendered":"El Bar\u00e7a pas\u00f3 por encima del colista de la Liga Endesa, el Covir\u00e1n Granada (108-71) que solo le&hellip;\n","protected":false},"author":2,"featured_media":335500,"comment_status":"","ping_status":"","sticky":false,"template":"","format":"standard","meta":{"footnotes":""},"categories":[269],"tags":[76952,33796,299,298,168,11276,25399,25,24,76953,76954,23,167],"class_list":{"0":"post-335499","1":"post","2":"type-post","3":"status-publish","4":"format-standard","5":"has-post-thumbnail","7":"category-baloncesto","8":"tag-al-coviran-granada","9":"tag-atropella","10":"tag-baloncesto","11":"tag-basketball","12":"tag-deportes","13":"tag-el-barca","14":"tag-el-billete","15":"tag-es","16":"tag-espana","17":"tag-para-celebrar","18":"tag-para-la-copa","19":"tag-spain","20":"tag-sports"},"share_on_mastodon":{"url":"https:\/\/pubeurope.com\/@es\/115878081776273207","error":""},"_links":{"self":[{"href":"https:\/\/www.europesays.com\/es\/wp-json\/wp\/v2\/posts\/335499","targetHints":{"allow":["GET"]}}],"collection":[{"href":"https:\/\/www.europesays.com\/es\/wp-json\/wp\/v2\/posts"}],"about":[{"href":"https:\/\/www.europesays.com\/es\/wp-json\/wp\/v2\/types\/post"}],"author":[{"embeddable":true,"href":"https:\/\/www.europesays.com\/es\/wp-json\/wp\/v2\/users\/2"}],"replies":[{"embeddable":true,"href":"https:\/\/www.europesays.com\/es\/wp-json\/wp\/v2\/comments?post=335499"}],"version-history":[{"count":0,"href":"https:\/\/www.europesays.com\/es\/wp-json\/wp\/v2\/posts\/335499\/revisions"}],"wp:featuredmedia":[{"embeddable":true,"href":"https:\/\/www.europesays.com\/es\/wp-json\/wp\/v2\/media\/335500"}],"wp:attachment":[{"href":"https:\/\/www.europesays.com\/es\/wp-json\/wp\/v2\/media?parent=335499"}],"wp:term":[{"taxonomy":"category","embeddable":true,"href":"https:\/\/www.europesays.com\/es\/wp-json\/wp\/v2\/categories?post=335499"},{"taxonomy":"post_tag","embeddable":true,"href":"https:\/\/www.europesays.com\/es\/wp-json\/wp\/v2\/tags?post=335499"}],"curies":[{"name":"wp","href":"https:\/\/api.w.org\/{rel}","templated":true}]}}