{"id":335513,"date":"2026-01-11T19:27:11","date_gmt":"2026-01-11T19:27:11","guid":{"rendered":"https:\/\/www.europesays.com\/es\/335513\/"},"modified":"2026-01-11T19:27:11","modified_gmt":"2026-01-11T19:27:11","slug":"la-evolucion-compleja-de-la-psicosis-requiere-optimizar-las-estrategias-terapeuticas-a-largo-plazo-segun-un-estudio","status":"publish","type":"post","link":"https:\/\/www.europesays.com\/es\/335513\/","title":{"rendered":"La evoluci\u00f3n compleja de la psicosis requiere optimizar las estrategias terap\u00e9uticas a largo plazo, seg\u00fan un estudio"},"content":{"rendered":"<p><strong>Redacci\u00f3n<\/strong><br \/>La psicosis no sigue una \u00fanica trayectoria, sino que su evoluci\u00f3n depende de una compleja interacci\u00f3n entre desarrollo cerebral, s\u00edntomas, cognici\u00f3n y tratamiento, siendo necesario adoptar enfoques m\u00e1s personalizados que consideren las diferencias individuales para comprender mejor la enfermedad y optimizar las estrategias terap\u00e9uticas a largo plazo. Esta es una de las conclusiones del estudio \u2018<strong>Medicaci\u00f3n y maduraci\u00f3n cerebral at\u00edpica en la psicosis asociada con deterioro cognitivo a largo plazo y progresi\u00f3n de los s\u00edntomas\u2019, <\/strong><a href=\"https:\/\/www.cambridge.org\/core\/journals\/the-british-journal-of-psychiatry\/article\/medication-and-atypical-brain-maturation-in-psychosis-associated-with-longterm-cognitive-decline-and-symptom-progression\/300A38153DC445C849B8DD1FF8D96F5A\" target=\"_blank\" rel=\"noopener nofollow\">publicado<\/a> en el British Journal of Psychiatry y liderado por la <strong>Universidad de Sevilla<\/strong>.<\/p>\n<p>Esta investigaci\u00f3n se ha centrado en el an\u00e1lisis de las alteraciones en la corteza cerebral que presentan las personas que padecen psicosis. Desde su primera manifestaci\u00f3n, conocida como primer episodio psic\u00f3tico, los s\u00edntomas pueden aparecer y evolucionar de maneras muy distintas entre personas, lo que hace de la esquizofrenia un trastorno especialmente complejo.<\/p>\n<p>El estudio de la Universidad de Sevilla ha analizado las alteraciones en la corteza cerebral de las personas que padecen psicosis<\/p>\n<p>Seg\u00fan los resultados del estudio, en el momento del primer episodio, las personas con esta enfermedad mental presentan <strong>una reducci\u00f3n del volumen cortical<\/strong>, especialmente marcada <strong>en regiones con alta densidad de receptores de serotonina y dopamina<\/strong>, neurotransmisores clave tanto en la fisiopatolog\u00eda de la psicosis como en el mecanismo de acci\u00f3n de los antipsic\u00f3ticos. Los datos sugieren que no solo las neuronas, sino tambi\u00e9n otras c\u00e9lulas cerebrales implicadas en procesos inflamatorios e inmunol\u00f3gicos podr\u00edan desempe\u00f1ar un papel importante en la enfermedad.<\/p>\n<p>Asimismo, se ha comprobado que, durante el tratamiento, las diferencias estructurales tienden a disminuir, lo que apunta a que <strong>el ritmo de deterioro cerebral se aten\u00faa con la intervenci\u00f3n cl\u00ednica<\/strong>. Sin embargo, persisten diferencias m\u00e1s marcadas en las personas que reciben dosis m\u00e1s altas de medicaci\u00f3n antipsic\u00f3tica a lo largo del tiempo. Esto no implica necesariamente que la medicaci\u00f3n cause p\u00e9rdida de volumen, sino que quienes presentan s\u00edntomas m\u00e1s graves suelen requerir dosis mayores.<\/p>\n<p>El estudio tambi\u00e9n confirma que <strong>estos pacientes muestran alteraciones cognitivas desde fases muy tempranas<\/strong>. A lo largo del seguimiento, muchas personas experimentan mejor\u00eda tanto en los s\u00edntomas como en la cognici\u00f3n, lo que sugiere que la estabilizaci\u00f3n cl\u00ednica puede acompa\u00f1arse de una recuperaci\u00f3n parcial de estas funciones. No obstante, esta mejor\u00eda es menos pronunciada en quienes requieren tratamientos a dosis m\u00e1s altas.<\/p>\n<p>Tanto las neuronas como otras c\u00e9lulas cerebrales implicadas en los procesos inflamatorios e inmunol\u00f3gicos desempe\u00f1an un papel importante en la enfermedad<br \/>\n<strong>Diez a\u00f1os de seguimiento\u00a0<\/strong><\/p>\n<p>Liderado por <strong>Claudio Alem\u00e1n Morillo<\/strong> y <strong>Rafael Romero Garc\u00eda<\/strong> en el Laboratorio de Neuroimagen y Redes Cerebrales de la Universidad de Sevilla, el estudio utiliz\u00f3 <strong>im\u00e1genes de resonancia magn\u00e9tica para calcular el volumen de las distintas regiones de la corteza cerebral<\/strong> en 357 pacientes con esquizofrenia y 195 controles.<\/p>\n<p>Uno de los aspectos m\u00e1s relevantes del trabajo es que <strong>los participantes fueron evaluados a lo largo de diez a\u00f1os<\/strong>, lo que ha permitido analizar c\u00f3mo cambia el cerebro a largo plazo y c\u00f3mo estos cambios se relacionan con los s\u00edntomas cl\u00ednicos y el desempe\u00f1o cognitivo, incluyendo posibles dificultades en la atenci\u00f3n, la memoria o la velocidad de procesamiento. Adem\u00e1s, <strong>el estudio aplica por primera vez un an\u00e1lisis basado en percentiles<\/strong>. Del mismo modo que en pediatr\u00eda se utilizan los percentiles para identificar desviaciones en peso o altura, ahora pueden emplearse para detectar si determinadas regiones cerebrales presentan vol\u00famenes at\u00edpicos.<\/p>\n","protected":false},"excerpt":{"rendered":"Redacci\u00f3nLa psicosis no sigue una \u00fanica trayectoria, sino que su evoluci\u00f3n depende de una compleja interacci\u00f3n entre desarrollo&hellip;\n","protected":false},"author":2,"featured_media":335514,"comment_status":"","ping_status":"","sticky":false,"template":"","format":"standard","meta":{"footnotes":""},"categories":[92],"tags":[3297,4572,25,24,165,1294,57933,166,23,44469],"class_list":{"0":"post-335513","1":"post","2":"type-post","3":"status-publish","4":"format-standard","5":"has-post-thumbnail","7":"category-salud","8":"tag-a1","9":"tag-enfermedades-mentales","10":"tag-es","11":"tag-espana","12":"tag-health","13":"tag-investigacion","14":"tag-psicosis","15":"tag-salud","16":"tag-spain","17":"tag-universidad-de-sevilla"},"share_on_mastodon":{"url":"https:\/\/pubeurope.com\/@es\/115878116975814525","error":""},"_links":{"self":[{"href":"https:\/\/www.europesays.com\/es\/wp-json\/wp\/v2\/posts\/335513","targetHints":{"allow":["GET"]}}],"collection":[{"href":"https:\/\/www.europesays.com\/es\/wp-json\/wp\/v2\/posts"}],"about":[{"href":"https:\/\/www.europesays.com\/es\/wp-json\/wp\/v2\/types\/post"}],"author":[{"embeddable":true,"href":"https:\/\/www.europesays.com\/es\/wp-json\/wp\/v2\/users\/2"}],"replies":[{"embeddable":true,"href":"https:\/\/www.europesays.com\/es\/wp-json\/wp\/v2\/comments?post=335513"}],"version-history":[{"count":0,"href":"https:\/\/www.europesays.com\/es\/wp-json\/wp\/v2\/posts\/335513\/revisions"}],"wp:featuredmedia":[{"embeddable":true,"href":"https:\/\/www.europesays.com\/es\/wp-json\/wp\/v2\/media\/335514"}],"wp:attachment":[{"href":"https:\/\/www.europesays.com\/es\/wp-json\/wp\/v2\/media?parent=335513"}],"wp:term":[{"taxonomy":"category","embeddable":true,"href":"https:\/\/www.europesays.com\/es\/wp-json\/wp\/v2\/categories?post=335513"},{"taxonomy":"post_tag","embeddable":true,"href":"https:\/\/www.europesays.com\/es\/wp-json\/wp\/v2\/tags?post=335513"}],"curies":[{"name":"wp","href":"https:\/\/api.w.org\/{rel}","templated":true}]}}