{"id":335615,"date":"2026-01-11T20:41:25","date_gmt":"2026-01-11T20:41:25","guid":{"rendered":"https:\/\/www.europesays.com\/es\/335615\/"},"modified":"2026-01-11T20:41:25","modified_gmt":"2026-01-11T20:41:25","slug":"junts-descarta-apoyar-la-financiacion-como-le-piden-psoe-y-erc-es-cafe-para-todos","status":"publish","type":"post","link":"https:\/\/www.europesays.com\/es\/335615\/","title":{"rendered":"Junts descarta apoyar la financiaci\u00f3n como le piden PSOE y ERC: \u00abEs caf\u00e9 para todos\u00bb"},"content":{"rendered":"<p>El vicepresidente y portavoz de <a href=\"https:\/\/theobjective.com\/etiqueta\/junts-per-catalunya\/\" rel=\"nofollow noopener\" target=\"_blank\">Junts<\/a>, <strong>Josep Rius<\/strong>, ha denunciado que el nuevo modelo de financiaci\u00f3n auton\u00f3mica \u201cperpet\u00faa el caf\u00e9 para todos\u201d y perjudica, a su juicio, a los <a href=\"https:\/\/theobjective.com\/espana\/cataluna\/\" rel=\"nofollow noopener\" target=\"_blank\">catalanes<\/a>, especialmente a los barceloneses\u201d, porque no tiene en cuenta \u201cel diferencial del coste de vida\u201d en la ciudad.<\/p>\n<p>En una visita a las fiestas de los Tres Tombs de Sant Andreu en Barcelona, Rius ha valorado as\u00ed este domingo el nuevo pacto de financiaci\u00f3n auton\u00f3mica acordado esta semana entre <strong>Esquerra<\/strong> y el Gobierno de <strong>PSOE<\/strong> y <strong>Sumar<\/strong>. Un modelo que, para ser aprobado, requerir\u00eda del apoyo en el Congreso de Junts junto con el resto de fuerzas que invistieron al presidente Pedro S\u00e1nchez, porque PP y Vox est\u00e1n en contra.<\/p>\n<p>Seg\u00fan informa la agencia EFE, Junts rechaza la propuesta, pese a los llamamientos de ERC y de los socialistas para sentarse a negociar, porque quiere que Catalu\u00f1a salga del r\u00e9gimen com\u00fan de financiaci\u00f3n y que tenga un <strong>concierto econ\u00f3mico<\/strong>.<\/p>\n<p>Para Rius, que tambi\u00e9n es concejal en el <strong>Ayuntamiento de Barcelona<\/strong>, el nuevo modelo \u201cperpet\u00faa el caf\u00e9 para todos y perjudica a los catalanes, especialmente a los barceloneses\u201d.<\/p>\n<p>Lo ha argumentado porque el nuevo sistema \u201cno tiene en cuenta el diferencial del coste de vida en Barcelona\u201d, en un momento en el que la capital catalana tiene \u201cmuchas retos como la vivienda, la seguridad o la limpieza\u201d.\u00a0<\/p>\n","protected":false},"excerpt":{"rendered":"El vicepresidente y portavoz de Junts, Josep Rius, ha denunciado que el nuevo modelo de financiaci\u00f3n auton\u00f3mica \u201cperpet\u00faa&hellip;\n","protected":false},"author":2,"featured_media":335616,"comment_status":"","ping_status":"","sticky":false,"template":"","format":"standard","meta":{"footnotes":""},"categories":[8],"tags":[17,18,25,24,13,14,76553,5965,11,8920,19,20,9,10,15,16,23,12,21,22],"class_list":{"0":"post-335615","1":"post","2":"type-post","3":"status-publish","4":"format-standard","5":"has-post-thumbnail","7":"category-espana","8":"tag-breaking-news","9":"tag-breakingnews","10":"tag-es","11":"tag-espana","12":"tag-featured-news","13":"tag-featurednews","14":"tag-financiaciu00f3n-autonu00f3mica","15":"tag-gobierno-de-espau00f1a","16":"tag-headlines","17":"tag-junts-per-catalunya-jxcat","18":"tag-latest-news","19":"tag-latestnews","20":"tag-news","21":"tag-noticias","22":"tag-noticias-destacadas","23":"tag-noticiasdestacadas","24":"tag-spain","25":"tag-titulares","26":"tag-ultimas-noticias","27":"tag-ultimasnoticias"},"share_on_mastodon":{"url":"https:\/\/pubeurope.com\/@es\/115878407982826071","error":""},"_links":{"self":[{"href":"https:\/\/www.europesays.com\/es\/wp-json\/wp\/v2\/posts\/335615","targetHints":{"allow":["GET"]}}],"collection":[{"href":"https:\/\/www.europesays.com\/es\/wp-json\/wp\/v2\/posts"}],"about":[{"href":"https:\/\/www.europesays.com\/es\/wp-json\/wp\/v2\/types\/post"}],"author":[{"embeddable":true,"href":"https:\/\/www.europesays.com\/es\/wp-json\/wp\/v2\/users\/2"}],"replies":[{"embeddable":true,"href":"https:\/\/www.europesays.com\/es\/wp-json\/wp\/v2\/comments?post=335615"}],"version-history":[{"count":0,"href":"https:\/\/www.europesays.com\/es\/wp-json\/wp\/v2\/posts\/335615\/revisions"}],"wp:featuredmedia":[{"embeddable":true,"href":"https:\/\/www.europesays.com\/es\/wp-json\/wp\/v2\/media\/335616"}],"wp:attachment":[{"href":"https:\/\/www.europesays.com\/es\/wp-json\/wp\/v2\/media?parent=335615"}],"wp:term":[{"taxonomy":"category","embeddable":true,"href":"https:\/\/www.europesays.com\/es\/wp-json\/wp\/v2\/categories?post=335615"},{"taxonomy":"post_tag","embeddable":true,"href":"https:\/\/www.europesays.com\/es\/wp-json\/wp\/v2\/tags?post=335615"}],"curies":[{"name":"wp","href":"https:\/\/api.w.org\/{rel}","templated":true}]}}