{"id":335674,"date":"2026-01-11T21:28:13","date_gmt":"2026-01-11T21:28:13","guid":{"rendered":"https:\/\/www.europesays.com\/es\/335674\/"},"modified":"2026-01-11T21:28:13","modified_gmt":"2026-01-11T21:28:13","slug":"alexis-y-dos-novedades-mas-en-la-lista-de-convocados-del-sevilla-fc-para-el-duelo-ante-el-celta","status":"publish","type":"post","link":"https:\/\/www.europesays.com\/es\/335674\/","title":{"rendered":"Alexis y dos novedades m\u00e1s en la lista de convocados del Sevilla FC para el duelo ante el Celta"},"content":{"rendered":"<p style=\"\">El <strong>Sevilla FC<\/strong> ha ofrecido la lista de convocados para el encuentro ante el Celta, correspondiente a la decimonovena y \u00faltima jornada de la primera vuelta, con la inclusi\u00f3n de <strong>Alexis S\u00e1nchez<\/strong>, pese a que se perdi\u00f3 el \u00faltimo entrenamiento del equipo, <strong>Rub\u00e9n <\/strong> &#8230; <strong>Vargas<\/strong>, que regresa a una convocatoria tras superar la lesi\u00f3n muscular que sufri\u00f3 ante el Espanyol, y <strong>Tanguy Nianzou<\/strong>, que tambi\u00e9n vuelve tras un largo periodo de ausencia.<\/p>\n<p class=\"voc-p\" style=\"\">\u00abAyer mientras est\u00e1bamos entrenando en un contacto con un compa\u00f1ero recibi\u00f3 un golpe en la cadera. Son esos golpes que te duermen el m\u00fasculo y veremos c\u00f3mo se encuentra ma\u00f1ana. <strong>Hoy estaba dolorido, no es grave pero son esos golpes que te impiden unos d\u00edas moverte con normalidad<\/strong>\u00bb, apunt\u00f3 Mat\u00edas Almeyda sobre Alexis, aunque esperar\u00e1 al atacante hasta el final.<\/p>\n<p class=\"voc-p\" style=\"\">S\u00ed cuenta el entrenador argentino con Jos\u00e9 \u00c1ngel Carmona, quien ya se ejercit\u00f3 con el grupo en los \u00faltimos entrenamientos tras perderse una sesi\u00f3n durante la semana, y con <strong>Tanguy Nianzou<\/strong>, que no juega un partido desde el pasado mes de noviembre y que ha acumulado diferentes lesiones durante la temporada.<\/p>\n<p class=\"voc-p\" style=\"\">No podr\u00e1 contar Almeyda con los lesionados<strong> C\u00e9sar Azpilicueta, Suazo y Alfon<\/strong>, con el sancionado <strong>Marcao<\/strong> y con <strong>Akor Adams y Chidera Ejuke<\/strong>, que todav\u00eda se encuentran concentrados con la selecci\u00f3n de Nigeria tras lograr la clasificaci\u00f3n para las semifinales de la Copa \u00c1frica. S\u00ed entra en la lista el canterano Miguel Sierra.<\/p>\n<p class=\"voc-p\" style=\"\">As\u00ed pues, <strong>la convocatoria la conforman<\/strong>: Odysseas, Nyland, Alberto Flores, Carmona, Juanlu, Kike Salas, Nianzou, Cardoso, Castr\u00edn, Oso, Mendy, Agoum\u00e9, Sow, Gudelj, Jord\u00e1n, Manu Bueno, Januzaj, Miguel Sierra, Alexis, Peque, Vargas e Isaac.<\/p>\n","protected":false},"excerpt":{"rendered":"El Sevilla FC ha ofrecido la lista de convocados para el encuentro ante el Celta, correspondiente a la&hellip;\n","protected":false},"author":2,"featured_media":335675,"comment_status":"","ping_status":"","sticky":false,"template":"","format":"standard","meta":{"footnotes":""},"categories":[5],"tags":[31612,1575,17,18,290,10604,320,7115,25,24,13,14,11,19,20,12182,9,10,15,16,1171,23,12,21,22],"class_list":{"0":"post-335674","1":"post","2":"type-post","3":"status-publish","4":"format-standard","5":"has-post-thumbnail","7":"category-titulares","8":"tag-alexis","9":"tag-ante","10":"tag-breaking-news","11":"tag-breakingnews","12":"tag-celta","13":"tag-convocados","14":"tag-duelo","15":"tag-entra","16":"tag-es","17":"tag-espana","18":"tag-featured-news","19":"tag-featurednews","20":"tag-headlines","21":"tag-latest-news","22":"tag-latestnews","23":"tag-lista","24":"tag-news","25":"tag-noticias","26":"tag-noticias-destacadas","27":"tag-noticiasdestacadas","28":"tag-sevilla","29":"tag-spain","30":"tag-titulares","31":"tag-ultimas-noticias","32":"tag-ultimasnoticias"},"share_on_mastodon":{"url":"https:\/\/pubeurope.com\/@es\/115878592677145682","error":""},"_links":{"self":[{"href":"https:\/\/www.europesays.com\/es\/wp-json\/wp\/v2\/posts\/335674","targetHints":{"allow":["GET"]}}],"collection":[{"href":"https:\/\/www.europesays.com\/es\/wp-json\/wp\/v2\/posts"}],"about":[{"href":"https:\/\/www.europesays.com\/es\/wp-json\/wp\/v2\/types\/post"}],"author":[{"embeddable":true,"href":"https:\/\/www.europesays.com\/es\/wp-json\/wp\/v2\/users\/2"}],"replies":[{"embeddable":true,"href":"https:\/\/www.europesays.com\/es\/wp-json\/wp\/v2\/comments?post=335674"}],"version-history":[{"count":0,"href":"https:\/\/www.europesays.com\/es\/wp-json\/wp\/v2\/posts\/335674\/revisions"}],"wp:featuredmedia":[{"embeddable":true,"href":"https:\/\/www.europesays.com\/es\/wp-json\/wp\/v2\/media\/335675"}],"wp:attachment":[{"href":"https:\/\/www.europesays.com\/es\/wp-json\/wp\/v2\/media?parent=335674"}],"wp:term":[{"taxonomy":"category","embeddable":true,"href":"https:\/\/www.europesays.com\/es\/wp-json\/wp\/v2\/categories?post=335674"},{"taxonomy":"post_tag","embeddable":true,"href":"https:\/\/www.europesays.com\/es\/wp-json\/wp\/v2\/tags?post=335674"}],"curies":[{"name":"wp","href":"https:\/\/api.w.org\/{rel}","templated":true}]}}