{"id":335732,"date":"2026-01-11T22:12:11","date_gmt":"2026-01-11T22:12:11","guid":{"rendered":"https:\/\/www.europesays.com\/es\/335732\/"},"modified":"2026-01-11T22:12:11","modified_gmt":"2026-01-11T22:12:11","slug":"mons-francisco-prieto-invita-a-vivir-un-bautismo-que-se-hace-compromiso-cristiano","status":"publish","type":"post","link":"https:\/\/www.europesays.com\/es\/335732\/","title":{"rendered":"Mons. Francisco Prieto invita a vivir un bautismo que se hace compromiso cristiano"},"content":{"rendered":"<ul>\n<li><strong>La celebraci\u00f3n lit\u00fargica pone fin al ciclo navide\u00f1o y abre el Tiempo Ordinario.<\/strong><\/li>\n<li><strong>El arzobispo de Santiago presidi\u00f3 la misa estacional en la Catedral compostelana.<\/strong><\/li>\n<li><strong>Mons. Francisco Prieto invita a vivir un bautismo que se hace vida cotidiana, compromiso cristiano y anuncio del Evangelio.<\/strong><\/li>\n<\/ul>\n<p>La Iglesia celebr\u00f3 este domingo 11 de enero la <strong>Fiesta del Bautismo del Se\u00f1or<\/strong>, solemnidad que se conmemora el domingo siguiente a la Epifan\u00eda y que recuerda el bautismo de Jes\u00fas en el r\u00edo Jord\u00e1n a manos de san Juan Bautista. Esta celebraci\u00f3n marca el final del tiempo de Navidad y el inicio del Tiempo Ordinario en el calendario lit\u00fargico, abriendo un per\u00edodo en el que la Iglesia recorre, a lo largo del a\u00f1o, los misterios de la vida p\u00fablica del Se\u00f1or. En la <strong>Catedral de Santiago de Compostela<\/strong>, la misa estacional de las 12:00 horas estuvo presidida por el arzobispo, <strong>monse\u00f1or Francisco Prieto Fern\u00e1ndez.<\/strong><\/p>\n<p>Desde el inicio de su homil\u00eda, el arzobispo destac\u00f3 <strong>el significado del Bautismo de Jes\u00fas como momento de revelaci\u00f3n<\/strong>. A la luz del profeta Isa\u00edas, present\u00f3 a Cristo como el siervo humilde, fortalecido por el Esp\u00edritu y enviado para traer luz, libertad y salvaci\u00f3n. Ese siervo es el mismo Jes\u00fas que, despu\u00e9s de ser adorado en Bel\u00e9n y reconocido por los magos, se presenta ahora a orillas del Jord\u00e1n.<\/p>\n<p>Mons. Prieto tambi\u00e9n invit\u00f3 a <strong>hacer memoria del bautismo recibido<\/strong>. En este contexto afirm\u00f3 que la celebraci\u00f3n del Bautismo del Se\u00f1or es tambi\u00e9n celebraci\u00f3n del bautismo de cada cristiano, de ese don que hace a los creyentes hijos en el Hijo amado. Y a\u00f1adi\u00f3 que no se trata de una carga ni de un mero conjunto de ritos, sino de una gracia que precede y sostiene, y que<strong> llama a vivir como hijos de Dios y como hermanos entre s\u00ed.<\/strong><\/p>\n<p>El arzobispo record\u00f3 que <strong>la salvaci\u00f3n que Cristo ofrece<\/strong> no es superficial ni pasajera, sino <strong>profunda y transformadora<\/strong>, capaz de poner en pie a una humanidad marcada por la fragilidad y la falta de justicia. En este sentido, evoc\u00f3 las palabras del ap\u00f3stol Pedro sobre Jes\u00fas, \u201cque desde Galilea pas\u00f3 haciendo el bien y liberando a todos los esclavizados por el demonio\u201d, para subrayar que el bien de Dios dignifica y restaura.<\/p>\n<p>Inspir\u00e1ndose en el ap\u00f3stol Santiago, tambi\u00e9n record\u00f3 que ser cristiano no es una intimidad cerrada, sino una<strong> fe que se traduce en manos extendidas y en cercan\u00eda al hermano<\/strong>. El bautismo, afirm\u00f3, es vida celebrada y vida anunciada, una<strong> llamada a sembrar el bien<\/strong> en lo cotidiano, en la familia, en el trabajo y en cada \u00e1mbito de relaci\u00f3n.<\/p>\n<p>La homil\u00eda concluy\u00f3 con una invitaci\u00f3n a acoger la misi\u00f3n confiada a cada bautizado: <strong>vivir como hijos, caminar como hermanos y dar testimonio con sencillez y humildad de la salvaci\u00f3n recibida<\/strong>.<\/p>\n<p>Con esta celebraci\u00f3n, la Catedral de Santiago clausur\u00f3 lit\u00fargicamente el tiempo de Navidad y abri\u00f3 un nuevo tramo del a\u00f1o eclesial, marcado por la contemplaci\u00f3n del ministerio de Jes\u00fas y por el compromiso renovado de quienes, desde su bautismo, se saben llamados y enviados.<\/p>\n<p>\u00a0<\/p>\n","protected":false},"excerpt":{"rendered":"La celebraci\u00f3n lit\u00fargica pone fin al ciclo navide\u00f1o y abre el Tiempo Ordinario. El arzobispo de Santiago presidi\u00f3&hellip;\n","protected":false},"author":2,"featured_media":335733,"comment_status":"","ping_status":"","sticky":false,"template":"","format":"standard","meta":{"footnotes":""},"categories":[42],"tags":[17,18,13,14,11,61,62,63,64,19,20,9,10,15,16,12,21,22,65,66,67],"class_list":{"0":"post-335732","1":"post","2":"type-post","3":"status-publish","4":"format-standard","5":"has-post-thumbnail","7":"category-internacional","8":"tag-breaking-news","9":"tag-breakingnews","10":"tag-featured-news","11":"tag-featurednews","12":"tag-headlines","13":"tag-internacional","14":"tag-international","15":"tag-international-news","16":"tag-internationalnews","17":"tag-latest-news","18":"tag-latestnews","19":"tag-news","20":"tag-noticias","21":"tag-noticias-destacadas","22":"tag-noticiasdestacadas","23":"tag-titulares","24":"tag-ultimas-noticias","25":"tag-ultimasnoticias","26":"tag-world","27":"tag-world-news","28":"tag-worldnews"},"share_on_mastodon":{"url":"https:\/\/pubeurope.com\/@es\/115878765889715431","error":""},"_links":{"self":[{"href":"https:\/\/www.europesays.com\/es\/wp-json\/wp\/v2\/posts\/335732","targetHints":{"allow":["GET"]}}],"collection":[{"href":"https:\/\/www.europesays.com\/es\/wp-json\/wp\/v2\/posts"}],"about":[{"href":"https:\/\/www.europesays.com\/es\/wp-json\/wp\/v2\/types\/post"}],"author":[{"embeddable":true,"href":"https:\/\/www.europesays.com\/es\/wp-json\/wp\/v2\/users\/2"}],"replies":[{"embeddable":true,"href":"https:\/\/www.europesays.com\/es\/wp-json\/wp\/v2\/comments?post=335732"}],"version-history":[{"count":0,"href":"https:\/\/www.europesays.com\/es\/wp-json\/wp\/v2\/posts\/335732\/revisions"}],"wp:featuredmedia":[{"embeddable":true,"href":"https:\/\/www.europesays.com\/es\/wp-json\/wp\/v2\/media\/335733"}],"wp:attachment":[{"href":"https:\/\/www.europesays.com\/es\/wp-json\/wp\/v2\/media?parent=335732"}],"wp:term":[{"taxonomy":"category","embeddable":true,"href":"https:\/\/www.europesays.com\/es\/wp-json\/wp\/v2\/categories?post=335732"},{"taxonomy":"post_tag","embeddable":true,"href":"https:\/\/www.europesays.com\/es\/wp-json\/wp\/v2\/tags?post=335732"}],"curies":[{"name":"wp","href":"https:\/\/api.w.org\/{rel}","templated":true}]}}