{"id":335734,"date":"2026-01-11T22:13:33","date_gmt":"2026-01-11T22:13:33","guid":{"rendered":"https:\/\/www.europesays.com\/es\/335734\/"},"modified":"2026-01-11T22:13:33","modified_gmt":"2026-01-11T22:13:33","slug":"malas-noticias-para-sara-carbonero-se-retrasa-su-salida-del-hospital-despues-de-tener-que-ser-intervenida-de-urgencia","status":"publish","type":"post","link":"https:\/\/www.europesays.com\/es\/335734\/","title":{"rendered":"Malas noticias para Sara Carbonero: se retrasa su salida del hospital despu\u00e9s de tener que ser intervenida de urgencia"},"content":{"rendered":"<p><img fetchpriority=\"high\" class=\"v-a-img\" src=\"https:\/\/www.europesays.com\/es\/wp-content\/uploads\/2026\/01\/carboenro-kh5H-U240806601005zqB-1200x840@Las Provincias.jpg\" loading=\"eager\" decoding=\"async\" alt=\"La periodista Sara Carbonero en una imagen de archivo.\"  width=\"1200\" height=\"840\"\/><\/p>\n<p>La periodista Sara Carbonero en una imagen de archivo.          L.P        <\/p>\n<p>El 2 de enero la periodista empez\u00f3 a encontrarse mal y tuvo que ser trasladada en helic\u00f3ptero hasta el hospital de Lanzarote, donde fue operada<\/p>\n<p><a class=\"v-mdl-ath__fig-a\" href=\"https:\/\/www.lasprovincias.es\/autor\/sara-bonillo-5829.html\" title=\"Sara Bonillo\" rel=\"nofollow noopener\" target=\"_blank\"><br \/>\n<img decoding=\"async\" class=\"v-mdl-ath__img\" src=\"https:\/\/www.europesays.com\/es\/wp-content\/uploads\/2025\/09\/autor-5829-foto-1.jpeg\" alt=\"Sara Bonillo\"\/><br \/>\n<\/a><\/p>\n<p class=\"v-mdl-ath__p v-mdl-ath__p--6\">\nDomingo, 11 de enero 2026, 14:44<\/p>\n<p class=\"v-p\">Contin\u00faa la preocupaci\u00f3n por el <a href=\"https:\/\/www.lasprovincias.es\/gente-estilo\/sara-carbonero-ingresada-urgencia-lanzarote-20260106114350-ntrc.html\" title=\"www.lasprovincias.es\" data-voc-vtm-id=\"in-text-traffic\" data-mrf-link=\"www.lasprovincias.es\" rel=\"nofollow noopener\" target=\"_blank\">estado de salud de Sara Carbonero<\/a> despu\u00e9s de que tuviera que ser intervenida de urgencia la pasada semana. La periodista se encontraba pasando el fin de a\u00f1o en la isla de La Graciosa con su pareja, el empresario Jos\u00e9 Luis Cabrera, y un grupo de amigos, entre los que se encontraba Isabel Jim\u00e9nez.<\/p>\n<p class=\"v-p\">El 2 de enero empez\u00f3 a encontrarse mal y tuvo que ser trasladada de urgencia en helic\u00f3ptero hasta el hospital de Lanzarote, donde tuvo fue operada de urgencia. Tras pasar varios d\u00edas en la Unidad de Cuidados Intensivos, el pasado 8 de enero trascend\u00eda la noticia de que Sara hab\u00eda sido trasladada a planta.<\/p>\n<p><a href=\"http:\/\/www.lasprovincias.es\/gente-estilo\/alice-campello-habla-primera-vez-sobre-supuesta-20260110005903-nt.html#vtm_modulosEngag=mod-rel:gente-estilo:noticia:1:cmp:1-not\" class=\"v-a-link\" aria-label=\"Imagen\" rel=\"nofollow noopener\" target=\"_blank\"><\/p>\n<p><img decoding=\"async\" loading=\"lazy\" src=\"https:\/\/www.europesays.com\/es\/wp-content\/uploads\/2026\/01\/morata-k4WE--366x256@Las Provincias.jpg\" class=\"v-a-img\" alt=\"\" data-voc-vtm-id=\"in-text-traffic\" width=\"366\" height=\"256\"\/><\/p>\n<p><\/a><\/p>\n<p class=\"v-p\">Aunque se esperaba que este fin de semana Carbonero recibiera el alta y pudiera volver a Madrid, parece que la fecha se retrasa. Seg\u00fan informan desde la revista Diez Minutos, la periodista contin\u00faa ingresada en planta del hospital de La Graciosa, aunque su entorno cercano asegura que <a href=\"https:\/\/www.lasprovincias.es\/gente-estilo\/entorno-sara-carbonero-llama-calma-asegura-grave-20260107142159-ntrc.html\" title=\"www.lasprovincias.es\" data-voc-vtm-id=\"in-text-traffic\" data-mrf-link=\"www.lasprovincias.es\" rel=\"nofollow noopener\" target=\"_blank\">evoluciona favorablemente y no es nada preocupante<\/a>.<\/p>\n<p class=\"v-p\">Al conocer la noticia, numerosos rostros conocidos han mostrado su preocupaci\u00f3n e inter\u00e9s por el estado de salud de la periodista. Compa\u00f1eros de profesi\u00f3n, cantantes e influencers no han dudado en mandar mensajes de apoyo y cari\u00f1o a Sara a trav\u00e9s de redes sociales. Por su parte, Iker Casillas, exmarido de la periodista, que no suele dar declaraciones, ha dicho que la periodista \u00abest\u00e1 muy bien\u00bb.<\/p>\n<p class=\"v-p\">Aunque por el momento se desconocen las causas del ingreso, se sabe que la operaci\u00f3n no ha tenido nada que ver con la enfermedad que le diagnosticaron en 2019 y de la que habl\u00f3 por primera vez en p\u00fablico en 2024.<\/p>\n<p>Reporta un error<\/p>\n","protected":false},"excerpt":{"rendered":"La periodista Sara Carbonero en una imagen de archivo. L.P El 2 de enero la periodista empez\u00f3 a&hellip;\n","protected":false},"author":2,"featured_media":335735,"comment_status":"","ping_status":"","sticky":false,"template":"","format":"standard","meta":{"footnotes":""},"categories":[8],"tags":[17,18,72954,987,25,24,13,14,11,3345,75597,19,20,9462,9,10,15,16,39575,1965,10406,23,9162,12,21,22,9849],"class_list":{"0":"post-335734","1":"post","2":"type-post","3":"status-publish","4":"format-standard","5":"has-post-thumbnail","7":"category-espana","8":"tag-breaking-news","9":"tag-breakingnews","10":"tag-carbonero","11":"tag-despues","12":"tag-es","13":"tag-espana","14":"tag-featured-news","15":"tag-featurednews","16":"tag-headlines","17":"tag-hospital","18":"tag-intervenida","19":"tag-latest-news","20":"tag-latestnews","21":"tag-malas","22":"tag-news","23":"tag-noticias","24":"tag-noticias-destacadas","25":"tag-noticiasdestacadas","26":"tag-retrasa","27":"tag-salida","28":"tag-sara","29":"tag-spain","30":"tag-tener","31":"tag-titulares","32":"tag-ultimas-noticias","33":"tag-ultimasnoticias","34":"tag-urgencia"},"share_on_mastodon":{"url":"https:\/\/pubeurope.com\/@es\/115878769818948434","error":""},"_links":{"self":[{"href":"https:\/\/www.europesays.com\/es\/wp-json\/wp\/v2\/posts\/335734","targetHints":{"allow":["GET"]}}],"collection":[{"href":"https:\/\/www.europesays.com\/es\/wp-json\/wp\/v2\/posts"}],"about":[{"href":"https:\/\/www.europesays.com\/es\/wp-json\/wp\/v2\/types\/post"}],"author":[{"embeddable":true,"href":"https:\/\/www.europesays.com\/es\/wp-json\/wp\/v2\/users\/2"}],"replies":[{"embeddable":true,"href":"https:\/\/www.europesays.com\/es\/wp-json\/wp\/v2\/comments?post=335734"}],"version-history":[{"count":0,"href":"https:\/\/www.europesays.com\/es\/wp-json\/wp\/v2\/posts\/335734\/revisions"}],"wp:featuredmedia":[{"embeddable":true,"href":"https:\/\/www.europesays.com\/es\/wp-json\/wp\/v2\/media\/335735"}],"wp:attachment":[{"href":"https:\/\/www.europesays.com\/es\/wp-json\/wp\/v2\/media?parent=335734"}],"wp:term":[{"taxonomy":"category","embeddable":true,"href":"https:\/\/www.europesays.com\/es\/wp-json\/wp\/v2\/categories?post=335734"},{"taxonomy":"post_tag","embeddable":true,"href":"https:\/\/www.europesays.com\/es\/wp-json\/wp\/v2\/tags?post=335734"}],"curies":[{"name":"wp","href":"https:\/\/api.w.org\/{rel}","templated":true}]}}