{"id":335761,"date":"2026-01-11T22:35:09","date_gmt":"2026-01-11T22:35:09","guid":{"rendered":"https:\/\/www.europesays.com\/es\/335761\/"},"modified":"2026-01-11T22:35:09","modified_gmt":"2026-01-11T22:35:09","slug":"trump-sopesa-acciones-en-iran-en-apoyo-de-los-manifestantes-internacional","status":"publish","type":"post","link":"https:\/\/www.europesays.com\/es\/335761\/","title":{"rendered":"Trump sopesa acciones en Ir\u00e1n en apoyo de los manifestantes | Internacional"},"content":{"rendered":"<p class=\"\">\u00bfDespu\u00e9s de Venezuela, <a href=\"https:\/\/elpais.com\/internacional\/2026-01-11\/las-protestas-en-iran-desafian-al-regimen-pese-a-la-dura-represion.html\" target=\"_self\" rel=\"nofollow noopener\" title=\"https:\/\/elpais.com\/internacional\/2026-01-11\/las-protestas-en-iran-desafian-al-regimen-pese-a-la-dura-represion.html\">Ir\u00e1n<\/a>? Donald Trump da cada vez m\u00e1s indicios de que se plantea alg\u00fan tipo de acci\u00f3n en el pa\u00eds donde <a href=\"https:\/\/elpais.com\/internacional\/2025-06-22\/estados-unidos-ataca-las-bases-nucleares-de-iran.html\" target=\"_self\" rel=\"nofollow noopener\" title=\"https:\/\/elpais.com\/internacional\/2025-06-22\/estados-unidos-ataca-las-bases-nucleares-de-iran.html\">ya atac\u00f3 en junio pasado para golpear instalaciones de su programa nuclear<\/a>. Mientras este fin de semana amenazaba en redes sociales con \u201cayudar\u201d en favor de la \u201clibertad\u201d en Ir\u00e1n, su Gobierno sopesa distintas opciones para una posible intervenci\u00f3n. Seg\u00fan el peri\u00f3dico The Wall Street Journal, el presidente participar\u00e1 el martes en una sesi\u00f3n informativa con su equipo de seguridad nacional en la que sus asesores le propondr\u00e1n posibles respuestas.<\/p>\n<p class=\"\">Aunque las protestas en Ir\u00e1n estallaron a finales de diciembre, el presidente estadounidense se ha ido pronunciando con declaraciones cada vez m\u00e1s tajantes desde la v\u00edspera de la operaci\u00f3n militar estadounidense en Caracas y sus alrededores el pasado d\u00eda 3. <a href=\"https:\/\/elpais.com\/internacional\/2026-01-11\/trump-quiere-imponer-su-ley.html\" target=\"_self\" rel=\"nofollow noopener\" title=\"https:\/\/elpais.com\/internacional\/2026-01-11\/trump-quiere-imponer-su-ley.html\">Envalentonado por el \u00e9xito de aquella acci\u00f3n rel\u00e1mpago<\/a>, durante la que secuestr\u00f3 al presidente venezolano Nicol\u00e1s Maduro, deja claro que se plantea muy en serio la posibilidad de intervenir en favor de los manifestantes movilizados primero contra la situaci\u00f3n econ\u00f3mica y ahora contra el r\u00e9gimen iran\u00ed. Mientras, las autoridades iran\u00edes advierten de que reprimir\u00e1 \u201ccon la mayor fuerza\u201d unas protestas donde ya han muerto cientos de manifestantes.<\/p>\n<p class=\"\">En un <a href=\"https:\/\/elpais.com\/internacional\/2026-01-10\/ultimas-noticias-de-venezuela-tras-la-detencion-de-maduro-en-directo.html#?rel=lom\" target=\"_self\" rel=\"nofollow noopener\" title=\"https:\/\/elpais.com\/internacional\/2026-01-10\/ultimas-noticias-de-venezuela-tras-la-detencion-de-maduro-en-directo.html#?rel=lom\">mensaje en su red social<\/a>, Truth, el s\u00e1bado, Trump escrib\u00eda un texto tan breve como ominoso. \u201cIr\u00e1n pone la vista en la LIBERTAD, quiz\u00e1s como nunca antes. \u00a1Estados Unidos est\u00e1 dispuesto a ayudar!\u201d. Era su segunda advertencia sobre las protestas en menos de 24 horas: en declaraciones durante una reuni\u00f3n con empresarios petroleros en la Casa Blanca para tratar sobre el sector energ\u00e9tico en Venezuela, advert\u00eda a Teher\u00e1n contra cualquier intento de reprimir a los movilizados.<\/p>\n<p class=\"\">\u201cSi empiezan a matar a la gente como han hecho en el pasado, nos implicaremos. Les golpearemos muy duro donde duele. Y eso no quiere decir mandar tropas, quiere decir golpearles donde duele\u201d, declaraba entonces. \u201cIr\u00e1n est\u00e1 metido en un buen l\u00edo\u201d, aseguraba. Trump se encuentra este fin de semana en su residencia privada de Mar-a-Lago, en Florida, y tiene previsto regresar a Washington esta misma noche para una semana en la que tambi\u00e9n cuenta, entre otras actividades, con recibir en la Casa Blanca a la l\u00edder de la oposici\u00f3n venezolana, Mar\u00eda Corina Machado.<\/p>\n<p>Manifestaci\u00f3n en Londres en apoyo de las protestas en Ir\u00e1n&#13;<br \/>\nFoto: NEIL HALL (EFE)<\/p>\n<p class=\"\">Seg\u00fan el<a href=\"https:\/\/www.wsj.com\/world\/middle-east\/major-trump-briefing-on-iran-options-planned-for-tuesday-5827429f?mod=hp_lead_pos1\" target=\"_self\" rel=\"nofollow noopener\" title=\"https:\/\/www.wsj.com\/world\/middle-east\/major-trump-briefing-on-iran-options-planned-for-tuesday-5827429f?mod=hp_lead_pos1\"> Journal<\/a>, el inquilino de la Casa Blanca tiene previsto tratar en la sesi\u00f3n del martes sobre una posible serie de pasos, que oscilar\u00edan desde ataques militares o ataques cibern\u00e9ticos contra instalaciones militares a la imposici\u00f3n de nuevas sanciones econ\u00f3micas contra el r\u00e9gimen y a un mayor apoyo de las voces de la oposici\u00f3n en redes sociales. Otros medios apuntan que Trump ya ha mantenido en los \u00faltimos d\u00edas una serie de conversaciones similares, aunque <a href=\"https:\/\/elpais.com\/internacional\/2026-01-02\/trump-avisa-de-que-esta-preparado-para-atacar-iran-si-sigue-la-represion-de-las-protestas-y-teheran-amenaza-con-caos-en-toda-la-region.html\" target=\"_self\" rel=\"nofollow noopener\" title=\"https:\/\/elpais.com\/internacional\/2026-01-02\/trump-avisa-de-que-esta-preparado-para-atacar-iran-si-sigue-la-represion-de-las-protestas-y-teheran-amenaza-con-caos-en-toda-la-region.html\">a\u00fan no ha tomado una decisi\u00f3n definitiva<\/a>. <\/p>\n<p class=\"\">El secretario de Estado, Marco Rubio, convers\u00f3 por tel\u00e9fono el s\u00e1bado con el primer ministro israel\u00ed, Benjam\u00edn Netanyahu, una de las voces m\u00e1s insistentes en favor de medidas punitivas contra el r\u00e9gimen de los ayatol\u00e1s en Teher\u00e1n, seg\u00fan el peri\u00f3dico The New York Times. Los dos pol\u00edticos abordaron la situaci\u00f3n en Ir\u00e1n y la guerra en Gaza. La conversaci\u00f3n continuaba el encuentro mantenido en diciembre entre el dirigente israel\u00ed y el propio Trump en la residencia privada del estadounidense en Florida, Mar-a-Lago, donde ambos trataron sobre el programa nuclear iran\u00ed.<\/p>\n<p class=\"\">Estados Unidos \u201capoya al valiente pueblo de Ir\u00e1n\u201d, escrib\u00eda el s\u00e1bado en redes sociales Rubio, el fact\u00f3tum de la diplomacia estadounidense, que combina el cargo de secretario de Estado, consejero de Seguridad Nacional y la coordinaci\u00f3n de la tutela estadounidense al gobierno de Venezuela, entre otros cargos. El viernes, el Departamento de Estado se hab\u00eda sumado tambi\u00e9n a las advertencias. En la red social X colgaba un v\u00eddeo en el que mostraba escenas de los bombardeos en Venezuela, acompa\u00f1ado del mensaje \u201cNo juegues con el presidente Trump. Cuando dice que va a hacer algo, lo hace\u201d.<\/p>\n<p><img decoding=\"auto\" class=\"_re lazyload a_m-h\" height=\"296\"  width=\"414\"  src=\"https:\/\/www.europesays.com\/es\/wp-content\/uploads\/2026\/01\/OSOB6CRCORJQ3B3T5TM6BY4M5E.jpg\" loading=\"lazy\"\/>Manifestaci\u00f3n en Londres de apoyo a las protestas en Ir\u00e1nIsabel Infantes (REUTERS)<\/p>\n<p class=\"\">Las manifestaciones en Ir\u00e1n comenzaron el pasado diciembre como reacci\u00f3n a la devaluaci\u00f3n de la moneda local, el rial. Desde entonces se han disparado para exigir cambios en el r\u00e9gimen, que recurre a la mano dura y sostiene, como declara su l\u00edder supremo, el ayatol\u00e1 Al\u00ed Jamenei, que \u201cno se echar\u00e1 atr\u00e1s\u201d. <\/p>\n<p class=\"\">Seg\u00fan varias ONG, las protestas ya han dejado varios centenares de muertos y miles de detenidos. La organizaci\u00f3n estadounidense de derechos humanos HRANA declara haber verificado la muerte de 490 manifestantes y 48 agentes de seguridad, mientras el n\u00famero de detenidos despu\u00e9s de dos semanas de disturbios supera ya los 10.600. <\/p>\n<p class=\"\">El presidente del Parlamento iran\u00ed, Mohamed Baqer Qalibaf, ha advertido el domingo de que si su pa\u00eds resulta finalmente atacado por Estados Unidos, Teher\u00e1n podr\u00eda responder con golpes contra Estados Unidos, Israel y rutas comerciales mar\u00edtimas clave.<\/p>\n<p class=\"\">Estados Unidos ya atac\u00f3 a Ir\u00e1n en junio, cuando la operaci\u00f3n Martillo de Medianoche bombarde\u00f3 las principales instalaciones del programa nuclear de ese pa\u00eds de Oriente Pr\u00f3ximo. Al explicar aquella acci\u00f3n, Trump hizo suyo el argumento de Netanyahu, que repet\u00eda a diestro y siniestro que Teher\u00e1n se encontraba a un paso de hacerse con la bomba nuclear. Era un argumento que los propios servicios de inteligencia de Estados Unidos hab\u00edan descartado: en marzo, la directora nacional de inteligencia, Tulsi Gabbard, hab\u00eda declarado ante el Congreso que Teher\u00e1n no buscaba fabricar armas nucleares. \u201cSe equivoca\u201d, hab\u00eda respondido Trump.<\/p>\n<p class=\"\">Una nueva acci\u00f3n de Estados Unidos en Ir\u00e1n se arriesga a desencadenar un efecto contrario al esperado, y fomentar una ola de nacionalismo entre la poblaci\u00f3n que arrope al r\u00e9gimen, en lugar de provocar su ca\u00edda. En Ir\u00e1n a\u00fan no se olvida la intervenci\u00f3n de Washington en 1953, cuando un golpe alentado por la CIA derroc\u00f3 al primer ministro Mohammad Mossadegh, democr\u00e1ticamente elegido. Mossadegh hab\u00eda anunciado planes para nacionalizar el sector petrolero iran\u00ed, dominado por las empresas estadounidenses, e invertir los ingresos en el desarrollo nacional. La muerte del primer ministro abri\u00f3 la puerta al r\u00e9gimen del shah Mohamed Reza Pahlevi, depuesto por la revoluci\u00f3n isl\u00e1mica del ayatol\u00e1 Jomeini en 1979.<\/p>\n","protected":false},"excerpt":{"rendered":"\u00bfDespu\u00e9s de Venezuela, Ir\u00e1n? Donald Trump da cada vez m\u00e1s indicios de que se plantea alg\u00fan tipo de&hellip;\n","protected":false},"author":2,"featured_media":335762,"comment_status":"","ping_status":"","sticky":false,"template":"","format":"standard","meta":{"footnotes":""},"categories":[42],"tags":[889,17,18,4329,352,629,13,14,11,61,62,63,64,19,20,9,2556,10,15,16,17918,952,12,21,22,2558,65,66,67],"class_list":{"0":"post-335761","1":"post","2":"type-post","3":"status-publish","4":"format-standard","5":"has-post-thumbnail","7":"category-internacional","8":"tag-america","9":"tag-breaking-news","10":"tag-breakingnews","11":"tag-casa-blanca","12":"tag-donald-trump","13":"tag-estados-unidos","14":"tag-featured-news","15":"tag-featurednews","16":"tag-headlines","17":"tag-internacional","18":"tag-international","19":"tag-international-news","20":"tag-internationalnews","21":"tag-latest-news","22":"tag-latestnews","23":"tag-news","24":"tag-norteamerica","25":"tag-noticias","26":"tag-noticias-destacadas","27":"tag-noticiasdestacadas","28":"tag-partido-republicano-ee-uu","29":"tag-politica","30":"tag-titulares","31":"tag-ultimas-noticias","32":"tag-ultimasnoticias","33":"tag-washington-d-c","34":"tag-world","35":"tag-world-news","36":"tag-worldnews"},"share_on_mastodon":{"url":"","error":"Validation failed: Text character limit of 500 exceeded"},"_links":{"self":[{"href":"https:\/\/www.europesays.com\/es\/wp-json\/wp\/v2\/posts\/335761","targetHints":{"allow":["GET"]}}],"collection":[{"href":"https:\/\/www.europesays.com\/es\/wp-json\/wp\/v2\/posts"}],"about":[{"href":"https:\/\/www.europesays.com\/es\/wp-json\/wp\/v2\/types\/post"}],"author":[{"embeddable":true,"href":"https:\/\/www.europesays.com\/es\/wp-json\/wp\/v2\/users\/2"}],"replies":[{"embeddable":true,"href":"https:\/\/www.europesays.com\/es\/wp-json\/wp\/v2\/comments?post=335761"}],"version-history":[{"count":0,"href":"https:\/\/www.europesays.com\/es\/wp-json\/wp\/v2\/posts\/335761\/revisions"}],"wp:featuredmedia":[{"embeddable":true,"href":"https:\/\/www.europesays.com\/es\/wp-json\/wp\/v2\/media\/335762"}],"wp:attachment":[{"href":"https:\/\/www.europesays.com\/es\/wp-json\/wp\/v2\/media?parent=335761"}],"wp:term":[{"taxonomy":"category","embeddable":true,"href":"https:\/\/www.europesays.com\/es\/wp-json\/wp\/v2\/categories?post=335761"},{"taxonomy":"post_tag","embeddable":true,"href":"https:\/\/www.europesays.com\/es\/wp-json\/wp\/v2\/tags?post=335761"}],"curies":[{"name":"wp","href":"https:\/\/api.w.org\/{rel}","templated":true}]}}