{"id":335788,"date":"2026-01-11T22:58:08","date_gmt":"2026-01-11T22:58:08","guid":{"rendered":"https:\/\/www.europesays.com\/es\/335788\/"},"modified":"2026-01-11T22:58:08","modified_gmt":"2026-01-11T22:58:08","slug":"gobierno-de-trump-anuncia-despliegue-policial-en-mineapolis-dw-11-01-2026","status":"publish","type":"post","link":"https:\/\/www.europesays.com\/es\/335788\/","title":{"rendered":"Gobierno de Trump anuncia despliegue policial en Mine\u00e1polis \u2013 DW \u2013 11\/01\/2026"},"content":{"rendered":"<p>Cientos de polic\u00edas federales se desplegar\u00e1n entre el domingo y el lunes en Mine\u00e1polis, estado de Minnesota, despu\u00e9s que la <a class=\"internal-link\" href=\"https:\/\/www.dw.com\/es\/agente-de-migraciones-de-eeuu-mata-a-mujer-en-minnesota\/a-75426744\" rel=\"nofollow noopener\" target=\"_blank\">muerte de una mujer a manos de un agente de inmigraci\u00f3n<\/a> desatara <a class=\"internal-link\" href=\"https:\/\/www.dw.com\/es\/ocho-detenidos-por-protestar-contra-el-ice-en-mine\u00e1polis\/a-75442534\" rel=\"nofollow noopener\" target=\"_blank\">protestas masivas en Estados Unidos<\/a>, anunci\u00f3 el domingo el gobierno de <a class=\"internal-link\" href=\"https:\/\/www.dw.com\/es\/donald-trump\/t-19445010\" rel=\"nofollow noopener\" target=\"_blank\">Donald Trump<\/a>.<\/p>\n<p>La muerte de Renee Nicole Good, de 37 a\u00f1os, a causa de disparos de un agente del Servicio de Inmigraci\u00f3n y Control de Aduanas (ICE) durante un operativo el mi\u00e9rcoles pasado caus\u00f3 que miles de personas protestaran en los \u00faltimos d\u00edas en varias ciudades del pa\u00eds.<\/p>\n<p>\u00abHabr\u00e1 cientos m\u00e1s (de polic\u00edas) para que nuestro personal del ICE y de la Patrulla Fronteriza que trabajan en Mine\u00e1polis puedan hacerlo de forma segura\u00bb, dijo la secretaria de Seguridad Nacional, Kristi Noem, en entrevista con Fox News.<\/p>\n<p>\u00abSeguiremos haciendo cumplir la ley: si alguien comete actos violentos contra las fuerzas del orden u obstaculiza nuestras operaciones, eso es un delito, y les haremos responsables de las consecuencias\u00bb, advirti\u00f3.<\/p>\n<p>M\u00e1s temprano, en otra entrevista con CNN, la secretaria acus\u00f3 a pol\u00edticos dem\u00f3cratas de promover la violencia contra agentes de inmigraci\u00f3n e insisti\u00f3 en la narrativa de la Casa Blanca de que Good era \u00abuna terrorista dom\u00e9stica\u00bb y que el uniformado implicado, Jonathan Ross, actu\u00f3 en defensa propia.<\/p>\n<p>Protestas exigen aclarar lo ocurrido<\/p>\n<p>En un video se ve a Good en el volante de su veh\u00edculo, dici\u00e9ndole al agente: \u00abNo estoy enojada con usted\u00bb. Cuando Ross pasa frente al carro, se escucha a otro agente ordenar a Good que salga, antes de que ella intente huir. Luego se escuchan disparos. Al final de la grabaci\u00f3n, se oye al agente que filmaba decir: \u00abmaldita perra\u00bb.<\/p>\n<p>\u00abLos hechos de la situaci\u00f3n son que el veh\u00edculo fue utilizado como arma y atac\u00f3 al agente. \u00c9l se defendi\u00f3 y defendi\u00f3 a quienes estaban a su alrededor. (&#8230;) Eso es un acto de terrorismo dom\u00e9stico\u00bb, reiter\u00f3 Noem en entrevista con CNN el domingo. Varios pol\u00edticos dem\u00f3cratas, entre ellos el gobernador de Minnesota, Tim Walz, y el alcalde de Mine\u00e1polis, Jacob Frey, rechazan esa explicaci\u00f3n, mostrando videos como prueba.<\/p>\n<p>Desde que muri\u00f3 Good, miles de personas se han manifestado en varias ciudades del pa\u00eds, en su mayor\u00eda de manera pac\u00edfica, para exigir, entre otras cosas, que se aclare por completo las circunstancias de este tiroteo mortal. Las autoridades dem\u00f3cratas critican, por su parte, que los investigadores locales hayan sido apartados de las pesquisas, dirigidas por el <a class=\"internal-link\" href=\"https:\/\/www.dw.com\/es\/fbi\/t-36447763\" rel=\"nofollow noopener\" target=\"_blank\">FBI<\/a>. La investigaci\u00f3n debe ser \u00abneutral, imparcial y basada en el establecimiento de los hechos\u00bb, reiter\u00f3 el domingo Frey en CNN.<\/p>\n<p>(mn\/afp, Reuters)<\/p>\n<p>\u00a0<\/p>\n","protected":false},"excerpt":{"rendered":"Cientos de polic\u00edas federales se desplegar\u00e1n entre el domingo y el lunes en Mine\u00e1polis, estado de Minnesota, despu\u00e9s&hellip;\n","protected":false},"author":2,"featured_media":335789,"comment_status":"","ping_status":"","sticky":false,"template":"","format":"standard","meta":{"footnotes":""},"categories":[42],"tags":[17,18,13,14,11,61,62,63,64,19,20,9,10,15,16,12,21,22,65,66,67],"class_list":{"0":"post-335788","1":"post","2":"type-post","3":"status-publish","4":"format-standard","5":"has-post-thumbnail","7":"category-internacional","8":"tag-breaking-news","9":"tag-breakingnews","10":"tag-featured-news","11":"tag-featurednews","12":"tag-headlines","13":"tag-internacional","14":"tag-international","15":"tag-international-news","16":"tag-internationalnews","17":"tag-latest-news","18":"tag-latestnews","19":"tag-news","20":"tag-noticias","21":"tag-noticias-destacadas","22":"tag-noticiasdestacadas","23":"tag-titulares","24":"tag-ultimas-noticias","25":"tag-ultimasnoticias","26":"tag-world","27":"tag-world-news","28":"tag-worldnews"},"share_on_mastodon":{"url":"https:\/\/pubeurope.com\/@es\/115878946859336305","error":""},"_links":{"self":[{"href":"https:\/\/www.europesays.com\/es\/wp-json\/wp\/v2\/posts\/335788","targetHints":{"allow":["GET"]}}],"collection":[{"href":"https:\/\/www.europesays.com\/es\/wp-json\/wp\/v2\/posts"}],"about":[{"href":"https:\/\/www.europesays.com\/es\/wp-json\/wp\/v2\/types\/post"}],"author":[{"embeddable":true,"href":"https:\/\/www.europesays.com\/es\/wp-json\/wp\/v2\/users\/2"}],"replies":[{"embeddable":true,"href":"https:\/\/www.europesays.com\/es\/wp-json\/wp\/v2\/comments?post=335788"}],"version-history":[{"count":0,"href":"https:\/\/www.europesays.com\/es\/wp-json\/wp\/v2\/posts\/335788\/revisions"}],"wp:featuredmedia":[{"embeddable":true,"href":"https:\/\/www.europesays.com\/es\/wp-json\/wp\/v2\/media\/335789"}],"wp:attachment":[{"href":"https:\/\/www.europesays.com\/es\/wp-json\/wp\/v2\/media?parent=335788"}],"wp:term":[{"taxonomy":"category","embeddable":true,"href":"https:\/\/www.europesays.com\/es\/wp-json\/wp\/v2\/categories?post=335788"},{"taxonomy":"post_tag","embeddable":true,"href":"https:\/\/www.europesays.com\/es\/wp-json\/wp\/v2\/tags?post=335788"}],"curies":[{"name":"wp","href":"https:\/\/api.w.org\/{rel}","templated":true}]}}