{"id":335839,"date":"2026-01-11T23:49:33","date_gmt":"2026-01-11T23:49:33","guid":{"rendered":"https:\/\/www.europesays.com\/es\/335839\/"},"modified":"2026-01-11T23:49:33","modified_gmt":"2026-01-11T23:49:33","slug":"delcy-rodriguez-se-reunio-en-doha-con-agentes-de-la-cia-y-el-ministro-de-exteriores-ruso","status":"publish","type":"post","link":"https:\/\/www.europesays.com\/es\/335839\/","title":{"rendered":"Delcy Rodr\u00edguez se reuni\u00f3 en Doha con agentes de la CIA y el ministro de Exteriores ruso"},"content":{"rendered":"<p>11\/01\/2026<br \/>\n<br \/><strong><br \/>\nActualizado a las 21:17h.<br \/>\n<\/strong><\/p>\n<p class=\"voc-p\" style=\"\">Desde el pasado mes de septiembre, la entonces vicepresidenta de Venezuela, hoy presidenta, <a href=\"https:\/\/www.abc.es\/internacional\/delcy-maniobra-viajar-washington-verse-trump-medio-20260109001826-nt.html\" target=\"_self\" data-voc-vtm-id=\"in-text-traffic\" title=\"Delcy Rodr\u00edguez\" data-mrf-link=\"www.abc.es\" rel=\"nofollow noopener\">Delcy Rodr\u00edguez<\/a> mantuvo en el hotel Four Seasons de la capital de Qatar, Doha, varias reuniones con el ministro de Exteriores de Rusia, <strong>Sergu\u00e9i Lavrov<\/strong>; con el empresario y funcionario  &#8230; tambi\u00e9n ruso <strong>\u00cdgor Sechin<\/strong>, CEO de la compa\u00f1\u00eda de energ\u00eda Rosneft; y con agentes de la CIA, cuyo nombre es desconocido no s\u00f3lo en el extranjero sino tambi\u00e9n en los Estados Unidos. Tanto Lavrov como Rodr\u00edguez usan siempre su nombre para reservar su hospedaje. Por el contrario, Sechin usa siempre uno distinto. <\/p>\n<p class=\"voc-p\" style=\"\">Las reuniones oficiales de trabajo se mantuvieron en edificios del Gobierno de Qatar, desde principios de septiembre hasta justo antes de Navidad, y los encuentros en el hotel ten\u00edan un car\u00e1cter m\u00e1s informal y serv\u00edan para desencallar \u00abpersonalmente\u00bb los asuntos que durante el d\u00eda hab\u00edan quedado bloqueados en las negociaciones. Pese a ser Qatar un Estado inequ\u00edvocamente isl\u00e1mico y que ayuda con recursos econ\u00f3micos infinitos a causas \u00abhermanas\u00bb complicadas para el Occidente libre \u2013como las de Ham\u00e1s e Ir\u00e1n\u2013, en su concepto de &#8216;soft diplomacy&#8217; es mucho m\u00e1s eficaz de lo que parece, un poco como sucede con la observaci\u00f3n de sus costumbres, mucho m\u00e1s estricta en la apariencia que en lo que luego cada uno hace, discretamente, en su vida privada. <\/p>\n<p class=\"voc-p\" style=\"\">Las relaciones con Israel y los Estados Unidos son mucho m\u00e1s fluidas y fruct\u00edferas de lo que puede parecer, aunque siempre desde la independencia de ser uno de los Estados m\u00e1s ricos y con la renta per c\u00e1pita m\u00e1s alta del mundo. A diferencia de Emiratos y Arabia Saud\u00ed, Qatar no depende para su prosperidad del negocio con Am\u00e9rica y tal vez por ello <strong>Doha es cre\u00edble como territorio realmente neutro<\/strong> y por eso ha podido ser el escenario de negociaciones al m\u00e1s alto nivel entre pa\u00edses sin relaciones oficiales pero que encontraron en este lugar su manera de entenderse.<\/p>\n<p>\nLas negociaciones\n<\/p>\n<p class=\"voc-p\" style=\"\">Ni los que presenciaron algunas de estas reuniones, m\u00e1s informales, en el hotel, ni los que tuvieron alg\u00fan grado de cercan\u00eda con las que se mantuvieron en los edificios gubernamentales, son capaces de precisar si Delcy Rodr\u00edguez estaba negociando en nombre del Gobierno de Venezuela, y de su presidente depuesto, una salida que incluyera la detenci\u00f3n pero que salvara su vida; o estaba pactando con los Estados Unidos \u2013y bajo la supervisi\u00f3n de Rusia y de las personas m\u00e1s cercanas a su presidente, <a href=\"https:\/\/www.abc.es\/noticias\/vladimir-putin\/\" target=\"_self\" data-voc-vtm-id=\"in-text-traffic\" title=\"Vlad\u00edmir Putin\" data-mrf-link=\"www.abc.es\" rel=\"nofollow noopener\">Vlad\u00edmir Putin<\/a>\u2013 la captura del tirano sin que \u00e9l lo supiera y una transici\u00f3n, liderada por ella, hasta que se vuelvan a dar las condiciones para que la democracia sea posible en Venezuela.<\/p>\n<p><img loading=\"lazy\" decoding=\"async\" width=\"530\" height=\"64\" class=\"logo-premium\" src=\"data:image\/gif;base64,R0lGODlhAQABAAAAACH5BAEKAAEALAAAAAABAAEAAAICTAEAOw==\" alt=\"ABC Premium\"\/><br \/>\nL\u00edmite de sesiones alcanzadas<\/p>\n<ul class=\"listado\">\n<li>El acceso al contenido Premium est\u00e1 abierto por cortes\u00eda del establecimiento donde te encuentras, pero ahora mismo hay demasiados usuarios conectados a la vez. Por favor, int\u00e9ntalo pasados unos minutos.<\/li>\n<\/ul>\n<p>Volver a intentar<\/p>\n<p><img loading=\"lazy\" decoding=\"async\" width=\"530\" height=\"64\" class=\"logo-premium\" src=\"data:image\/gif;base64,R0lGODlhAQABAAAAACH5BAEKAAEALAAAAAABAAEAAAICTAEAOw==\" alt=\"ABC Premium\"\/><br \/>\nHas superado el l\u00edmite de sesiones<\/p>\n<ul class=\"listado\">\n<li>S\u00f3lo puedes tener tres sesiones iniciadas a la vez. Hemos cerrado la sesi\u00f3n m\u00e1s antigua para que sigas navegando sin l\u00edmites en el resto.<\/li>\n<\/ul>\n<p>Sigue navegando<\/p>\n<p>\nArt\u00edculo solo para suscriptores\n<\/p>\n<p>Reportar un error<\/p>\n","protected":false},"excerpt":{"rendered":"11\/01\/2026 Actualizado a las 21:17h. Desde el pasado mes de septiembre, la entonces vicepresidenta de Venezuela, hoy presidenta,&hellip;\n","protected":false},"author":2,"featured_media":335840,"comment_status":"","ping_status":"","sticky":false,"template":"","format":"standard","meta":{"footnotes":""},"categories":[5],"tags":[20523,17,18,51047,67701,36220,25,24,37298,13,14,11,19,20,7459,9,10,15,16,6187,416,18435,23,12,21,22],"class_list":{"0":"post-335839","1":"post","2":"type-post","3":"status-publish","4":"format-standard","5":"has-post-thumbnail","7":"category-titulares","8":"tag-agentes","9":"tag-breaking-news","10":"tag-breakingnews","11":"tag-cia","12":"tag-delcy","13":"tag-doha","14":"tag-es","15":"tag-espana","16":"tag-exteriores","17":"tag-featured-news","18":"tag-featurednews","19":"tag-headlines","20":"tag-latest-news","21":"tag-latestnews","22":"tag-ministro","23":"tag-news","24":"tag-noticias","25":"tag-noticias-destacadas","26":"tag-noticiasdestacadas","27":"tag-reunio","28":"tag-rodriguez","29":"tag-ruso","30":"tag-spain","31":"tag-titulares","32":"tag-ultimas-noticias","33":"tag-ultimasnoticias"},"share_on_mastodon":{"url":"https:\/\/pubeurope.com\/@es\/115879147101878631","error":""},"_links":{"self":[{"href":"https:\/\/www.europesays.com\/es\/wp-json\/wp\/v2\/posts\/335839","targetHints":{"allow":["GET"]}}],"collection":[{"href":"https:\/\/www.europesays.com\/es\/wp-json\/wp\/v2\/posts"}],"about":[{"href":"https:\/\/www.europesays.com\/es\/wp-json\/wp\/v2\/types\/post"}],"author":[{"embeddable":true,"href":"https:\/\/www.europesays.com\/es\/wp-json\/wp\/v2\/users\/2"}],"replies":[{"embeddable":true,"href":"https:\/\/www.europesays.com\/es\/wp-json\/wp\/v2\/comments?post=335839"}],"version-history":[{"count":0,"href":"https:\/\/www.europesays.com\/es\/wp-json\/wp\/v2\/posts\/335839\/revisions"}],"wp:featuredmedia":[{"embeddable":true,"href":"https:\/\/www.europesays.com\/es\/wp-json\/wp\/v2\/media\/335840"}],"wp:attachment":[{"href":"https:\/\/www.europesays.com\/es\/wp-json\/wp\/v2\/media?parent=335839"}],"wp:term":[{"taxonomy":"category","embeddable":true,"href":"https:\/\/www.europesays.com\/es\/wp-json\/wp\/v2\/categories?post=335839"},{"taxonomy":"post_tag","embeddable":true,"href":"https:\/\/www.europesays.com\/es\/wp-json\/wp\/v2\/tags?post=335839"}],"curies":[{"name":"wp","href":"https:\/\/api.w.org\/{rel}","templated":true}]}}