{"id":335900,"date":"2026-01-12T00:53:09","date_gmt":"2026-01-12T00:53:09","guid":{"rendered":"https:\/\/www.europesays.com\/es\/335900\/"},"modified":"2026-01-12T00:53:09","modified_gmt":"2026-01-12T00:53:09","slug":"muere-repentinamente-el-novillero-nicolas-cubero-de-la-escuela-taurina-de-el-juli-el-mundo","status":"publish","type":"post","link":"https:\/\/www.europesays.com\/es\/335900\/","title":{"rendered":"Muere repentinamente el novillero Nicol\u00e1s Cubero, de la Escuela Taurina de El Juli &#8211; El Mundo"},"content":{"rendered":"<ol>\n<li><a href=\"https:\/\/news.google.com\/rss\/articles\/CBMigwFBVV95cUxNUWVjUURCZGEzdl83Vy0ydXJPdGlKTDZIRjI3NzEtcjZNTFZVUDRzWGtOaXNBN3dDVHU4X3piRXNCUk9SRVRDN2pkTVc2dG5yU0ZJc3R3b21wWGlWTDZGRmtvcHIxMERjR1VKaHVoRXdxOFFrR0Jzb1FJOHVkZFhqUmRsY9IBgwFBVV95cUxQLThfN0F6VHVCWUtHTFAzaElqMUdvbXRjamlIc2wwZFhocnB3Um10cUZIUHFOYkZPZUZ2Vi11bnFqMXB1TmlyQTdtU1p4TlJLZGNsRWN1M3hJZ1A2RDI3R0luTG9sX3p4alFkNkNyNUNzVHpDODZwMXJZTlBBTEozVlRERQ?oc=5\" target=\"_blank\" rel=\"nofollow noopener\">Muere repentinamente el novillero Nicol\u00e1s Cubero, de la Escuela Taurina de El Juli<\/a>&nbsp;&nbsp;El Mundo<\/li>\n<li><a href=\"https:\/\/news.google.com\/rss\/articles\/CBMigwFBVV95cUxQVGNVLVFKb09aa1pfbXd6eEFSOFNBcExNblVFUUJYRklyem0temdRQnRFUlNHajNmTmRUeWRFQkc0N0x2WXE4UWY1a0s0NVNfVUJ1VlEzcWtzbDJsUTNualEybzRaWTliUmYtX28wQU5yeS1ySENjRGU0LUJWUGJWWE9lUQ?oc=5\" target=\"_blank\" rel=\"nofollow noopener\">Fallece el novillero Nicol\u00e1s Cubero<\/a>&nbsp;&nbsp;mundotoro.com<\/li>\n<li><a href=\"https:\/\/news.google.com\/rss\/articles\/CBMidEFVX3lxTE5WSFlHWEZGOEpHNy1tckxJMGFYajZYTHVNd3pqZzIzYXpsLWdBZ3pLNkc5Zmk0a2VNX0VOWUl2dDJMWG1uejRDYW5ybnJ6UF9EcVB4MGZtMzRPYzVvQ1dGNDk4V2EwdkRqSlU0MDhGYlVFNHNU?oc=5\" target=\"_blank\" rel=\"nofollow noopener\">\u00c1ngel G\u00f3mez Escorial, profesor de la Escuela El Juli, habla tras la muerte del novillero Nicol\u00e1s Cubero<\/a>&nbsp;&nbsp;Cultoro.es<\/li>\n<li><a href=\"https:\/\/news.google.com\/rss\/articles\/CBMipwFBVV95cUxOdW92a1ZhYzlJeGE0STh6bkJDejdmTGJpVk45X2ctd2NRSjR3aTIyZmhyQ0FPNVRtbFhlOWVWcjZRVldmTVJXMmJidHZBVVNyQkNzZHRoa0pYanJSb1JUcTlYTDdWTEY1M2xzVG16Um56ZzZtWW1TLWZBOWdOYWRnSHA4WlZvZlRSWDBBc2RReDh3XzZhMVFrQW1JZ0tQZW11Rlh3U0Fzaw?oc=5\" target=\"_blank\" rel=\"nofollow noopener\">Cubera, el homenaje de Caras Blancas a la \u00faltima vaca tentada por Nicol\u00e1s Cubero<\/a>&nbsp;&nbsp;Aplausos.es<\/li>\n<li><a href=\"https:\/\/news.google.com\/rss\/articles\/CBMiZEFVX3lxTFBoRzM1SFpMeDFvYTZVQlZuU1k2WkdfaGJpeXB0Y2Q5SEI3ZV9JTUhDa1phSVpON2tpeXQwaGh6MS1xcW5WT3Etd1VnaUNRYW9QZ0RsN1ZCVnRTOVViRHNQU1A4eFQ?oc=5\" target=\"_blank\" rel=\"nofollow noopener\">Ha muerto Nicol\u00e1s Cubero<\/a>&nbsp;&nbsp;Avance Taurino<\/li>\n<\/ol>\n","protected":false},"excerpt":{"rendered":"Muere repentinamente el novillero Nicol\u00e1s Cubero, de la Escuela Taurina de El Juli&nbsp;&nbsp;El Mundo Fallece el novillero Nicol\u00e1s&hellip;\n","protected":false},"author":2,"featured_media":335901,"comment_status":"","ping_status":"","sticky":false,"template":"","format":"standard","meta":{"footnotes":""},"categories":[91],"tags":[819,146,147,25,24,23,444],"class_list":{"0":"post-335900","1":"post","2":"type-post","3":"status-publish","4":"format-standard","5":"has-post-thumbnail","7":"category-entretenimiento","8":"tag-cultura-toros","9":"tag-entertainment","10":"tag-entretenimiento","11":"tag-es","12":"tag-espana","13":"tag-spain","14":"tag-toros"},"share_on_mastodon":{"url":"https:\/\/pubeurope.com\/@es\/115879398992353786","error":""},"_links":{"self":[{"href":"https:\/\/www.europesays.com\/es\/wp-json\/wp\/v2\/posts\/335900","targetHints":{"allow":["GET"]}}],"collection":[{"href":"https:\/\/www.europesays.com\/es\/wp-json\/wp\/v2\/posts"}],"about":[{"href":"https:\/\/www.europesays.com\/es\/wp-json\/wp\/v2\/types\/post"}],"author":[{"embeddable":true,"href":"https:\/\/www.europesays.com\/es\/wp-json\/wp\/v2\/users\/2"}],"replies":[{"embeddable":true,"href":"https:\/\/www.europesays.com\/es\/wp-json\/wp\/v2\/comments?post=335900"}],"version-history":[{"count":0,"href":"https:\/\/www.europesays.com\/es\/wp-json\/wp\/v2\/posts\/335900\/revisions"}],"wp:featuredmedia":[{"embeddable":true,"href":"https:\/\/www.europesays.com\/es\/wp-json\/wp\/v2\/media\/335901"}],"wp:attachment":[{"href":"https:\/\/www.europesays.com\/es\/wp-json\/wp\/v2\/media?parent=335900"}],"wp:term":[{"taxonomy":"category","embeddable":true,"href":"https:\/\/www.europesays.com\/es\/wp-json\/wp\/v2\/categories?post=335900"},{"taxonomy":"post_tag","embeddable":true,"href":"https:\/\/www.europesays.com\/es\/wp-json\/wp\/v2\/tags?post=335900"}],"curies":[{"name":"wp","href":"https:\/\/api.w.org\/{rel}","templated":true}]}}