{"id":335917,"date":"2026-01-12T01:11:13","date_gmt":"2026-01-12T01:11:13","guid":{"rendered":"https:\/\/www.europesays.com\/es\/335917\/"},"modified":"2026-01-12T01:11:13","modified_gmt":"2026-01-12T01:11:13","slug":"ha-sido-lo-mas-duro-que-he-hecho-en-mi-vida-fisica-y-mentalmente","status":"publish","type":"post","link":"https:\/\/www.europesays.com\/es\/335917\/","title":{"rendered":"Ha sido lo m\u00e1s duro que he hecho en mi vida, f\u00edsica y mentalmente"},"content":{"rendered":"<p data-journey-content=\"true\" data-node-id=\"3\" class=\"css-6wxqfj emevuu60\">Patricia Conde, presentadora, c\u00f3mica y actriz, es una de las nuevas participantes de la temporada 6 de \u2018<strong data-node-id=\"3.1\">El Desaf\u00edo<\/strong>\u2019. Un reto televisivo, tanto f\u00edsico como mental, donde se ha enfrentado a pruebas que la han convertido en una mujer todav\u00eda m\u00e1s fuerte.<\/p>\n<p data-journey-content=\"true\" data-node-id=\"6\" class=\"css-6wxqfj emevuu60\"><a href=\"https:\/\/www.womenshealthmag.com\/es\/fitness\/a69901933\/patricia-conde-el-desafio-disciplina-constancia-entrenamiento\/\" target=\"_blank\" data-vars-ga-outbound-link=\"https:\/\/www.womenshealthmag.com\/es\/fitness\/a69901933\/patricia-conde-el-desafio-disciplina-constancia-entrenamiento\/\" data-vars-ga-ux-element=\"Hyperlink\" data-vars-ga-call-to-action=\"En su reciente conversaci\u00f3n con \" data-node-id=\"6.0\" class=\"body-link css-7bauu1 emevuu60\" rel=\"nofollow noopener\">En su reciente conversaci\u00f3n con <\/a><strong data-node-id=\"6.1\"><a href=\"https:\/\/www.womenshealthmag.com\/es\/fitness\/a69901933\/patricia-conde-el-desafio-disciplina-constancia-entrenamiento\/\" target=\"_blank\" data-vars-ga-outbound-link=\"https:\/\/www.womenshealthmag.com\/es\/fitness\/a69901933\/patricia-conde-el-desafio-disciplina-constancia-entrenamiento\/\" data-vars-ga-ux-element=\"Hyperlink\" data-vars-ga-call-to-action=\"Women\u2019s Health\" data-node-id=\"6.1.0\" class=\"body-link css-7bauu1 emevuu60\" rel=\"nofollow noopener\">Women\u2019s Health<\/a>, <\/strong>Patricia ha contado que ha hecho ejercicio desde peque\u00f1a y, adem\u00e1s, diversas disciplinas, como ballet, atletismo, nataci\u00f3n o judo; pero que, en \u2018<strong data-node-id=\"6.3\">El Desaf\u00edo\u2019<\/strong> ha llevado su cuerpo a unos l\u00edmites que ni ella misma conoc\u00eda.<\/p>\n<p data-journey-content=\"true\" data-node-id=\"8\" class=\"css-6wxqfj emevuu60\">Para ella, la <strong data-node-id=\"8.1\">apnea <\/strong>ha sido su prueba de fuego: \u201cEs antinatural. Tu cuerpo te pide respirar y t\u00fa tienes que frenarlo. Es una lucha interna brutal\u201d, cuenta en exclusiva a<strong data-node-id=\"8.3\"> Women&#8217;s Health<\/strong>.<\/p>\n<p data-journey-content=\"true\" data-node-id=\"12\" class=\"css-6wxqfj emevuu60\"><br data-node-id=\"12.0\"\/>Los d\u00edas en los que ten\u00eda que hacer el ensayo de apnea, <strong data-node-id=\"12.2\">Patricia <\/strong>lo pasaba fatal porque \u201cpara poder hacerla, ten\u00eda que bajar completamente mis revoluciones emocionales. No pod\u00eda estar alegre ni expresiva. Necesitaba silencio, concentraci\u00f3n y una calma muy profunda\u201d, confiesa.<\/p>\n<p data-journey-content=\"true\" data-node-id=\"14\" class=\"css-6wxqfj emevuu60\">La preparaci\u00f3n a la que se ha sometido <strong data-node-id=\"14.1\">Patricia <\/strong>ha sido muy intensa, pero, aun as\u00ed, esta prueba \u201cha sido lo m\u00e1s duro que he hecho en mi vida, f\u00edsica y mentalmente\u201d, concluye<\/p>\n<p> Un gran apoyo en el jurado<\/p>\n<p data-journey-content=\"true\" data-node-id=\"18\" class=\"css-6wxqfj emevuu60\">Patricia Conde y Pilar Rubio vuelven a coincidir en un plat\u00f3, 26 a\u00f1os despu\u00e9s de que lo hicieran en &#8216;Se lo que hicist\u00e9is&#8217; y parece que la jurado va a ser el gran apoyo de la presentadora, tal y como ella ha contado: \u00abRecuerdo especialmente a <strong data-node-id=\"18.1\">Pilar Rubio <\/strong>antes de mi prueba de <strong data-node-id=\"18.3\">apnea<\/strong>. Me dijo: piensa que hoy es la \u00faltima vez. Aguanta. <strong data-node-id=\"18.5\">Eres m\u00e1s fuerte de lo que crees<\/strong>\u201d.<\/p>\n","protected":false},"excerpt":{"rendered":"Patricia Conde, presentadora, c\u00f3mica y actriz, es una de las nuevas participantes de la temporada 6 de \u2018El&hellip;\n","protected":false},"author":2,"featured_media":335918,"comment_status":"","ping_status":"","sticky":false,"template":"","format":"standard","meta":{"footnotes":""},"categories":[171],"tags":[253,146,147,25,24,23,214],"class_list":{"0":"post-335917","1":"post","2":"type-post","3":"status-publish","4":"format-standard","5":"has-post-thumbnail","7":"category-tv","8":"tag-discover","9":"tag-entertainment","10":"tag-entretenimiento","11":"tag-es","12":"tag-espana","13":"tag-spain","14":"tag-tv"},"share_on_mastodon":{"url":"https:\/\/pubeurope.com\/@es\/115879469513035286","error":""},"_links":{"self":[{"href":"https:\/\/www.europesays.com\/es\/wp-json\/wp\/v2\/posts\/335917","targetHints":{"allow":["GET"]}}],"collection":[{"href":"https:\/\/www.europesays.com\/es\/wp-json\/wp\/v2\/posts"}],"about":[{"href":"https:\/\/www.europesays.com\/es\/wp-json\/wp\/v2\/types\/post"}],"author":[{"embeddable":true,"href":"https:\/\/www.europesays.com\/es\/wp-json\/wp\/v2\/users\/2"}],"replies":[{"embeddable":true,"href":"https:\/\/www.europesays.com\/es\/wp-json\/wp\/v2\/comments?post=335917"}],"version-history":[{"count":0,"href":"https:\/\/www.europesays.com\/es\/wp-json\/wp\/v2\/posts\/335917\/revisions"}],"wp:featuredmedia":[{"embeddable":true,"href":"https:\/\/www.europesays.com\/es\/wp-json\/wp\/v2\/media\/335918"}],"wp:attachment":[{"href":"https:\/\/www.europesays.com\/es\/wp-json\/wp\/v2\/media?parent=335917"}],"wp:term":[{"taxonomy":"category","embeddable":true,"href":"https:\/\/www.europesays.com\/es\/wp-json\/wp\/v2\/categories?post=335917"},{"taxonomy":"post_tag","embeddable":true,"href":"https:\/\/www.europesays.com\/es\/wp-json\/wp\/v2\/tags?post=335917"}],"curies":[{"name":"wp","href":"https:\/\/api.w.org\/{rel}","templated":true}]}}