{"id":335938,"date":"2026-01-12T01:30:09","date_gmt":"2026-01-12T01:30:09","guid":{"rendered":"https:\/\/www.europesays.com\/es\/335938\/"},"modified":"2026-01-12T01:30:09","modified_gmt":"2026-01-12T01:30:09","slug":"raphinha-protagonista-de-los-memes-de-la-final-de-la-supercopa-diario-as","status":"publish","type":"post","link":"https:\/\/www.europesays.com\/es\/335938\/","title":{"rendered":"Raphinha, protagonista de los memes de la final de la Supercopa &#8211; Diario AS"},"content":{"rendered":"<ol>\n<li><a href=\"https:\/\/news.google.com\/rss\/articles\/CBMiqwFBVV95cUxQUUN5S1hMb0l0LUQ3SzBxZUpkbkFrcDZBa0JVa3dCY0xmWUZiWXlxT3l0SnliX1UwejJtZFlTRnlYU2psZU16QjdDeTF4T1ZNbzJlUlo0eHR6OG5weHNiZjA0cE1ZMHFuNDZNX2ZzU1NFSjBBb0RkVkpPYm5VbmlZVWxqa3hxa3lWZmFLTFExa2Z3VG9OY1ZtbDFUNGljR0h0SWhYcXZxVVZxdXfSAb8BQVVfeXFMTnNhQ2lMdGRuTzlZNGRoLWRRWjNlT2t5YzlOcGZuV2xjOGFXYmR5NHBkazVSTW5TZlh1YnFYLXJvVTBUWmUyaXNsMldtTFFnN0diN1VVeTRvTHplejBQVU9sYkFWeDdfNHJ6Wkp4dmZ4djBiS1BQNkM5MjZPc09iUHdWNThhZ1pQZFNzOV9fWUU4U2dqUjZRazMyRDdSb1BkZjdkU1NybE5NLWhKZ2taaVpQMDBKTmFJV0dOZlVWYWs?oc=5\" target=\"_blank\" rel=\"nofollow noopener\">Raphinha, protagonista de los memes de la final de la Supercopa<\/a>&nbsp;&nbsp;Diario AS<\/li>\n<li><a href=\"https:\/\/news.google.com\/rss\/articles\/CBMic0FVX3lxTFBOMzg3UkJVQ3R6a2FoZkxmV3I2VUh4RXpzdThicHM4MGdHdmR5TjZXWHpXLTktSXpXNmJGX2wtX3N3bW1SZnhiTUhKZVZJMWk3UE9IaGdENjFyMHRKSkZWbzJ4cU5ELXZQME9BNVJGLWJ0bFXSAYcBQVVfeXFMTWZ4MkZjN2dnRmRib05Od245NV96cFByUEZVMTVSRGwwU1R5b21sV0FCV1JUMkdRaHFqNFJXM2g1T3hIQ2FzNF9mbjZOUGlwZTZXZ3ZKZmc4Wnlub2NlU2tGei1PaThqQVBZcDlXWEFqdURPR3JvR0FSbGFScHpudGpsQy0wcy1r?oc=5\" target=\"_blank\" rel=\"nofollow noopener\">La Supercopa de Raphinha<\/a>&nbsp;&nbsp;Diario AS<\/li>\n<li><a href=\"https:\/\/news.google.com\/rss\/articles\/CBMikAFBVV95cUxNdHdyZ0lreUJIa2R2VlJNQUI2aFdnMjFVNERmUzVzbWlxQVpDVXZaSGM1NXNBLUN6VzVvby16Q2s5a09LRWthaTVfNUpIQjRUVVdQdWRmX0dVUUVUUk8yRUlTUllGeWRiX3g2SVY2YTJIVjZTOGpsdzZjWDlCejJiMmEtZXR5b01mSHVFSVZnZkLSAZABQVVfeXFMTVhsNU04VUQyMlg1WVk5OE9JWmdqZ3JMbVVHRkN2dzc4ejI3UzVqakZrYTNndjJjb3NSV01RamdhZkFrM2c0OHFxd0o3c0lvc211RHlVNFNkQnlXWHlpNVpZQTRJYnVIeWdBRnp5YVY5Y1N1cS1tWEw1SnBtTS1WWGRUX0RtVkF0QXMzZkRYQ2xM?oc=5\" target=\"_blank\" rel=\"nofollow noopener\">Xabi recupera el &#8216;Mourinhismo&#8217;<\/a>&nbsp;&nbsp;MARCA<\/li>\n<li><a href=\"https:\/\/news.google.com\/rss\/articles\/CBMiqgFBVV95cUxQOGF3VU9MRlBJbGZrdU1fTW5WNDJLVU56Xy14ck0ybEc1RmJZYjNXdnBtUC12dXJVV004MndvaEZpcTE2OG9iUTZhbFlwTHFSb2h3cWVQVTRNMjgxUnExb0NtYi03QUh0MG5za2NhWmdGNFpRT3dVY1lxQVFWV1d4dG1kejdjNFpxVURid2tPZ1pXa3l1RDYwVlE4cU9Xd0owaFlBUmRWd0lnQQ?oc=5\" target=\"_blank\" rel=\"nofollow noopener\">El Bar\u00e7a conquista ante el Real Madrid un cl\u00e1sico gigantesco en la final de la Supercopa | F\u00fatbol | Deportes<\/a>&nbsp;&nbsp;EL PA\u00cdS<\/li>\n<li><a href=\"https:\/\/news.google.com\/rss\/articles\/CBMiuAFBVV95cUxPYjdUZHpzMXRBQm95bW1ZR3JMVzNyMUh1dXdTNXJleWJkLThrdWFrM0lQaE91Mjh2aVRIQkVtX2xsaXladlA0dkNvSXZHUEdrV2lOcV9FeGo4emZmTVlxMVBCX0FaMnpxSTdzVUktNDRPVnVfNEhBdE45b2todjJ1WUlXZU92bHpldUJ3ZWFUQUxrSkJ1dE5hUW5tTDdaRDRid043OFpJd0lGWmw0OFZPOGJNY3RhODJC?oc=5\" target=\"_blank\" rel=\"nofollow noopener\">As\u00ed hemos narrado la victoria del Bar\u00e7a para ser campeones de la Supercopa<\/a>&nbsp;&nbsp;El Diario Monta\u00f1\u00e9s<\/li>\n<\/ol>\n","protected":false},"excerpt":{"rendered":"Raphinha, protagonista de los memes de la final de la Supercopa&nbsp;&nbsp;Diario AS La Supercopa de Raphinha&nbsp;&nbsp;Diario AS Xabi&hellip;\n","protected":false},"author":2,"featured_media":335939,"comment_status":"","ping_status":"","sticky":false,"template":"","format":"standard","meta":{"footnotes":""},"categories":[268],"tags":[168,25,24,280,282,281,23,167],"class_list":{"0":"post-335938","1":"post","2":"type-post","3":"status-publish","4":"format-standard","5":"has-post-thumbnail","7":"category-futbol","8":"tag-deportes","9":"tag-es","10":"tag-espana","11":"tag-football","12":"tag-futbol","13":"tag-soccer","14":"tag-spain","15":"tag-sports"},"share_on_mastodon":{"url":"https:\/\/pubeurope.com\/@es\/115879544332605003","error":""},"_links":{"self":[{"href":"https:\/\/www.europesays.com\/es\/wp-json\/wp\/v2\/posts\/335938","targetHints":{"allow":["GET"]}}],"collection":[{"href":"https:\/\/www.europesays.com\/es\/wp-json\/wp\/v2\/posts"}],"about":[{"href":"https:\/\/www.europesays.com\/es\/wp-json\/wp\/v2\/types\/post"}],"author":[{"embeddable":true,"href":"https:\/\/www.europesays.com\/es\/wp-json\/wp\/v2\/users\/2"}],"replies":[{"embeddable":true,"href":"https:\/\/www.europesays.com\/es\/wp-json\/wp\/v2\/comments?post=335938"}],"version-history":[{"count":0,"href":"https:\/\/www.europesays.com\/es\/wp-json\/wp\/v2\/posts\/335938\/revisions"}],"wp:featuredmedia":[{"embeddable":true,"href":"https:\/\/www.europesays.com\/es\/wp-json\/wp\/v2\/media\/335939"}],"wp:attachment":[{"href":"https:\/\/www.europesays.com\/es\/wp-json\/wp\/v2\/media?parent=335938"}],"wp:term":[{"taxonomy":"category","embeddable":true,"href":"https:\/\/www.europesays.com\/es\/wp-json\/wp\/v2\/categories?post=335938"},{"taxonomy":"post_tag","embeddable":true,"href":"https:\/\/www.europesays.com\/es\/wp-json\/wp\/v2\/tags?post=335938"}],"curies":[{"name":"wp","href":"https:\/\/api.w.org\/{rel}","templated":true}]}}