{"id":336082,"date":"2026-01-12T03:34:21","date_gmt":"2026-01-12T03:34:21","guid":{"rendered":"https:\/\/www.europesays.com\/es\/336082\/"},"modified":"2026-01-12T03:34:21","modified_gmt":"2026-01-12T03:34:21","slug":"no-dejes-de-sonar-el-selu-nos-habla-de-su-decision-de-abandonar-el-coac","status":"publish","type":"post","link":"https:\/\/www.europesays.com\/es\/336082\/","title":{"rendered":"No dejes de so\u00f1ar | El Selu nos habla de su decisi\u00f3n de abandonar el COAC"},"content":{"rendered":"<p><strong>Jos\u00e9 Luis Garc\u00eda Coss\u00edo, <\/strong>m\u00e1s conocido como<strong> \u00abEl Selu\u00bb<\/strong><strong>,<\/strong> referente hist\u00f3rico del Carnaval de C\u00e1diz, nos habla de su\u00a0decisi\u00f3n de abandonar el concurso oficial\u00a0para priorizar su salud y disfrutar de la fiesta desde una perspectiva distinta.<\/p>\n<p>El grupo<strong> \u00abAnt\u00edlopez\u00bb<\/strong> elogia su ingenio creativo, resaltando su faceta como guionista y su capacidad para elevar la chirigota a la categor\u00eda <strong>de obra de arte<\/strong>. Selu reflexiona sobre la\u00a0evoluci\u00f3n del carnaval\u00a0a lo largo de cinco d\u00e9cadas, y de su orgullo como gaditano.<\/p>\n<p>Adem\u00e1s, anuncia su nuevo proyecto teatral titulado\u00a0<strong>\u00abUniverso C\u00e1di\u00bb<\/strong><strong>,<\/strong> donde explora la madurez de sus personajes m\u00e1s ic\u00f3nicos, como <strong>Las Marujas o Los Lacios.<\/strong><\/p>\n<p><strong>\u00a1No te pierdas el v\u00eddeo!<\/strong><\/p>\n","protected":false},"excerpt":{"rendered":"Jos\u00e9 Luis Garc\u00eda Coss\u00edo, m\u00e1s conocido como \u00abEl Selu\u00bb, referente hist\u00f3rico del Carnaval de C\u00e1diz, nos habla de&hellip;\n","protected":false},"author":2,"featured_media":336083,"comment_status":"","ping_status":"","sticky":false,"template":"","format":"standard","meta":{"footnotes":""},"categories":[91],"tags":[77010,77003,146,147,25,24,77009,59826,77008,23,77011],"class_list":{"0":"post-336082","1":"post","2":"type-post","3":"status-publish","4":"format-standard","5":"has-post-thumbnail","7":"category-entretenimiento","8":"tag-carnaval-de-cadiz","9":"tag-coac","10":"tag-entertainment","11":"tag-entretenimiento","12":"tag-es","13":"tag-espana","14":"tag-jose-luis-garcia-cossio","15":"tag-no-dejes-de-sonar","16":"tag-selu","17":"tag-spain","18":"tag-universo-cadi"},"share_on_mastodon":{"url":"https:\/\/pubeurope.com\/@es\/115880031888016032","error":""},"_links":{"self":[{"href":"https:\/\/www.europesays.com\/es\/wp-json\/wp\/v2\/posts\/336082","targetHints":{"allow":["GET"]}}],"collection":[{"href":"https:\/\/www.europesays.com\/es\/wp-json\/wp\/v2\/posts"}],"about":[{"href":"https:\/\/www.europesays.com\/es\/wp-json\/wp\/v2\/types\/post"}],"author":[{"embeddable":true,"href":"https:\/\/www.europesays.com\/es\/wp-json\/wp\/v2\/users\/2"}],"replies":[{"embeddable":true,"href":"https:\/\/www.europesays.com\/es\/wp-json\/wp\/v2\/comments?post=336082"}],"version-history":[{"count":0,"href":"https:\/\/www.europesays.com\/es\/wp-json\/wp\/v2\/posts\/336082\/revisions"}],"wp:featuredmedia":[{"embeddable":true,"href":"https:\/\/www.europesays.com\/es\/wp-json\/wp\/v2\/media\/336083"}],"wp:attachment":[{"href":"https:\/\/www.europesays.com\/es\/wp-json\/wp\/v2\/media?parent=336082"}],"wp:term":[{"taxonomy":"category","embeddable":true,"href":"https:\/\/www.europesays.com\/es\/wp-json\/wp\/v2\/categories?post=336082"},{"taxonomy":"post_tag","embeddable":true,"href":"https:\/\/www.europesays.com\/es\/wp-json\/wp\/v2\/tags?post=336082"}],"curies":[{"name":"wp","href":"https:\/\/api.w.org\/{rel}","templated":true}]}}