{"id":336106,"date":"2026-01-12T03:56:09","date_gmt":"2026-01-12T03:56:09","guid":{"rendered":"https:\/\/www.europesays.com\/es\/336106\/"},"modified":"2026-01-12T03:56:09","modified_gmt":"2026-01-12T03:56:09","slug":"el-avance-del-cambio-climatico-dispara-las-enfermedades-infecciosas-y-apunta-a-una-catastrofe-progresiva","status":"publish","type":"post","link":"https:\/\/www.europesays.com\/es\/336106\/","title":{"rendered":"El avance del cambio clim\u00e1tico dispara las enfermedades infecciosas y apunta a una \u201ccat\u00e1strofe progresiva\u201d"},"content":{"rendered":"<p><img decoding=\"async\" src=\"https:\/\/www.europesays.com\/es\/wp-content\/uploads\/2026\/01\/7801417.jpeg\" alt=\"Articulos 177696 1200x675\"\/><\/p>\n<p><strong>SANTO DOMINGO, RD\/ AGENCIA EFE.-\u00a0<\/strong>Los efectos del\u00a0<a href=\"https:\/\/www.consalud.es\/ciencia-para-vivir-mejor\/cambio-climatico-salud-las-amenazas-impactos-estan-superando-todos-records.html\" rel=\"nofollow noopener\" target=\"_blank\"><strong>cambio clim\u00e1tico<\/strong><\/a>\u00a0se est\u00e1n convirtiendo en un motor silencioso pero constante del\u00a0<strong style=\"background-color: initial;\">aumento global de las enfermedades infecciosas<\/strong>. Un amplio estudio internacional revela que el cambio clim\u00e1tico, la pobreza y la resistencia antimicrobiana est\u00e1n impulsando un aumento sostenido de enfermedades infecciosas como malaria, dengue o tuberculosis, una amenaza que los investigadores describen como una posible \u201ccat\u00e1strofe progresiva\u201d<\/p>\n<p>Este\u00a0<strong>estudio<\/strong>\u00a0dirigido por la Red de Salud Global del Departamento de Medicina Nuffield de Oxford, encargado por Wellcome y publicado en\u00a0Nature Scientific Reports, concluye que patolog\u00edas como la malaria, el dengue y la\u00a0<a href=\"https:\/\/www.consalud.es\/profesionales\/tuberculosis-persiste-como-amenaza-global-pesar-avances-hacia-meta-2030.html\" rel=\"nofollow noopener\" target=\"_blank\">tuberculosis<\/a> representan un desaf\u00edo tan relevante para la salud mundial como los\u00a0<strong>pat\u00f3genos emergentes<\/strong>.<\/p>\n<p>El trabajo recopil\u00f3 las\u00a0<strong>opiniones de 3.752 profesionales sanitarios e investigadores<\/strong>\u00a0de 151 pa\u00edses, uno de los estudios m\u00e1s amplios de este tipo, con un 86,9 % de los participantes procedentes de pa\u00edses de ingresos bajos y medios. Sus respuestas dibujan un escenario preocupante: el cambio clim\u00e1tico, la pobreza y la\u00a0<a href=\"https:\/\/www.consalud.es\/pacientes\/la-oms-alerta-de-que-la-resistencia-a-los-antibioticos-esenciales-crece-mas-de-un-40-en-cinco-anos.html\" rel=\"nofollow noopener\" target=\"_blank\">resistencia a los medicamentos<\/a> est\u00e1n confluyendo para crear una crisis sanitaria creciente que podr\u00eda derivar en una \u201ccat\u00e1strofe progresiva\u201d si no se interviene.<\/p>\n<p>Los datos procedentes de \u00c1frica, Asia y Am\u00e9rica Latina muestran que las\u00a0<strong>enfermedades transmitidas por vectores<\/strong>\u00a0(como malaria y dengue) se perciben como las\u00a0<strong>amenazas de crecimiento m\u00e1s acelerado<\/strong>, seguidas de la tuberculosis y el VIH\/SIDA. Tres factores destacan como motores de este incremento. El primero es el cambio clim\u00e1tico, cuyo aumento de temperaturas y alteraci\u00f3n de los patrones de precipitaci\u00f3n ampl\u00edan las \u00e1reas de distribuci\u00f3n de mosquitos y otros vectores, generan m\u00e1s zonas de cr\u00eda y aceleran la movilidad humana. El segundo es la desigualdad socioecon\u00f3mica, que condiciona las condiciones de vida y el acceso a la atenci\u00f3n sanitaria. El tercero es la resistencia a los antimicrobianos, que compromete la eficacia de tratamientos ampliamente utilizados.<\/p>\n<p>\u201cEste estudio proporciona<strong>\u00a0pruebas sin precedentes de las comunidades que est\u00e1n sufriendo estas amenazas del cambio clim\u00e1tico<\/strong>\u00a0en este momento en todo el\u00a0<strong>Sur Global<\/strong>, donde la carga de morbilidad es mayor\u201d, afirma la profesora Trudie Lang, directora de la Red de Salud Global de Oxford y autora principal del estudio. A\u00f1ade que por lo general, estas regiones est\u00e1n infrarrepresentadas y no tienen voz colectiva, pero estos datos y conocimientos se basan en la experiencia vivida y la diversidad global. \u201cNuestra investigaci\u00f3n demuestra claramente que la pr\u00f3xima emergencia sanitaria importante puede que no sea un nuevo brote repentino, sino el\u00a0<strong>empeoramiento constante de las enfermedades silenciosas<\/strong>\u00a0que acortan la vida cada d\u00eda\u201d, asevera.<\/p>\n<p>Los autores advierten de que<strong>\u00a0este riesgo no se manifestar\u00e1 como un estallido repentino<\/strong>, sino como un desastre humanitario de evoluci\u00f3n lenta, en el que las enfermedades end\u00e9micas se expandir\u00e1n hacia nuevas regiones, poniendo en tensi\u00f3n a sistemas sanitarios y econom\u00edas. Por ello, recomiendan actuar sobre estos factores transversales, reforzar la preparaci\u00f3n frente a amenazas actuales y futuras, e impulsar inversiones sostenidas en diagn\u00f3stico, vigilancia y alianzas de investigaci\u00f3n equitativas que fortalezcan el liderazgo local y desarrollen una capacidad de investigaci\u00f3n duradera.<\/p>\n<p>Reflexionando sobre los resultados, la\u00a0<strong>Dra. Aliya Naheed<\/strong>, directora nacional del Centro NIHR GHR para las Enfermedades No Transmisibles y el Cambio Ambiental de Bangladesh, se\u00f1al\u00f3: \u201cEste fenomenal estudio se hace eco de la disparidad fundamental que existe entre las principales prioridades sanitarias de los pa\u00edses de ingresos bajos y medios y los pa\u00edses de ingresos altos, reconociendo el papel del cambio clim\u00e1tico en las futuras emergencias sanitarias\u201d. Subray\u00f3 adem\u00e1s que la amenaza derivada de enfermedades conocidas evidencia \u201cla\u00a0<strong>necesidad de una inversi\u00f3n global equitativa en la prevenci\u00f3n y el control de las enfermedades<\/strong>\u00a0<strong>infecciosas\u00a0<\/strong>comunes en los pa\u00edses de ingresos bajos y medios\u201d.<\/p>\n<p>El proyecto fue encargado por Wellcome para orientar su estrategia global sobre enfermedades infecciosas y asegurar que las prioridades de investigaci\u00f3n reflejen las realidades de quienes trabajan en los sistemas de salud de todo el mundo. En este sentido, Josie Golding, directora de Epidemias y Epidemiolog\u00eda de Enfermedades Infecciosas de la entidad, concluy\u00f3: \u201cEl\u00a0<strong>cambio clim\u00e1tico est\u00e1 impulsando la propagaci\u00f3n de enfermedades<\/strong>\u00a0infecciosas y est\u00e1 afectando con mayor dureza a las comunidades menos capaces de adaptarse\u201d. Se\u00f1al\u00f3 que el aumento de temperaturas, inundaciones y sequ\u00edas genera condiciones ideales para mosquitos, garrapatas y bacterias nocivas, mientras que los fen\u00f3menos meteorol\u00f3gicos extremos sobrecargan sistemas sanitarios ya fr\u00e1giles.<\/p>\n<p>Golding insisti\u00f3 en la<strong>\u00a0necesidad de una acci\u00f3n clim\u00e1tica global urgente\u00a0<\/strong>y de invertir en soluciones innovadoras para prevenir y tratar estas patolog\u00edas, advirtiendo de que, sin ello, enfermedades como malaria, dengue y chikungu\u00f1a seguir\u00e1n creciendo, profundizando desigualdades y poniendo en riesgo millones de vidas. \u201cSabemos que el clima y la salud son inseparables, y que al abordar los factores comunes que provocan enfermedades, desde el cambio clim\u00e1tico hasta la resistencia a los antimicrobianos, podemos fortalecer los sistemas de salud para hacer frente a los problemas actuales y emergentes\u201d, concluye.<\/p>\n","protected":false},"excerpt":{"rendered":"SANTO DOMINGO, RD\/ AGENCIA EFE.-\u00a0Los efectos del\u00a0cambio clim\u00e1tico\u00a0se est\u00e1n convirtiendo en un motor silencioso pero constante del\u00a0aumento global&hellip;\n","protected":false},"author":2,"featured_media":336107,"comment_status":"","ping_status":"","sticky":false,"template":"","format":"standard","meta":{"footnotes":""},"categories":[92],"tags":[25,24,165,166,23],"class_list":{"0":"post-336106","1":"post","2":"type-post","3":"status-publish","4":"format-standard","5":"has-post-thumbnail","7":"category-salud","8":"tag-es","9":"tag-espana","10":"tag-health","11":"tag-salud","12":"tag-spain"},"share_on_mastodon":{"url":"https:\/\/pubeurope.com\/@es\/115880118381994273","error":""},"_links":{"self":[{"href":"https:\/\/www.europesays.com\/es\/wp-json\/wp\/v2\/posts\/336106","targetHints":{"allow":["GET"]}}],"collection":[{"href":"https:\/\/www.europesays.com\/es\/wp-json\/wp\/v2\/posts"}],"about":[{"href":"https:\/\/www.europesays.com\/es\/wp-json\/wp\/v2\/types\/post"}],"author":[{"embeddable":true,"href":"https:\/\/www.europesays.com\/es\/wp-json\/wp\/v2\/users\/2"}],"replies":[{"embeddable":true,"href":"https:\/\/www.europesays.com\/es\/wp-json\/wp\/v2\/comments?post=336106"}],"version-history":[{"count":0,"href":"https:\/\/www.europesays.com\/es\/wp-json\/wp\/v2\/posts\/336106\/revisions"}],"wp:featuredmedia":[{"embeddable":true,"href":"https:\/\/www.europesays.com\/es\/wp-json\/wp\/v2\/media\/336107"}],"wp:attachment":[{"href":"https:\/\/www.europesays.com\/es\/wp-json\/wp\/v2\/media?parent=336106"}],"wp:term":[{"taxonomy":"category","embeddable":true,"href":"https:\/\/www.europesays.com\/es\/wp-json\/wp\/v2\/categories?post=336106"},{"taxonomy":"post_tag","embeddable":true,"href":"https:\/\/www.europesays.com\/es\/wp-json\/wp\/v2\/tags?post=336106"}],"curies":[{"name":"wp","href":"https:\/\/api.w.org\/{rel}","templated":true}]}}