{"id":336112,"date":"2026-01-12T03:59:08","date_gmt":"2026-01-12T03:59:08","guid":{"rendered":"https:\/\/www.europesays.com\/es\/336112\/"},"modified":"2026-01-12T03:59:08","modified_gmt":"2026-01-12T03:59:08","slug":"fiscales-federales-abren-investigacion-penal-sobre-la-fed-y-jerome-powell","status":"publish","type":"post","link":"https:\/\/www.europesays.com\/es\/336112\/","title":{"rendered":"Fiscales federales abren investigaci\u00f3n penal sobre la Fed y Jerome Powell"},"content":{"rendered":"<p>      CNN<br \/>\n        \u00a0\u2014\u00a0<\/p>\n<p class=\"paragraph inline-placeholder vossi-paragraph\" data-uri=\"es.cms.cnn.com\/_components\/paragraph\/instances\/cmkagg2li001t27nm9esqctu8@published\" data-editable=\"text\" data-component-name=\"paragraph\" data-article-gutter=\"true\">\n            Fiscales federales abrieron una investigaci\u00f3n penal sobre la <a href=\"https:\/\/www.cnn.com\/2025\/07\/24\/economy\/fed-trump-powell-communications-battle\" rel=\"nofollow noopener\" target=\"_blank\">renovaci\u00f3n de US$ 2.500 millones<\/a> de la sede de la Reserva Federal en Washington.\n    <\/p>\n<p class=\"paragraph inline-placeholder vossi-paragraph\" data-uri=\"es.cms.cnn.com\/_components\/paragraph\/instances\/cmkagi9nz0007356poh67x66g@published\" data-editable=\"text\" data-component-name=\"paragraph\" data-article-gutter=\"true\">\n            En un extraordinario video publicado por Powell la noche del domingo, calific\u00f3 la investigaci\u00f3n de \u201cpretexto\u201d resultado de su lucha continua con el Gobierno por las tasas de inter\u00e9s, y dijo que era una consecuencia de \u201camenazas y presiones constantes\u201d m\u00e1s amplias por parte de la administraci\u00f3n.\n    <\/p>\n<p class=\"paragraph inline-placeholder vossi-paragraph\" data-uri=\"es.cms.cnn.com\/_components\/paragraph\/instances\/cmkaim1kw0003356p8roytyyl@published\" data-editable=\"text\" data-component-name=\"paragraph\" data-article-gutter=\"true\">\n            La investigaci\u00f3n env\u00eda un mensaje potencialmente intimidante a Powell \u2013y a quien sea que dirija la Fed despu\u00e9s\u2013. Los ataques del presidente Donald Trump contra el presidente de la Fed han impactado la tradicional independencia pol\u00edtica de la Fed, sugiriendo que quien sea elegido para reemplazar a Powell cuando termine su mandato en mayo enfrentar\u00e1 presiones continuas.\n    <\/p>\n<p class=\"paragraph inline-placeholder vossi-paragraph\" data-uri=\"es.cms.cnn.com\/_components\/paragraph\/instances\/cmkaim1kx0004356peuxrwlu9@published\" data-editable=\"text\" data-component-name=\"paragraph\" data-article-gutter=\"true\">\n            Trump incluso ha dicho que el presidente deber\u00eda tener voz en las decisiones sobre las tasas de inter\u00e9s. Pero los inversionistas y economistas valoran la independencia de la Fed como una se\u00f1al de que los responsables de la pol\u00edtica monetaria pensar\u00e1n en las consecuencias a largo plazo, y no en caprichos pol\u00edticos a corto plazo, al dirigir la econom\u00eda.\n    <\/p>\n<p class=\"paragraph inline-placeholder vossi-paragraph\" data-uri=\"es.cms.cnn.com\/_components\/paragraph\/instances\/cmkaim1kx0005356pseyo46rv@published\" data-editable=\"text\" data-component-name=\"paragraph\" data-article-gutter=\"true\">\n            \u201cLa amenaza de cargos penales es consecuencia de que la Reserva Federal fija las tasas de inter\u00e9s bas\u00e1ndose en nuestra mejor evaluaci\u00f3n de lo que servir\u00e1 al p\u00fablico, en lugar de seguir las preferencias del presidente\u201d, dijo Powell en un comunicado el domingo por la noche.\n    <\/p>\n<p class=\"paragraph inline-placeholder vossi-paragraph\" data-uri=\"es.cms.cnn.com\/_components\/paragraph\/instances\/cmkaim1kx0006356pg4k8z4nc@published\" data-editable=\"text\" data-component-name=\"paragraph\" data-article-gutter=\"true\">\n            \u201cEsto trata sobre si la Fed podr\u00e1 continuar fijando las tasas de inter\u00e9s seg\u00fan la evidencia y las condiciones econ\u00f3micas, o si, en cambio, la pol\u00edtica monetaria ser\u00e1 dirigida por presi\u00f3n pol\u00edtica o intimidaci\u00f3n\u201d.\n    <\/p>\n<p class=\"paragraph inline-placeholder vossi-paragraph\" data-uri=\"es.cms.cnn.com\/_components\/paragraph\/instances\/cmkaim1kx0007356pqkmrkahm@published\" data-editable=\"text\" data-component-name=\"paragraph\" data-article-gutter=\"true\">\n            El portavoz del Departamento de Justicia, Chad Gilmartin, declin\u00f3 comentar sobre la investigaci\u00f3n, pero dijo en un comunicado a CNN que se quiere \u201cpriorizar la investigaci\u00f3n de cualquier abuso de los fondos de los contribuyentes\u201d.\n    <\/p>\n<p class=\"paragraph inline-placeholder vossi-paragraph\" data-uri=\"es.cms.cnn.com\/_components\/paragraph\/instances\/cmkaim1kx0008356pfxqzfvjr@published\" data-editable=\"text\" data-component-name=\"paragraph\" data-article-gutter=\"true\">\n            CNN ha contactado a la Casa Blanca para obtener comentarios.\n    <\/p>\n<p class=\"paragraph inline-placeholder vossi-paragraph\" data-uri=\"es.cms.cnn.com\/_components\/paragraph\/instances\/cmkaim1kx0009356pd8xbnsc4@published\" data-editable=\"text\" data-component-name=\"paragraph\" data-article-gutter=\"true\">\n            Trump y sus aliados han criticado repetidamente a Powell durante el \u00faltimo a\u00f1o por no recortar las tasas de inter\u00e9s seg\u00fan las preferencias del presidente. La Fed, en la segunda mitad del a\u00f1o pasado, baj\u00f3 las tasas tres veces seguidas, aunque los funcionarios han dicho recientemente que es poco probable que vuelvan a bajarlas pronto.\n    <\/p>\n<p class=\"paragraph inline-placeholder vossi-paragraph\" data-uri=\"es.cms.cnn.com\/_components\/paragraph\/instances\/cmkaim1kx000a356pnoe07qsk@published\" data-editable=\"text\" data-component-name=\"paragraph\" data-article-gutter=\"true\">\n            La campa\u00f1a de presi\u00f3n de Trump ha incluido una andanada de insultos personales contra Powell y un esfuerzo continuo por destituir a la gobernadora de la Fed, Lisa Cook, nombrada por el entonces presidente Joe Biden. La Corte Suprema escuchar\u00e1 argumentos orales a finales de este mes sobre si Trump puede destituir a Cook.\n    <\/p>\n<p class=\"paragraph inline-placeholder vossi-paragraph\" data-uri=\"es.cms.cnn.com\/_components\/paragraph\/instances\/cmkaim1kx000b356pevr9tbpi@published\" data-editable=\"text\" data-component-name=\"paragraph\" data-article-gutter=\"true\">\n            La controversia comenz\u00f3 a mediados de 2025 despu\u00e9s de que Powell testificara ante el Congreso que la renovaci\u00f3n era una colaboraci\u00f3n con varias agencias y que los costos hab\u00edan cambiado con el tiempo.\n    <\/p>\n<p class=\"paragraph inline-placeholder vossi-paragraph\" data-uri=\"es.cms.cnn.com\/_components\/paragraph\/instances\/cmkaim1kx000c356pnlmfbxtm@published\" data-editable=\"text\" data-component-name=\"paragraph\" data-article-gutter=\"true\">\n            Aliados de Trump, como el director de la Agencia Federal de Financiamiento de Vivienda, Bill Pulte, y el director de la Oficina de Administraci\u00f3n y Presupuesto, Russ Vought, han dicho que el proyecto fue mal gestionado. Pero la Fed dice que las mejoras a sus edificios de d\u00e9cadas de antig\u00fcedad eran necesarias, incluyendo la eliminaci\u00f3n de asbesto y la modernizaci\u00f3n de los sistemas el\u00e9ctricos y de ventilaci\u00f3n.\n    <\/p>\n<p class=\"paragraph inline-placeholder vossi-paragraph\" data-uri=\"es.cms.cnn.com\/_components\/paragraph\/instances\/cmkaim1kx000d356pw6zgqfxh@published\" data-editable=\"text\" data-component-name=\"paragraph\" data-article-gutter=\"true\">\n            La investigaci\u00f3n federal llega mientras Trump se prepara para anunciar a su candidato para reemplazar a Powell una vez que termine su mandato en mayo.<br \/>La decisi\u00f3n pondr\u00e1 fin a un proceso de b\u00fasqueda de meses para, posiblemente, el cargo m\u00e1s influyente en la econom\u00eda global.\n    <\/p>\n<p class=\"paragraph inline-placeholder vossi-paragraph\" data-uri=\"es.cms.cnn.com\/_components\/paragraph\/instances\/cmkaim1kx000e356ptjxpr0ix@published\" data-editable=\"text\" data-component-name=\"paragraph\" data-article-gutter=\"true\">\n            Hannah Rabinowitz de CNN contribuy\u00f3 con este reporte.\n    <\/p>\n","protected":false},"excerpt":{"rendered":"CNN \u00a0\u2014\u00a0 Fiscales federales abrieron una investigaci\u00f3n penal sobre la renovaci\u00f3n de US$ 2.500 millones de la sede&hellip;\n","protected":false},"author":2,"featured_media":336113,"comment_status":"","ping_status":"","sticky":false,"template":"","format":"standard","meta":{"footnotes":""},"categories":[80],"tags":[82,352,95,94,25,24,939,150,1845,1843,23],"class_list":{"0":"post-336112","1":"post","2":"type-post","3":"status-publish","4":"format-standard","5":"has-post-thumbnail","7":"category-economia","8":"tag-business","9":"tag-donald-trump","10":"tag-economia","11":"tag-economy","12":"tag-es","13":"tag-espana","14":"tag-fed","15":"tag-instanoticias","16":"tag-jerome-powell","17":"tag-reserva-federal","18":"tag-spain"},"share_on_mastodon":{"url":"https:\/\/pubeurope.com\/@es\/115880130184719846","error":""},"_links":{"self":[{"href":"https:\/\/www.europesays.com\/es\/wp-json\/wp\/v2\/posts\/336112","targetHints":{"allow":["GET"]}}],"collection":[{"href":"https:\/\/www.europesays.com\/es\/wp-json\/wp\/v2\/posts"}],"about":[{"href":"https:\/\/www.europesays.com\/es\/wp-json\/wp\/v2\/types\/post"}],"author":[{"embeddable":true,"href":"https:\/\/www.europesays.com\/es\/wp-json\/wp\/v2\/users\/2"}],"replies":[{"embeddable":true,"href":"https:\/\/www.europesays.com\/es\/wp-json\/wp\/v2\/comments?post=336112"}],"version-history":[{"count":0,"href":"https:\/\/www.europesays.com\/es\/wp-json\/wp\/v2\/posts\/336112\/revisions"}],"wp:featuredmedia":[{"embeddable":true,"href":"https:\/\/www.europesays.com\/es\/wp-json\/wp\/v2\/media\/336113"}],"wp:attachment":[{"href":"https:\/\/www.europesays.com\/es\/wp-json\/wp\/v2\/media?parent=336112"}],"wp:term":[{"taxonomy":"category","embeddable":true,"href":"https:\/\/www.europesays.com\/es\/wp-json\/wp\/v2\/categories?post=336112"},{"taxonomy":"post_tag","embeddable":true,"href":"https:\/\/www.europesays.com\/es\/wp-json\/wp\/v2\/tags?post=336112"}],"curies":[{"name":"wp","href":"https:\/\/api.w.org\/{rel}","templated":true}]}}