{"id":336125,"date":"2026-01-12T04:16:12","date_gmt":"2026-01-12T04:16:12","guid":{"rendered":"https:\/\/www.europesays.com\/es\/336125\/"},"modified":"2026-01-12T04:16:12","modified_gmt":"2026-01-12T04:16:12","slug":"anabel-pantoja-no-se-esconde-y-revela-su-favorito-para-gh-duo-4","status":"publish","type":"post","link":"https:\/\/www.europesays.com\/es\/336125\/","title":{"rendered":"Anabel Pantoja no se esconde y revela su favorito para GH D\u00fao 4"},"content":{"rendered":"<p data-journey-content=\"true\" data-node-id=\"3\" class=\"css-6wxqfj emevuu60\"><a href=\"https:\/\/diezminutos.es\/gran-hermano-duo\" target=\"_blank\" data-node-id=\"3.0\" class=\"css-177bzfx emevuu60\" rel=\"nofollow noopener\">GH D\u00fao 4<\/a> ha empezado fuerte. Aunque solo llevan tres d\u00edas de convivencia, la ruptura de la casa ha quedado establecida desde el primer momento, sobre todo con las novedades de la edici\u00f3n que ha dejado al<a href=\"https:\/\/www.diezminutos.es\/teleprograma\/programas-tv\/a69949530\/resumen-gala-estreno-de-gh-duo-4\/\" target=\"_blank\" data-vars-ga-outbound-link=\"https:\/\/www.diezminutos.es\/teleprograma\/programas-tv\/a69949530\/resumen-gala-estreno-de-gh-duo-4\/\" data-vars-ga-ux-element=\"Hyperlink\" data-vars-ga-call-to-action=\" tr\u00edo compuesto por Manuel, Anita y Gloria\" data-node-id=\"3.2\" class=\"body-link css-177bzfx emevuu60\" rel=\"nofollow noopener\"> tr\u00edo compuesto por Manuel, Anita y Gloria<\/a> como \u00fanicos miembros de la suite con acceso a gimnasio, despensa y cocina. Esto ha hecho dos grupos claramente diferenciados enfrentando al tr\u00edo con el resto. Adem\u00e1s, <a href=\"https:\/\/www.diezminutos.es\/teleprograma\/programas-tv\/a69949937\/gh-duo-4-concurso-belen-ro-carmen-borrego-segun-esperanza-gracia\/\" target=\"_blank\" data-vars-ga-outbound-link=\"https:\/\/www.diezminutos.es\/teleprograma\/programas-tv\/a69949937\/gh-duo-4-concurso-belen-ro-carmen-borrego-segun-esperanza-gracia\/\" data-vars-ga-ux-element=\"Hyperlink\" data-vars-ga-call-to-action=\"la personalidad de Bel\u00e9n Ro y Carmen Borrego, \" data-node-id=\"3.4\" class=\"body-link css-177bzfx emevuu60\" rel=\"nofollow noopener\">la personalidad de Bel\u00e9n Ro y Carmen Borrego, <\/a>y los errores de Cristina Piaget, han hecho que las tres sean el objetivo de muchos de los habitantes de la casa. <strong data-node-id=\"3.6\">Unas horas moviditas que han hecho que muchos ya tengan a sus favoritos, como <a href=\"https:\/\/diezminutos.es\/anabel-pantoja\" target=\"_blank\" data-node-id=\"3.6.1\" class=\"css-177bzfx emevuu60\" rel=\"nofollow noopener\">Anabel Pantoja<\/a>.<\/strong><\/p>\n<p data-journey-content=\"true\" data-node-id=\"6\" class=\"css-6wxqfj emevuu60\">Mientras ve\u00eda la primera gala, presentada por <a href=\"https:\/\/diezminutos.es\/jorge-javier-vazquez\" target=\"_blank\" data-node-id=\"6.1\" class=\"css-177bzfx emevuu60\" rel=\"nofollow noopener\">Jorge Javier V\u00e1zquez<\/a>, la sobrina de Isabel Pantoja ya ha dejado claro que tiene a una favorita para hacerse con la victoria en esta edici\u00f3n y que tome el testigo de las ganadoras de las ediciones anteriores, que <strong data-node-id=\"6.3\">son Mar\u00eda Jes\u00fas Ruiz, Luc\u00eda S\u00e1nchez y Marieta.<\/strong><\/p>\n<p><img draggable=\"true\" alt=\"gh duo 4\" title=\"gh duo 4\" loading=\"lazy\" width=\"2500\" height=\"1406\" decoding=\"async\" data-nimg=\"1\" style=\"color:transparent;width:100%;height:auto;\"   src=\"https:\/\/www.europesays.com\/es\/wp-content\/uploads\/2026\/01\/concursantes-ghduo4-696054c01b452.jpg\" class=\"css-0 e1g79fud0\"\/><\/p>\n<p>Telecinco<\/p>\n<p data-journey-content=\"true\" data-node-id=\"9\" class=\"css-6wxqfj emevuu60\">\u00abMi ganadora\u00bb, ha escrito la prima de <a href=\"https:\/\/diezminutos.es\/kiko-rivera\" target=\"_blank\" data-node-id=\"9.1\" class=\"css-177bzfx emevuu60\" rel=\"nofollow noopener\">Kiko Rivera<\/a> en una historia en las redes sociales. El texto se pod\u00eda leer sobre una fotograf\u00eda en la que podemos ver a Bel\u00e9n Rodr\u00edguez en sus primeros minutos en la casa de Tres Cantos, conociendo al que se convertir\u00eda en su compa\u00f1ero de tr\u00edo: John Guts. \u00ab<strong data-node-id=\"9.3\">Despu\u00e9s del confesionario de Adara y Benita, est\u00e1 esto<\/strong>\u00ab, ha a\u00f1adido la influencer, recordando tambi\u00e9n otro momentazo del programa. Y es que John, compinchado con Jorge Javier, le hac\u00eda creer a Bel\u00e9n que hab\u00edan tenido una aventura en Formentera, aunque no cuajaba. Finalmente se\u00f1alaban lo que ocurr\u00eda: tendr\u00edan que hac\u00e9rselo creer a sus compa\u00f1eros. <\/p>\n<p data-journey-content=\"true\" data-node-id=\"13\" class=\"css-6wxqfj emevuu60\">Y aunque parece que se han olvidado de la trama, la convivencia est\u00e1 haciendo f\u00e1cil que el resto lo crea puesto que <strong data-node-id=\"13.1\">el mexicano no tiene feeling con las colaboradoras<\/strong>, haciendo incluso equipo con Sonia Madoc para sacarlas del reality.<\/p>\n<p><img src=\"https:\/\/www.europesays.com\/es\/wp-content\/uploads\/2026\/01\/1768191372_951_323095e3-d675-4360-ad79-c3a735f161a1_1681830139.file.png\" alt=\"Headshot of Aroa D\u00edaz\" title=\"Headshot of Aroa D\u00edaz\" width=\"100%\" height=\"100%\" decoding=\"async\" loading=\"lazy\" class=\"css-o0wq4v ev8dhu53\"\/><\/p>\n<p>Aroa D\u00edaz es experta en realities, televisi\u00f3n y actualidad en general. No hay momento del d\u00eda en el que no tenga encendida la televisi\u00f3n conociendo los \u00faltimos desvelos de los famosos, disfrutando de los realities como Supervivientes o de los concursos m\u00e1s rocambolescos. Las \u00faltimas novedades de los famosos del coraz\u00f3n son su perdici\u00f3n y la actualidad de las Casas Reales, su gran pasi\u00f3n. \u00a0\u00a0<\/p>\n<p>En sus ratos libres disfruta de las pel\u00edculas y series de moda, y bucea por los cat\u00e1logos de las plataformas de podcast buscando nuevas entrevistas y charlas de famosos.<\/p>\n<p>Adem\u00e1s, no ha parado de formarse en todos los aspectos convirti\u00e9ndose en una periodista 360: locuci\u00f3n, doblaje, grabaci\u00f3n de v\u00eddeo, periodismo m\u00f3vil, producci\u00f3n de podcast y SEO. Actualmente est\u00e1 form\u00e1ndose en el M\u00e1ster universitario de Periodismo y Comunicaci\u00f3n Digital: Datos y Nuevas Narrativas de la UOC.<\/p>\n<p>Graduada en periodismo por la Universidad Rey Juan Carlos, no ha parado de trabajar desde que obtuvo su t\u00edtulo all\u00e1 por el 2013. Despu\u00e9s de un breve impass en Palma de Mallorca, volvi\u00f3 a Legan\u00e9s donde arranc\u00f3 su experiencia con Legan\u00e9s Activo. En este tiempo he pasado por las redacciones de varios medios recayendo finalmente en Hearst Espa\u00f1a (Telenovela, Qu\u00e9 me dices y Diez Minutos). Tambi\u00e9n tiene experiencia en diferentes radios. \u00a0<\/p>\n","protected":false},"excerpt":{"rendered":"GH D\u00fao 4 ha empezado fuerte. Aunque solo llevan tres d\u00edas de convivencia, la ruptura de la casa&hellip;\n","protected":false},"author":2,"featured_media":336126,"comment_status":"","ping_status":"","sticky":false,"template":"","format":"standard","meta":{"footnotes":""},"categories":[171],"tags":[253,146,147,25,24,23,214],"class_list":{"0":"post-336125","1":"post","2":"type-post","3":"status-publish","4":"format-standard","5":"has-post-thumbnail","7":"category-tv","8":"tag-discover","9":"tag-entertainment","10":"tag-entretenimiento","11":"tag-es","12":"tag-espana","13":"tag-spain","14":"tag-tv"},"share_on_mastodon":{"url":"https:\/\/pubeurope.com\/@es\/115880197102197694","error":""},"_links":{"self":[{"href":"https:\/\/www.europesays.com\/es\/wp-json\/wp\/v2\/posts\/336125","targetHints":{"allow":["GET"]}}],"collection":[{"href":"https:\/\/www.europesays.com\/es\/wp-json\/wp\/v2\/posts"}],"about":[{"href":"https:\/\/www.europesays.com\/es\/wp-json\/wp\/v2\/types\/post"}],"author":[{"embeddable":true,"href":"https:\/\/www.europesays.com\/es\/wp-json\/wp\/v2\/users\/2"}],"replies":[{"embeddable":true,"href":"https:\/\/www.europesays.com\/es\/wp-json\/wp\/v2\/comments?post=336125"}],"version-history":[{"count":0,"href":"https:\/\/www.europesays.com\/es\/wp-json\/wp\/v2\/posts\/336125\/revisions"}],"wp:featuredmedia":[{"embeddable":true,"href":"https:\/\/www.europesays.com\/es\/wp-json\/wp\/v2\/media\/336126"}],"wp:attachment":[{"href":"https:\/\/www.europesays.com\/es\/wp-json\/wp\/v2\/media?parent=336125"}],"wp:term":[{"taxonomy":"category","embeddable":true,"href":"https:\/\/www.europesays.com\/es\/wp-json\/wp\/v2\/categories?post=336125"},{"taxonomy":"post_tag","embeddable":true,"href":"https:\/\/www.europesays.com\/es\/wp-json\/wp\/v2\/tags?post=336125"}],"curies":[{"name":"wp","href":"https:\/\/api.w.org\/{rel}","templated":true}]}}