{"id":336143,"date":"2026-01-12T04:25:41","date_gmt":"2026-01-12T04:25:41","guid":{"rendered":"https:\/\/www.europesays.com\/es\/336143\/"},"modified":"2026-01-12T04:25:41","modified_gmt":"2026-01-12T04:25:41","slug":"el-exministro-del-psoe-jordi-sevilla-lanza-manana-su-manifiesto-contra-sanchez-firmado-por-40-dirigentes-socialistas","status":"publish","type":"post","link":"https:\/\/www.europesays.com\/es\/336143\/","title":{"rendered":"El exministro del PSOE Jordi Sevilla lanza ma\u00f1ana su manifiesto contra S\u00e1nchez, firmado por 40 dirigentes socialistas"},"content":{"rendered":"<p class=\"paragraph\">El exministro socialista <b>Jordi Sevilla<\/b> difundir\u00e1 este lunes un manifiesto cr\u00edtico con el rumbo del PSOE y con las pol\u00edticas del Gobierno de <b>Pedro S\u00e1nchez<\/b>, un documento titulado Socialdemocracia 21 que cuenta con el respaldo de unos 40 dirigentes del partido y que pretende abrir un debate interno para \u00ab<b>revitalizar<\/b>\u00bb la formaci\u00f3n y devolverla, a su juicio, a los principios de la socialdemocracia de los que se ha alejado.<\/p>\n<p class=\"paragraph\">El texto, de unas nueve p\u00e1ginas, no se presentar\u00e1 en un acto p\u00fablico, sino que <b>comenzar\u00e1 a circular a trav\u00e9s de las redes sociales<\/b> acompa\u00f1ado de un v\u00eddeo del propio Sevilla. En \u00e9l, el exministro subraya que el objetivo del manifiesto no es personal ni org\u00e1nico, sino pol\u00edtico, y defiende que sus planteamientos \u00ab<b>no van contra nadie<\/b>\u00bb, sino a favor de huir del populismo y de recuperar una socialdemocracia que considera hoy m\u00e1s necesaria que nunca.<\/p>\n<p class=\"paragraph\">En el documento, Sevilla reclama un cambio de rumbo pol\u00edtico en el PSOE y advierte que la l\u00ednea actual ha contribuido, a su entender, al auge de la derecha, a la p\u00e9rdida de apoyos al socialismo y a lo que define como una \u00ab<b>dictadura de las minor\u00edas<\/b>\u00bb. El exministro impulsa as\u00ed un proceso de reflexi\u00f3n desde la discrepancia, consciente de que parte del partido interpreta esta iniciativa como un intento de debilitar el liderazgo de S\u00e1nchez, algo que \u00e9l niega.<\/p>\n<p class=\"paragraph\">Tal y como han informado diferentes medios, entre las reflexiones que recoge el manifiesto figura tambi\u00e9n la falta de entendimiento entre PSOE y PP, los dos \u00fanicos partidos que celebran de forma expresa la Constituci\u00f3n cada 6 de diciembre, as\u00ed como la necesidad de acuerdos en cuestiones fundamentales sin repartir culpas entre uno u otro. Sevilla sit\u00faa adem\u00e1s sus propuestas en un contexto internacional marcado, seg\u00fan expone, por l\u00edderes como <b>Donald Trump, Vladimir Putin o Xi Jinping<\/b>, a los que atribuye la imposici\u00f3n de la ley del m\u00e1s fuerte.<\/p>\n<p class=\"paragraph\">El texto dedica otro de sus apartados al funcionamiento interno de los partidos, reclamando que act\u00faen como verdaderos cauces de representaci\u00f3n pol\u00edtica y no como estructuras cerradas en torno a un liderazgo carism\u00e1tico. En ese marco, defiende la necesidad de combatir <b>comportamientos corruptos<\/b> y aquellos que atenten contra la dignidad de las mujeres.<\/p>\n<p class=\"c-detail__media__subtitle composite_image\">\n<p>        El economista y exministro de Administraciones P\u00fablicas de Espa\u00f1a Jordi Sevilla<\/p>\n<p class=\"paragraph\">Seg\u00fan adelant\u00f3 El Confidencial, el manifiesto ha ido sumando apoyos en las \u00faltimas semanas hasta alcanzar unas cuarenta firmas, a las que se a\u00f1aden dos secretarios generales auton\u00f3micos en activo <b>que han optado por no hacer p\u00fablico su respaldo por el momento<\/b>. Sevilla ha mantenido conversaciones con dirigentes de distintas generaciones del PSOE, desde hist\u00f3ricos como <b>Felipe Gonz\u00e1lez o Alfonso Guerra<\/b>, hasta figuras m\u00e1s recientes como Juan Lobato o Ignacio Urquizu.<\/p>\n<p class=\"paragraph\">La redacci\u00f3n del documento ha sido coordinada por el propio Sevilla, con la colaboraci\u00f3n de <b>\u00c1lvaro Frutos y Laura Mendiz\u00e1bal<\/b>, y ha contado con la supervisi\u00f3n de <b>Manuel Cruz, Joan Romero e Ignacio Urquizu<\/b>, en un intento de dotar al texto de una base ideol\u00f3gica y program\u00e1tica m\u00e1s amplia.<\/p>\n","protected":false},"excerpt":{"rendered":"El exministro socialista Jordi Sevilla difundir\u00e1 este lunes un manifiesto cr\u00edtico con el rumbo del PSOE y con&hellip;\n","protected":false},"author":2,"featured_media":336144,"comment_status":"","ping_status":"","sticky":false,"template":"","format":"standard","meta":{"footnotes":""},"categories":[8],"tags":[17,18,25,24,13,14,11,19,20,9,10,15,16,23,12,21,22],"class_list":{"0":"post-336143","1":"post","2":"type-post","3":"status-publish","4":"format-standard","5":"has-post-thumbnail","7":"category-espana","8":"tag-breaking-news","9":"tag-breakingnews","10":"tag-es","11":"tag-espana","12":"tag-featured-news","13":"tag-featurednews","14":"tag-headlines","15":"tag-latest-news","16":"tag-latestnews","17":"tag-news","18":"tag-noticias","19":"tag-noticias-destacadas","20":"tag-noticiasdestacadas","21":"tag-spain","22":"tag-titulares","23":"tag-ultimas-noticias","24":"tag-ultimasnoticias"},"share_on_mastodon":{"url":"https:\/\/pubeurope.com\/@es\/115880232581951877","error":""},"_links":{"self":[{"href":"https:\/\/www.europesays.com\/es\/wp-json\/wp\/v2\/posts\/336143","targetHints":{"allow":["GET"]}}],"collection":[{"href":"https:\/\/www.europesays.com\/es\/wp-json\/wp\/v2\/posts"}],"about":[{"href":"https:\/\/www.europesays.com\/es\/wp-json\/wp\/v2\/types\/post"}],"author":[{"embeddable":true,"href":"https:\/\/www.europesays.com\/es\/wp-json\/wp\/v2\/users\/2"}],"replies":[{"embeddable":true,"href":"https:\/\/www.europesays.com\/es\/wp-json\/wp\/v2\/comments?post=336143"}],"version-history":[{"count":0,"href":"https:\/\/www.europesays.com\/es\/wp-json\/wp\/v2\/posts\/336143\/revisions"}],"wp:featuredmedia":[{"embeddable":true,"href":"https:\/\/www.europesays.com\/es\/wp-json\/wp\/v2\/media\/336144"}],"wp:attachment":[{"href":"https:\/\/www.europesays.com\/es\/wp-json\/wp\/v2\/media?parent=336143"}],"wp:term":[{"taxonomy":"category","embeddable":true,"href":"https:\/\/www.europesays.com\/es\/wp-json\/wp\/v2\/categories?post=336143"},{"taxonomy":"post_tag","embeddable":true,"href":"https:\/\/www.europesays.com\/es\/wp-json\/wp\/v2\/tags?post=336143"}],"curies":[{"name":"wp","href":"https:\/\/api.w.org\/{rel}","templated":true}]}}