{"id":336179,"date":"2026-01-12T05:04:10","date_gmt":"2026-01-12T05:04:10","guid":{"rendered":"https:\/\/www.europesays.com\/es\/336179\/"},"modified":"2026-01-12T05:04:10","modified_gmt":"2026-01-12T05:04:10","slug":"el-estreno-daria-respuesta-a-un-importante-misterio-que-es-clave","status":"publish","type":"post","link":"https:\/\/www.europesays.com\/es\/336179\/","title":{"rendered":"el estreno dar\u00eda respuesta a un importante misterio que es clave"},"content":{"rendered":"<p>Marvel Studios est\u00e1 a punto de romper una de sus reglas no escritas m\u00e1s importantes con el estreno de Vengadores: Doomsday<\/p>\n<p><img decoding=\"async\" fetchpriority=\"high\" width=\"768\" height=\"432\" alt=\"El estreno de Vengadores: Doomsday rompe una regla clave, pero da respuesta a un importante misterio\" src=\"https:\/\/www.europesays.com\/es\/wp-content\/uploads\/2026\/01\/marvel-studios-doctor-doom-ucm.jpg\"\/> Vengadores: Doomsday marcar\u00e1 el mayor intervalo entre estrenos de la saga principal de la franquicia<\/p>\n<p>\u00danete a la conversaci\u00f3n<\/p>\n<p><strong>La regla de Marvel Studios<\/strong> que <strong>Vengadores: Doomsday<\/strong> romper\u00e1 con su fecha de estreno tambi\u00e9n da cierto sentido a una pregunta clave que casi todos los que han seguido de cerca <strong>el proceso de desarrollo de la pel\u00edcula<\/strong> se han hecho en alg\u00fan momento. Lo que es evidente es que <a href=\"https:\/\/alfabetajuega.com\/marvel\/como-ver-peliculas-marvel-cronologia-correcta\" rel=\"nofollow noopener\" target=\"_blank\">la l\u00ednea de tiempo de la franquicia<\/a> ha experimentado numerosos cambios en los \u00faltimos a\u00f1os. De hecho, <strong>esta pr\u00f3xima entrega es un excelente ejemplo<\/strong> de ello.<\/p>\n<p>El mayor salto temporal entre pel\u00edculas de los Vengadores<\/p>\n<p>Tras pasar de <strong>Vengadores: La Dinast\u00eda Kang<\/strong> a <strong>Vengadores: Doomsday<\/strong>, esta quinta entrega se ha transformado de varias maneras. Esto tambi\u00e9n ha generado m\u00e1s preguntas que nunca sobre la pel\u00edcula, especialmente ahora que el estudio ha comenzado a <strong>mostrar los primeros avances<\/strong>. Sin embargo, la regla del <strong>UCM<\/strong> que la pel\u00edcula rompe ayuda a responder <strong>una de las preguntas m\u00e1s importantes<\/strong> que muchos se han hecho.<\/p>\n<p>Con solo echar un breve vistazo a <strong>la lista de lanzamientos de Marvel Studios<\/strong>, est\u00e1 claro que <strong>Vengadores: Doomsday<\/strong> se lanzar\u00e1 con una brecha de tiempo mucho m\u00e1s grande que la que se puede apreciar con cualquiera de las entregas anteriores de la saga. Por eso es importante tener en cuenta <strong>el alcance real que tiene esto<\/strong>.<\/p>\n<p>Los a\u00f1os transcurridos entre <strong>los estrenos de Vengadores: Endgame<\/strong> y <strong>Vengadores: Doomsday<\/strong> marca el mayor retraso entre <strong>los proyectos de los Vengadores<\/strong>. De hecho, esto es m\u00e1s del doble de cualquier retraso anterior entre las pel\u00edculas protagonizadas por <a href=\"https:\/\/alfabetajuega.com\/marvel\/el-nuevo-equipo-de-los-vengadores-en-marvel-sorprende-con-un-villano-entre-sus-filas\" rel=\"nofollow noopener\" target=\"_blank\">el principal equipo de Marvel<\/a>. Si bien las secuelas de <strong>Vengadores: Endgame<\/strong> signific\u00f3 que la espera m\u00e1s larga estaba algo justificada, sobre todo porque era el fin de la <strong>Saga del Infinito<\/strong>, <strong>la brecha de 7 a\u00f1os<\/strong> tambi\u00e9n es notablemente m\u00e1s larga de lo que se esperaba.<\/p>\n<p>Centrarse en este retraso es clave para explicar por qu\u00e9 las perspectivas en torno a <strong>Vengadores: Doomsday<\/strong> suelen centrarse en <strong>la idea de que la pel\u00edcula parece m\u00e1s inconexa<\/strong> que sus predecesoras. Si bien es cierto que existen otros factores que sugieren por qu\u00e9 el estreno ser\u00e1 as\u00ed, el hecho de que haya habido una espera de m\u00e1s del doble entre <strong>las pel\u00edculas anteriores de los Vengadores<\/strong> explica en gran medida las preocupaciones en relaci\u00f3n al <strong>lugar que ocupa en la franquicia<\/strong>.<\/p>\n<p>En este sentido, todo esto ayuda a responder la pregunta de por qu\u00e9 se decidi\u00f3 traer de vuelta a <strong>Robert Downey Jr.<\/strong> y a <strong>Chris Evans<\/strong> para la pel\u00edcula. El hecho de centrarse en actores y personajes del <strong>UCM<\/strong> por los que el p\u00fablico siente nostalgia cobra especial sentido para intentar compensar esta diferencia notable en la fecha de estreno, aunque <strong>esto implique esquivar posibles obst\u00e1culos<\/strong>.<\/p>\n<p>Con <strong>Vengadores: Secret Wars<\/strong>, programada para estrenarse un a\u00f1o despu\u00e9s, parece muy probable que <strong>Marvel Studios<\/strong> evite repetir el retraso espec\u00edfico de la pel\u00edcula de 2026 en el futuro, especialmente porque <strong>la fecha de estreno posterior de Vengadores: Doomsday<\/strong> fue en parte por el resultado de circunstancias externas como, por ejemplo, el descarte del villano principal con el que se estaba construyendo este nuevo cap\u00edtulo del UCM. Dicho esto, las circunstancias inusuales en las que se encuentra <strong>Vengadores: Doomsday<\/strong> deber\u00edan hacer que su estreno <strong>resulte a\u00fan m\u00e1s interesante<\/strong>.<\/p>\n<p>\u00danete a la conversaci\u00f3n<\/p>\n","protected":false},"excerpt":{"rendered":"Marvel Studios est\u00e1 a punto de romper una de sus reglas no escritas m\u00e1s importantes con el estreno&hellip;\n","protected":false},"author":2,"featured_media":336180,"comment_status":"","ping_status":"","sticky":false,"template":"","format":"standard","meta":{"footnotes":""},"categories":[169],"tags":[177,146,147,25,24,176,175,23],"class_list":{"0":"post-336179","1":"post","2":"type-post","3":"status-publish","4":"format-standard","5":"has-post-thumbnail","7":"category-cine","8":"tag-cine","9":"tag-entertainment","10":"tag-entretenimiento","11":"tag-es","12":"tag-espana","13":"tag-film","14":"tag-movies","15":"tag-spain"},"share_on_mastodon":{"url":"https:\/\/pubeurope.com\/@es\/115880385792668684","error":""},"_links":{"self":[{"href":"https:\/\/www.europesays.com\/es\/wp-json\/wp\/v2\/posts\/336179","targetHints":{"allow":["GET"]}}],"collection":[{"href":"https:\/\/www.europesays.com\/es\/wp-json\/wp\/v2\/posts"}],"about":[{"href":"https:\/\/www.europesays.com\/es\/wp-json\/wp\/v2\/types\/post"}],"author":[{"embeddable":true,"href":"https:\/\/www.europesays.com\/es\/wp-json\/wp\/v2\/users\/2"}],"replies":[{"embeddable":true,"href":"https:\/\/www.europesays.com\/es\/wp-json\/wp\/v2\/comments?post=336179"}],"version-history":[{"count":0,"href":"https:\/\/www.europesays.com\/es\/wp-json\/wp\/v2\/posts\/336179\/revisions"}],"wp:featuredmedia":[{"embeddable":true,"href":"https:\/\/www.europesays.com\/es\/wp-json\/wp\/v2\/media\/336180"}],"wp:attachment":[{"href":"https:\/\/www.europesays.com\/es\/wp-json\/wp\/v2\/media?parent=336179"}],"wp:term":[{"taxonomy":"category","embeddable":true,"href":"https:\/\/www.europesays.com\/es\/wp-json\/wp\/v2\/categories?post=336179"},{"taxonomy":"post_tag","embeddable":true,"href":"https:\/\/www.europesays.com\/es\/wp-json\/wp\/v2\/tags?post=336179"}],"curies":[{"name":"wp","href":"https:\/\/api.w.org\/{rel}","templated":true}]}}