{"id":336195,"date":"2026-01-12T05:12:31","date_gmt":"2026-01-12T05:12:31","guid":{"rendered":"https:\/\/www.europesays.com\/es\/336195\/"},"modified":"2026-01-12T05:12:31","modified_gmt":"2026-01-12T05:12:31","slug":"maria-leonor-marquez-sanchez-romera-mayor-de-las-fiestas-patronales-de-san-sebastian-de-la-gomera-2026","status":"publish","type":"post","link":"https:\/\/www.europesays.com\/es\/336195\/","title":{"rendered":"Mar\u00eda Leonor M\u00e1rquez S\u00e1nchez, Romera Mayor de las Fiestas Patronales de San Sebasti\u00e1n de La Gomera 2026"},"content":{"rendered":"<p>                                    <img width=\"2560\" height=\"1707\" src=\"https:\/\/www.europesays.com\/es\/wp-content\/uploads\/2026\/01\/romera1-3-scaled.jpg\" class=\"img-responsive wp-post-image\" alt=\"\" decoding=\"async\" fetchpriority=\"high\"  \/>                            <\/p>\n<p>                      <a href=\"https:\/\/www.sansebastiangomera.org\/category\/noticias\/ \" rel=\"nofollow noopener\" target=\"_blank\">Noticias<\/a> |<br \/>\n                     <a href=\"https:\/\/www.sansebastiangomera.org\/category\/fiestas\/\" rel=\"nofollow noopener\" target=\"_blank\">Fiestas y cultura<\/a>                      |  10 enero 2026<\/p>\n<p>                            <a href=\"#\">Imprimir<\/a> <\/p>\n<p>La Elecci\u00f3n de la Romera Mayor de las Fiestas Patronales rindi\u00f3 homenaje a la agricultura local y al proceso de producci\u00f3n del gofio<\/p>\n<p>La Parranda Chigad\u00e1 y el colectivo de mayores de San Sebasti\u00e1n fueron protagonistas de la gala<\/p>\n<p>La Plaza de la Iglesia de la Asunci\u00f3n acogi\u00f3 la Gala de Elecci\u00f3n de la Romera Mayor de las Fiestas Patronales de San Sebasti\u00e1n de La Gomera 2026 bajo el lema \u201cGofio, sustento y memoria\u201d, que rindi\u00f3 homenaje a la agricultura local y realiz\u00f3 un recorrido simb\u00f3lico por todo el proceso de producci\u00f3n del gofio, desde la siembra del trigo y el millo hasta la molienda. Todo ello de la mano de las seis aspirantes que optaban al t\u00edtulo y de Shaila Jerez Mendoza, Romera Mayor 2025. Con el acompa\u00f1amiento de la Parranda Chigad\u00e1, la gala tambi\u00e9n cont\u00f3 con la colaboraci\u00f3n del colectivo de mayores del municipio en un espect\u00e1culo en el que m\u00fasica y poes\u00eda se fusionaron para homenajear la historia del gofio en el municipio y en la isla.<\/p>\n<p>La alcaldesa de San Sebasti\u00e1n de La Gomera, Ang\u00e9lica Padilla, presidi\u00f3 la elecci\u00f3n de la Romera Mayor junto a la consejera de Cultura del Cabildo de La Gomera, Rosa Elena Garc\u00eda, el senador por La Gomera, Fabi\u00e1n Chinea, el concejal de Cultura y Fiestas, Aday Herrera, y los concejales Libertad Ramos y Ana Campoy.<\/p>\n<p>Ang\u00e9lica Padilla subray\u00f3 que la Gala de Elecci\u00f3n de la Romera Mayor de las Fiestas Patronales ha sido una celebraci\u00f3n de la cultura canaria, \u00abun espect\u00e1culo que se distingui\u00f3 por su calidad y dinamismo. A lo que se sum\u00f3 la brillante participaci\u00f3n de las seis aspirantes y de la Romera saliente, junto a la m\u00fasica de la Parranda Chigad\u00e1 y la actuaci\u00f3n del colectivo de mayores, con una escenograf\u00eda en la que interactuaron de manera divertida y entra\u00f1able con el p\u00fablico\u00bb. Padilla destac\u00f3 la escenificaci\u00f3n de todos los procesos implicados en la producci\u00f3n del gofio y su importancia gastron\u00f3mica, \u00abun merecido homenaje a la historia de un producto tan nuestro y tan especial, que ha estado presente en cada una de las etapas de nuestra historia\u00bb. <\/p>\n<p>La alcaldesa a\u00f1adi\u00f3 que la programaci\u00f3n de estas Fiestas Patronales pone en valor nuestras tradiciones y costumbres, al tiempo que se han incorporado eventos destinados al entretenimiento familiar, con una interesante y amplia agenda deportiva y de ocio.<\/p>\n<p>Mar\u00eda Leonor M\u00e1rquez S\u00e1nchez, representando a Belleza de Katy Marj\u00f3n, Pilates Center Liset Mart\u00ednez, Ares Gomera, Librer\u00eda Papeler\u00eda e Imprenta Junonia, El Ed\u00e9n Burger, fue elegida Romera Mayor de las Fiestas Patronales 2026, junto a las Romeras de Honor: Elizabeth Mar\u00eda Agull\u00f3 Cubas, representando a Muebles Rodr\u00edguez, Modas Guada, Bar Salitre y Restaurante Club N\u00e1utico; Mariana Mar\u00edn Ram\u00edrez, representando a Fiesta Man\u00eda; Zaira Cubas Rodr\u00edguez, representando a Centro \u00d3ptico Garajonay, Caf\u00e9 Bar Cacao y Detalles La Gomera; Rita Esther Fuerte Rodr\u00edguez, representando a Centro \u00d3ptico Garajonay, Spar La Villa y GuaguaGomera; Carlota Mora Fuerte, representando a Distribuciones Argom y Transportes Alejo e Hijos.<\/p>\n<p>Aday Herrera, concejal de Cultura y Fiestas del Ayuntamiento de San Sebasti\u00e1n de La Gomera, record\u00f3 que el domingo 11 de enero, la Plaza de la Iglesia acoge el evento \u00abMujer y Tradici\u00f3n\u00bb en torno a la vestimenta tradicional, \u00abno es un desfile al uso, contaremos con mujeres representativas de San Sebasti\u00e1n de La Gomera luciendo vestimentas de todo el archipi\u00e9lago desde la visi\u00f3n de los h\u00e1bitos y las promesas de \u00edndole religiosa. Adem\u00e1s, contaremos con la experiencia de Eduardo Duque, que nos ayudar\u00e1 a explorar la importancia de la historia que se cuenta a trav\u00e9s del tipo de tejidos, colores y detalles de cada uno de esos trajes\u00bb. <\/p>\n<p>Herrera remarc\u00f3 que, de cara a la celebraci\u00f3n de la popular Romer\u00eda el pr\u00f3ximo s\u00e1bado 17 de enero, \u00abdesde el Ayuntamiento de San Sebasti\u00e1n de La Gomera queremos insistir en la importancia de vestir con el cuidado y respeto que se merecen nuestras tradiciones\u00bb.<\/p>\n<p>Marina Hirdina Castilla, que fue la primera Romera Mayor de las Fiestas Patronales de San Sebasti\u00e1n de La Gomera en el a\u00f1o 2001, ejerci\u00f3 el cargo de presidenta del jurado, acompa\u00f1ada por Manuela Jurado Carcel\u00e9n, artesana de trajes tradicionales canarios y empresaria, Francisco Darias, integrante del grupo folcl\u00f3rico A.F. Hautacuperche, Tere Mart\u00edn Tom\u00e9, conocedora de la vestimenta tradicional y el folclore canario, y Samuel Herrera D\u00edaz, dise\u00f1ador. Asimismo, Ana Rosa Mora D\u00edaz actu\u00f3 como secretaria en representaci\u00f3n del Ayuntamiento de San Sebasti\u00e1n de La Gomera. <\/p>\n<p>\u00a0<\/p>\n","protected":false},"excerpt":{"rendered":"Noticias | Fiestas y cultura | 10 enero 2026 Imprimir La Elecci\u00f3n de la Romera Mayor de las&hellip;\n","protected":false},"author":2,"featured_media":336196,"comment_status":"","ping_status":"","sticky":false,"template":"","format":"standard","meta":{"footnotes":""},"categories":[5],"tags":[17,18,25,24,13,14,11,19,20,9,10,15,16,23,12,21,22],"class_list":{"0":"post-336195","1":"post","2":"type-post","3":"status-publish","4":"format-standard","5":"has-post-thumbnail","7":"category-titulares","8":"tag-breaking-news","9":"tag-breakingnews","10":"tag-es","11":"tag-espana","12":"tag-featured-news","13":"tag-featurednews","14":"tag-headlines","15":"tag-latest-news","16":"tag-latestnews","17":"tag-news","18":"tag-noticias","19":"tag-noticias-destacadas","20":"tag-noticiasdestacadas","21":"tag-spain","22":"tag-titulares","23":"tag-ultimas-noticias","24":"tag-ultimasnoticias"},"share_on_mastodon":{"url":"https:\/\/pubeurope.com\/@es\/115880417228119572","error":""},"_links":{"self":[{"href":"https:\/\/www.europesays.com\/es\/wp-json\/wp\/v2\/posts\/336195","targetHints":{"allow":["GET"]}}],"collection":[{"href":"https:\/\/www.europesays.com\/es\/wp-json\/wp\/v2\/posts"}],"about":[{"href":"https:\/\/www.europesays.com\/es\/wp-json\/wp\/v2\/types\/post"}],"author":[{"embeddable":true,"href":"https:\/\/www.europesays.com\/es\/wp-json\/wp\/v2\/users\/2"}],"replies":[{"embeddable":true,"href":"https:\/\/www.europesays.com\/es\/wp-json\/wp\/v2\/comments?post=336195"}],"version-history":[{"count":0,"href":"https:\/\/www.europesays.com\/es\/wp-json\/wp\/v2\/posts\/336195\/revisions"}],"wp:featuredmedia":[{"embeddable":true,"href":"https:\/\/www.europesays.com\/es\/wp-json\/wp\/v2\/media\/336196"}],"wp:attachment":[{"href":"https:\/\/www.europesays.com\/es\/wp-json\/wp\/v2\/media?parent=336195"}],"wp:term":[{"taxonomy":"category","embeddable":true,"href":"https:\/\/www.europesays.com\/es\/wp-json\/wp\/v2\/categories?post=336195"},{"taxonomy":"post_tag","embeddable":true,"href":"https:\/\/www.europesays.com\/es\/wp-json\/wp\/v2\/tags?post=336195"}],"curies":[{"name":"wp","href":"https:\/\/api.w.org\/{rel}","templated":true}]}}