{"id":336203,"date":"2026-01-12T05:25:07","date_gmt":"2026-01-12T05:25:07","guid":{"rendered":"https:\/\/www.europesays.com\/es\/336203\/"},"modified":"2026-01-12T05:25:07","modified_gmt":"2026-01-12T05:25:07","slug":"alerta-roja-en-mediaset-las-pobres-audiencias-ponen-en-la-diana-al-nuevo-director-de-contenidos","status":"publish","type":"post","link":"https:\/\/www.europesays.com\/es\/336203\/","title":{"rendered":"Alerta roja en Mediaset: las pobres audiencias ponen en la diana al nuevo director de contenidos"},"content":{"rendered":"<p><strong>Ultim\u00e1tum<\/strong>. Ese es el sentir general que existe dentro de la zona noble de <a href=\"https:\/\/www.vozpopuli.com\/dolcevita\/david-cantero-desvela-que-se-nego-a-aceptar-lo-que-le-pedia-telecinco-porque-era-ilegal-y-habla-de-su-nuevo-trabajo.html\" rel=\"nofollow noopener\" target=\"_blank\">Mediaset ante la crisis sin precedentes<\/a> que vive el grupo televisivo en los \u00faltimos tiempos. El due\u00f1o de Telecinco y Cuatro ha visto c\u00f3mo el mes de diciembre ha terminado por destapar los graves problemas que arrastra desde hace varios a\u00f1os. Las <strong>malas vibraciones en la c\u00fapula se producen<\/strong>, adem\u00e1s, con un casi reci\u00e9n estrenado director de contenidos, que busca dar un giro radical a la situaci\u00f3n.<\/p>\n<p>Atr\u00e1s quedan los datos de audiencia en los que Mediaset era indiscutible. Ma\u00f1ana, tarde o noche. La direcci\u00f3n ten\u00eda muy definida su estrategia y su p\u00fablico era m\u00e1s que fiel, con audiencias medias del 17%. Ahora, la situaci\u00f3n es otra y fuentes del sector detallan que <strong>\u201cel nerviosismo se ha apoderado del grupo\u201d.<\/strong><\/p>\n<p>Los datos no son para menos. Telecinco ha tenido que lidiar con los momentos m\u00e1s complicados de su<a href=\"https:\/\/www.vozpopuli.com\/dolcevita\/el-batacazo-de-audiencia-de-cristina-pedroche-las-criticas-a-su-capa-y-vestido-y-la-eleccion-de-estilo-de-sus-rivales.html\" rel=\"nofollow noopener\" target=\"_blank\"> historia en t\u00e9rminos de audiencia. <\/a>La cadena, que ha sido la cabeza visible de Mediaset, termin\u00f3 el mes con registros significativamente bajos en comparaci\u00f3n con sus propios promedios y con la competencia, marcando lo que algunos analistas han descrito como su peor diciembre hist\u00f3rico en cuota de pantalla.<\/p>\n<p>La ca\u00edda fue palpable tanto en el consumo general como en el prime time, con varios de sus programas estrella lejos de los registros que sol\u00edan consolidar a Telecinco como referente del entretenimiento familiar. Este retroceso coincidi\u00f3, adem\u00e1s, con el dominio de otras cadenas rivales, reflejando un cambio en los h\u00e1bitos de los espectadores y en la<strong> oferta televisiva en abierto al cierre de 2025.<\/strong><\/p>\n<p>La grave situaci\u00f3n de la cadena ha sido parcialmente maquillada por los datos de Cuatro. Los buenos resultados de programas como Todo es mentira, Horizonte o Cuarto Milenio han evitado que Mediaset cierre el a\u00f1o con cifras a\u00fan peores. La cadena logr\u00f3 superar en cuota de pantalla a su competidor directo en el total d\u00eda \u2014un logro relevante para un canal que en meses anteriores hab\u00eda estado estancado en cifras discretas\u2014 y consolid\u00f3 avances s\u00f3lidos en varias franjas horarias, como prime time, sobremesa y target comercial.<\/p>\n<p>El ejemplo m\u00e1s gr\u00e1fico de la crisis que arrastra Mediaset fue el d\u00eda en el que Telecinco <strong>lleg\u00f3 a marcar un 0% de audiencia. <\/strong>Todo tiene un contexto, s\u00ed, pero refleja a la perfecci\u00f3n la delicada situaci\u00f3n del grupo. Este hecho se produjo durante la madrugada del 28 de diciembre, con el programa Miramim\u00fasica. Es importante matizar que este \u201c0% t\u00e9cnico\u201d no significa que la cadena quedara sin espectadores de forma absoluta, sino que en determinadas franjas muy concretas y con aud\u00edmetros espec\u00edficos no se registr\u00f3 audiencia suficiente para generar un porcentaje distinto de cero.<\/p>\n<p>Movimientos a la desesperada<\/p>\n<p>Y es que Mediaset tiene poco a lo que aferrarse. En Telecinco apenas funciona La isla de las tentaciones y los programas anteriormente mencionados. La falta de claridad en su estrategia se evidenci\u00f3, una vez m\u00e1s, en la cobertura del <a href=\"https:\/\/www.vozpopuli.com\/opinion\/quo-vadis-venezuela.html\" rel=\"nofollow noopener\" target=\"_blank\">arresto de Nicol\u00e1s Maduro por parte de Estados Unidos<\/a>, donde apenas se produjeron informaciones especiales ni una programaci\u00f3n diferenciada. Un hecho que, de nuevo, volvi\u00f3 a condenar al grupo.<\/p>\n<p>Pero antes de lo sucedido en el pa\u00eds latinoamericano, desde la direcci\u00f3n de programaci\u00f3n ya se hab\u00eda trazado un plan para el mes de enero. En concreto, en Cuatro, Horizonte, de Iker Jim\u00e9nez, se traslada al access prime time de lunes a mi\u00e9rcoles para reforzar la franja frente a competidores como El Hormiguero, <a href=\"https:\/\/www.vozpopuli.com\/television\/primo-almeida-first-dates-boda-sd.html\" rel=\"nofollow noopener\" target=\"_blank\">mientras que First Dates pasa<\/a> a Telecinco en d\u00edas laborables. Adem\u00e1s, el grupo prepara el relanzamiento de formatos emblem\u00e1ticos, como Gran Hermano VIP, con el objetivo de recuperar espectadores en la noche y equilibrar su parrilla diaria con contenidos de mayor tracci\u00f3n.<\/p>\n<p>Un cambio en la direcci\u00f3n<\/p>\n<p>Antes de llegar a esta situaci\u00f3n, Mediaset Espa\u00f1a decidi\u00f3 poner remedio con un cambio en la direcci\u00f3n de contenidos, <strong>en busca de revertir los pobres datos<\/strong> que arrastra desde hace tiempo. Para ello, se pens\u00f3 en Alberto Carullo para sustituir a Manuel Villanueva, uno de los hombres m\u00e1s reconocidos de la parrilla televisiva en Espa\u00f1a.<\/p>\n<p>Su val\u00eda est\u00e1 fuera de toda duda y fue capaz de impulsar formatos como Los Serrano, <a href=\"https:\/\/www.vozpopuli.com\/television\/este-es-el-ganador-de-supervivientes-2025-no-me-lo-esperaba.html\" rel=\"nofollow noopener\" target=\"_blank\">Supervivientes<\/a>, A\u00edda u Operaci\u00f3n Triunfo. El fichaje se produjo en octubre, pero Mediaset no ha conseguido remontar y fuentes del sector apuntan a que este mes de enero ser\u00e1 \u201ccrucial\u201d para la confianza del consejo de administraci\u00f3n en su figura.<\/p>\n","protected":false},"excerpt":{"rendered":"Ultim\u00e1tum. Ese es el sentir general que existe dentro de la zona noble de Mediaset ante la crisis&hellip;\n","protected":false},"author":2,"featured_media":336204,"comment_status":"","ping_status":"","sticky":false,"template":"","format":"standard","meta":{"footnotes":""},"categories":[171],"tags":[146,147,25,24,23,214],"class_list":{"0":"post-336203","1":"post","2":"type-post","3":"status-publish","4":"format-standard","5":"has-post-thumbnail","7":"category-tv","8":"tag-entertainment","9":"tag-entretenimiento","10":"tag-es","11":"tag-espana","12":"tag-spain","13":"tag-tv"},"share_on_mastodon":{"url":"https:\/\/pubeurope.com\/@es\/115880468320288478","error":""},"_links":{"self":[{"href":"https:\/\/www.europesays.com\/es\/wp-json\/wp\/v2\/posts\/336203","targetHints":{"allow":["GET"]}}],"collection":[{"href":"https:\/\/www.europesays.com\/es\/wp-json\/wp\/v2\/posts"}],"about":[{"href":"https:\/\/www.europesays.com\/es\/wp-json\/wp\/v2\/types\/post"}],"author":[{"embeddable":true,"href":"https:\/\/www.europesays.com\/es\/wp-json\/wp\/v2\/users\/2"}],"replies":[{"embeddable":true,"href":"https:\/\/www.europesays.com\/es\/wp-json\/wp\/v2\/comments?post=336203"}],"version-history":[{"count":0,"href":"https:\/\/www.europesays.com\/es\/wp-json\/wp\/v2\/posts\/336203\/revisions"}],"wp:featuredmedia":[{"embeddable":true,"href":"https:\/\/www.europesays.com\/es\/wp-json\/wp\/v2\/media\/336204"}],"wp:attachment":[{"href":"https:\/\/www.europesays.com\/es\/wp-json\/wp\/v2\/media?parent=336203"}],"wp:term":[{"taxonomy":"category","embeddable":true,"href":"https:\/\/www.europesays.com\/es\/wp-json\/wp\/v2\/categories?post=336203"},{"taxonomy":"post_tag","embeddable":true,"href":"https:\/\/www.europesays.com\/es\/wp-json\/wp\/v2\/tags?post=336203"}],"curies":[{"name":"wp","href":"https:\/\/api.w.org\/{rel}","templated":true}]}}