{"id":336208,"date":"2026-01-12T05:29:08","date_gmt":"2026-01-12T05:29:08","guid":{"rendered":"https:\/\/www.europesays.com\/es\/336208\/"},"modified":"2026-01-12T05:29:08","modified_gmt":"2026-01-12T05:29:08","slug":"el-hospital-san-agustin-roza-el-80-de-camas-ocupadas-con-la-uci-completa","status":"publish","type":"post","link":"https:\/\/www.europesays.com\/es\/336208\/","title":{"rendered":"El Hospital San Agust\u00edn roza el 80% de camas ocupadas, con la UCI completa"},"content":{"rendered":"<p class=\"ft-text ft-helper-closenews\">El <strong>Hospital Universitario San Agust\u00edn (HUSA)<\/strong> registra estos d\u00edas una <strong>ocupaci\u00f3n pr\u00f3xima al ochenta por ciento<\/strong> con pacientes en su mayor\u00eda <strong>mayores<\/strong> aquejados de <strong>virus respiratorios<\/strong>, entre ellos la <strong>gripe<\/strong> con sus distintas variantes.<a class=\"ft-link ft-link--decoration\" href=\"https:\/\/www.lne.es\/salud\/guia\/2026\/01\/08\/sintomas-ir-urgencias-gripe-113349849.html\" rel=\"nofollow noopener\" target=\"_blank\"> El equipamiento mantiene de forma excepcional todas sus plantas abiertas<\/a> \u2013<strong>norte, centro y sur<\/strong>\u2013 para hacer frente a la <strong>demanda asistencial<\/strong>. La previsi\u00f3n es que la situaci\u00f3n no mejore a corto plazo y el <strong>pico gripal<\/strong> se mantenga hasta, al menos, <strong>final de mes<\/strong>.<\/p>\n<p class=\"ft-text\">Destaca el \u00ab<strong>lleno\u00bb t\u00e9cnico de la Unidad de Cuidados Intensivos (UCI)<\/strong>: de acuerdo al <strong>estadillo de ocupaci\u00f3n<\/strong>, de las <strong>diez camas<\/strong> de esta unidad solo hab\u00eda <strong>una disponible<\/strong>. En el conjunto del hospital, la <strong>ocupaci\u00f3n global<\/strong> alcanzaba a comienzos de este fin de semana el <strong>76,30%<\/strong> de un total de <strong>405 camas disponibles<\/strong>. \u201cLa ocupaci\u00f3n que tenemos es alta, pero la normal en esta \u00e9poca del a\u00f1o\u201d, apuntaron <strong>trabajadores sanitarios<\/strong>.<\/p>\n<p>Incidencia<\/p>\n<p class=\"ft-text\">La <strong>fuerte incidencia de la gripe<\/strong> y el incremento de las <strong>patolog\u00edas respiratorias<\/strong> en los primeros compases de este a\u00f1o est\u00e1n ahora detr\u00e1s del elevado n\u00famero de <strong>ingresos hospitalarios<\/strong>, junto con el <strong>envejecimiento de la poblaci\u00f3n<\/strong> y el agravamiento de <strong>patolog\u00edas cr\u00f3nicas<\/strong>. Tambi\u00e9n son muchos los <strong>pacientes pedi\u00e1tricos<\/strong> que llegan estos d\u00edas tanto a <strong>Urgencias<\/strong> del San Agust\u00edn como a las consultas de <strong>Atenci\u00f3n Primaria<\/strong> del <strong>\u00e1rea sanitaria de Avil\u00e9s<\/strong>: <strong>bronquiolitis<\/strong>, <strong>gastroenteritis<\/strong>, <strong>faringitis<\/strong>\u2026<\/p>\n<p>En Asturias<\/p>\n<p class=\"ft-text\">La situaci\u00f3n que vive el <strong>Hospital Universitario San Agust\u00edn<\/strong> se repite en otras <strong>\u00e1reas sanitarias de Asturias<\/strong>: el <strong>Hospital de Cabue\u00f1es (Gij\u00f3n)<\/strong> ten\u00eda ocupadas <strong>460 camas<\/strong>, la cifra m\u00e1s alta de los \u00faltimos a\u00f1os por estas fechas. En el <strong>HUCA (Oviedo)<\/strong>, el impacto de la <strong>gripe<\/strong> tambi\u00e9n es notable.<\/p>\n<p>Vacunaci\u00f3n<\/p>\n<p class=\"ft-text\">El <strong>Servicio de Salud del Principado de Asturias (Sespa)<\/strong> ha ampliado la <strong>campa\u00f1a de vacunaci\u00f3n contra la gripe<\/strong>, que en el <strong>\u00e1rea de Occidente<\/strong> se desarroll\u00f3 en el <strong>centro de salud de Vegadeo<\/strong> y en el del <strong>Quirinal, en Avil\u00e9s<\/strong>. El colectivo de <strong>personas mayores de 64 a\u00f1os<\/strong>, uno de los m\u00e1s vulnerables, ya alcanza el <strong>57,79% de cobertura vacunal<\/strong>. El <strong>Sespa<\/strong> ha administrado <strong>265.934 dosis<\/strong>.<\/p>\n<p>Primaria<\/p>\n<p class=\"ft-text\">En los <strong>centros de salud de Atenci\u00f3n Primaria<\/strong>, la <strong>gripe<\/strong> tambi\u00e9n est\u00e1 causando estragos: muchos pacientes requieren <strong>atenci\u00f3n m\u00e9dica<\/strong>, a lo que se suma la <strong>falta de especialistas<\/strong> y las <strong>consultas cerradas<\/strong>, generando <strong>cuellos de botella asistenciales que afectan tanto a los enfermos como a los profesionales que ejercen en Primaria.<\/strong><\/p>\n<p data-close=\"closedContent\" class=\"subscribeHideForDisplay\">Suscr\u00edbete para seguir leyendo<\/p>\n","protected":false},"excerpt":{"rendered":"El Hospital Universitario San Agust\u00edn (HUSA) registra estos d\u00edas una ocupaci\u00f3n pr\u00f3xima al ochenta por ciento con pacientes&hellip;\n","protected":false},"author":2,"featured_media":336209,"comment_status":"","ping_status":"","sticky":false,"template":"","format":"standard","meta":{"footnotes":""},"categories":[92],"tags":[14670,30423,25,24,7749,165,3345,16861,166,2228,31263,23,11214,2275],"class_list":{"0":"post-336208","1":"post","2":"type-post","3":"status-publish","4":"format-standard","5":"has-post-thumbnail","7":"category-salud","8":"tag-14670","9":"tag-agustin","10":"tag-es","11":"tag-espana","12":"tag-gripe","13":"tag-health","14":"tag-hospital","15":"tag-roza","16":"tag-salud","17":"tag-san","18":"tag-san-agustin","19":"tag-spain","20":"tag-uci","21":"tag-virus"},"share_on_mastodon":{"url":"https:\/\/pubeurope.com\/@es\/115880484222948628","error":""},"_links":{"self":[{"href":"https:\/\/www.europesays.com\/es\/wp-json\/wp\/v2\/posts\/336208","targetHints":{"allow":["GET"]}}],"collection":[{"href":"https:\/\/www.europesays.com\/es\/wp-json\/wp\/v2\/posts"}],"about":[{"href":"https:\/\/www.europesays.com\/es\/wp-json\/wp\/v2\/types\/post"}],"author":[{"embeddable":true,"href":"https:\/\/www.europesays.com\/es\/wp-json\/wp\/v2\/users\/2"}],"replies":[{"embeddable":true,"href":"https:\/\/www.europesays.com\/es\/wp-json\/wp\/v2\/comments?post=336208"}],"version-history":[{"count":0,"href":"https:\/\/www.europesays.com\/es\/wp-json\/wp\/v2\/posts\/336208\/revisions"}],"wp:featuredmedia":[{"embeddable":true,"href":"https:\/\/www.europesays.com\/es\/wp-json\/wp\/v2\/media\/336209"}],"wp:attachment":[{"href":"https:\/\/www.europesays.com\/es\/wp-json\/wp\/v2\/media?parent=336208"}],"wp:term":[{"taxonomy":"category","embeddable":true,"href":"https:\/\/www.europesays.com\/es\/wp-json\/wp\/v2\/categories?post=336208"},{"taxonomy":"post_tag","embeddable":true,"href":"https:\/\/www.europesays.com\/es\/wp-json\/wp\/v2\/tags?post=336208"}],"curies":[{"name":"wp","href":"https:\/\/api.w.org\/{rel}","templated":true}]}}