{"id":33621,"date":"2025-08-08T10:45:08","date_gmt":"2025-08-08T10:45:08","guid":{"rendered":"https:\/\/www.europesays.com\/es\/33621\/"},"modified":"2025-08-08T10:45:08","modified_gmt":"2025-08-08T10:45:08","slug":"la-sanidad-publica-de-madrid-da-con-un-pionero-tratamiento-contra-la-afasia-progresiva-primaria","status":"publish","type":"post","link":"https:\/\/www.europesays.com\/es\/33621\/","title":{"rendered":"La sanidad p\u00fablica de Madrid da con un pionero tratamiento contra la afasia progresiva primaria"},"content":{"rendered":"<p>Se trata de un trastorno que deteriora gradualmente las habilidades comunicativas<\/p>\n<p><img fetchpriority=\"high\" class=\"voc-img\" src=\"https:\/\/www.europesays.com\/es\/wp-content\/uploads\/2025\/08\/IMG_4368-R3dDDDY7y5ccRpAIeV0p31O-1200x840@diario_abc.jpg\" loading=\"eager\" decoding=\"async\" alt=\"Aplicaci\u00f3n del nuevo tratamiento contra la afasia progresiva primaria\" width=\"1200\" height=\"840\"\/><\/p>\n<p>Aplicaci\u00f3n del nuevo tratamiento contra la afasia progresiva primaria    comunidad  <\/p>\n<p>08\/08\/2025<br \/>\n<br \/><strong><br \/>\nActualizado a las 11:17h.<br \/>\n<\/strong><\/p>\n<p class=\"voc-p\" style=\"\">La <a href=\"https:\/\/www.abc.es\/espana\/madrid\/madrid-utiliza-inteligencia-artificial-cien-procesos-comunidad-20240707191652-nt.html\" target=\"_self\" data-voc-vtm-id=\"in-text-traffic\" title=\"Comunidad de Madrid\" data-mrf-link=\"www.abc.es\" rel=\"nofollow noopener\">Comunidad de Madrid<\/a> ha anunciado un nuevo tratamiento que ralentiza los efectos de la afasia progresiva primaria, un trastorno neurol\u00f3gico que provoca una p\u00e9rdida gradual de la capacidad comunicativa. \u00abUn nuevo hito internacional\u00bb, seg\u00fan lo califica el propio Gobierno regional, puesto que es \u00abel primero del mundo a largo plazo con estas caracter\u00edsticas\u00bb.<\/p>\n<p class=\"voc-p\" style=\"\">Profesionales de varios centros han certificado la eficacia de este remedio en la lucha contra esta <a href=\"https:\/\/www.abc.es\/espana\/madrid\/madrid-suma-nuevas-unidades-magnificas-tratan-hospitales-20250117133448-nt.html\" target=\"_self\" data-voc-vtm-id=\"in-text-traffic\" title=\"enfermedad\" data-mrf-link=\"www.abc.es\" rel=\"nofollow noopener\">enfermedad<\/a> y que, efectivamente, mejorar las funciones cerebrales de quienes la sufren. Las pruebas petienentes se realizaron durante seis meses a 63 pacientes seleccionados aleatoriamente, con una media de edad de casi 72 a\u00f1os. Una parte de ellos fueron sometidos al tratamiento, mientras que al resto se les aplic\u00f3 de forma simulada. Los resultados mostraron una adherencia del 92%. No obstante, siempre ser\u00e1 m\u00e1s efectivo si se combina con terapia del lenguaje.<\/p>\n<p class=\"voc-p\" style=\"\">Quienes recibieron estimulaci\u00f3n magn\u00e9tica medio a\u00f1o despu\u00e9s sufr\u00edan un menor declive del metabolismo de las regiones cerebrales relacionadas con la enfermedad. Adem\u00e1s, se demostr\u00f3 que sus habilidades del lenguaje y capacidades ling\u00fc\u00edsticas y funcionales mejoraron, mientras que los s\u00edntomas neuropsiqui\u00e1tricos se ralentizaron.<\/p>\n<p class=\"voc-p\" style=\"\">Todo esto ha sido posible gracias a un estudio del Hospital Cl\u00ednico San Carlos sobre la estimulaci\u00f3n magn\u00e9tica transcraneal. Ha contado con la colaboraci\u00f3n del <a href=\"https:\/\/www.abc.es\/espana\/madrid\/hospital-gregorio-maranon-inicia-2026-reforma-integral-20250710100444-nt.html\" target=\"_self\" data-voc-vtm-id=\"in-text-traffic\" title=\"Gregorio Mara\u00f1\u00f3n\" data-mrf-link=\"www.abc.es\" rel=\"nofollow noopener\">Gregorio Mara\u00f1\u00f3n<\/a> y La Princesa. La afasia progresiva primaria es una variante at\u00edpica del alzh\u00e9imer y la degeneraci\u00f3n frontotemporal, y, hasta el momento, ninguna otra terapia m\u00e1s all\u00e1 de la del lenguaje hab\u00eda demostrado ser eficaz. <\/p>\n<p>Reportar un error<\/p>\n","protected":false},"excerpt":{"rendered":"Se trata de un trastorno que deteriora gradualmente las habilidades comunicativas Aplicaci\u00f3n del nuevo tratamiento contra la afasia&hellip;\n","protected":false},"author":2,"featured_media":33622,"comment_status":"","ping_status":"","sticky":false,"template":"","format":"standard","meta":{"footnotes":""},"categories":[92],"tags":[17288,25,24,165,205,15159,17289,11125,4500,166,1811,23,1064],"class_list":{"0":"post-33621","1":"post","2":"type-post","3":"status-publish","4":"format-standard","5":"has-post-thumbnail","7":"category-salud","8":"tag-afasia","9":"tag-es","10":"tag-espana","11":"tag-health","12":"tag-madrid","13":"tag-pionero","14":"tag-primaria","15":"tag-progresiva","16":"tag-publica","17":"tag-salud","18":"tag-sanidad","19":"tag-spain","20":"tag-tratamiento"},"share_on_mastodon":{"url":"","error":""},"_links":{"self":[{"href":"https:\/\/www.europesays.com\/es\/wp-json\/wp\/v2\/posts\/33621","targetHints":{"allow":["GET"]}}],"collection":[{"href":"https:\/\/www.europesays.com\/es\/wp-json\/wp\/v2\/posts"}],"about":[{"href":"https:\/\/www.europesays.com\/es\/wp-json\/wp\/v2\/types\/post"}],"author":[{"embeddable":true,"href":"https:\/\/www.europesays.com\/es\/wp-json\/wp\/v2\/users\/2"}],"replies":[{"embeddable":true,"href":"https:\/\/www.europesays.com\/es\/wp-json\/wp\/v2\/comments?post=33621"}],"version-history":[{"count":0,"href":"https:\/\/www.europesays.com\/es\/wp-json\/wp\/v2\/posts\/33621\/revisions"}],"wp:featuredmedia":[{"embeddable":true,"href":"https:\/\/www.europesays.com\/es\/wp-json\/wp\/v2\/media\/33622"}],"wp:attachment":[{"href":"https:\/\/www.europesays.com\/es\/wp-json\/wp\/v2\/media?parent=33621"}],"wp:term":[{"taxonomy":"category","embeddable":true,"href":"https:\/\/www.europesays.com\/es\/wp-json\/wp\/v2\/categories?post=33621"},{"taxonomy":"post_tag","embeddable":true,"href":"https:\/\/www.europesays.com\/es\/wp-json\/wp\/v2\/tags?post=33621"}],"curies":[{"name":"wp","href":"https:\/\/api.w.org\/{rel}","templated":true}]}}