{"id":336223,"date":"2026-01-12T05:44:08","date_gmt":"2026-01-12T05:44:08","guid":{"rendered":"https:\/\/www.europesays.com\/es\/336223\/"},"modified":"2026-01-12T05:44:08","modified_gmt":"2026-01-12T05:44:08","slug":"aviso-a-ter-stegen-as-com","status":"publish","type":"post","link":"https:\/\/www.europesays.com\/es\/336223\/","title":{"rendered":"Aviso a Ter Stegen &#8211; AS.com"},"content":{"rendered":"<p class=\"\"><b>Rudi V\u00f6ller<\/b>, director deportivo de la selecci\u00f3n alemana, ha elevado la presi\u00f3n sobre <b>Marc-Andr\u00e9 ter Stegen<\/b> de cara al pr\u00f3ximo <b>Mundial<\/b>. El exdelantero fue claro al referirse a la situaci\u00f3n del guardameta del FC Barcelona, que sigue sin tener continuidad tras superar una operaci\u00f3n de espalda. \u201c<b>Tiene que jugar<\/b>. Precisamente despu\u00e9s de su lesi\u00f3n, tambi\u00e9n por el historial de sus lesiones, necesita tener ritmo de competici\u00f3n para volver a tener rodaje. <b>Tenga la calidad que tenga<\/b>\u201d, afirm\u00f3 V\u00f6ller en la tertulia Doppelpass de la cadena alemana Sport1.<\/p>\n<p><a href=\"https:\/\/as.com\/resultados\/ficha\/deportista\/ter_stegen\/20512\/\" rel=\"nofollow noopener\" target=\"_blank\"><img decoding=\"async\" src=\"https:\/\/www.europesays.com\/es\/wp-content\/uploads\/2026\/01\/20512.png\" alt=\"Aviso a Ter Stegen \" height=\"80\" width=\"80\"  loading=\"lazy\" data-error-image=\"https:\/\/static.as.com\/dist\/resources\/images\/placeholder-player.png\"\/><\/a><\/p>\n<p class=\"\">Ter Stegen regres\u00f3 a los terrenos de juego a finales del a\u00f1o pasado, pero <b>en el d\u00eda a d\u00eda sigue siendo suplente en el Bar\u00e7a<\/b>, donde Joan Garcia contin\u00faa siendo la apuesta principal del t\u00e9cnico Hansi Flick. La falta de minutos ha reabierto el debate sobre su futuro inmediato, incluso con el inter\u00e9s de otros clubes por una cesi\u00f3n. En este contexto, las palabras de V\u00f6ller suponen un aviso claro: sin continuidad, <b>el estatus del portero en la selecci\u00f3n como guardameta titular no est\u00e1 garantizado<\/b>.<\/p>\n<p>Noticias relacionadas<\/p>\n<p class=\"\">Mientras tanto, <b>V\u00f6ller valor\u00f3 muy positivamente el rendimiento de Oliver Baumann<\/b>, que ha defendido la porter\u00eda alemana en ausencia de ter Stegen. El dirigente destac\u00f3 que el meta del Hoffenheim lo est\u00e1 haciendo \u201cincre\u00edblemente bien\u201d y asegur\u00f3 que es \u201c100 por cien fiable\u201d. Adem\u00e1s, resalt\u00f3 su tranquilidad ante el debate generado en torno a la porter\u00eda de la Mannschaft, reforzando la idea de que la competencia por el puesto est\u00e1 m\u00e1s abierta que nunca.<\/p>\n<p class=\"\"><b>\u00a1Tus opiniones importan!<\/b> Comenta en los art\u00edculos y suscr\u00edbete gratis a nuestra <a href=\"https:\/\/asfan.as.com\/newsletters\/\" target=\"_blank\" rel=\"nofollow noopener\" title=\"https:\/\/asfan.as.com\/newsletters\/\">newsletter<\/a> y a las alertas informativas en la <a href=\"https:\/\/as.com\/aplicacion-de-as-n\/\" target=\"_blank\" rel=\"nofollow noopener\" title=\"https:\/\/as.com\/aplicacion-de-as-n\/\">App<\/a> o el canal de <a href=\"https:\/\/www.whatsapp.com\/channel\/0029VaAasdA7j6g745nz9M10\" target=\"_blank\" rel=\"nofollow noopener\" title=\"https:\/\/www.whatsapp.com\/channel\/0029VaAasdA7j6g745nz9M10\">WhatsApp<\/a>. \u00bfBuscas licenciar contenido? Haz clic <a href=\"https:\/\/profesional.elpais.com\/soluciones-sindicacion?utm_medium=interno&amp;utm_source=crosslinking&amp;utm_campaign=sindicacion_as_pie_articulos\" target=\"_blank\" rel=\"nofollow noopener\" title=\"https:\/\/profesional.elpais.com\/soluciones-sindicacion?utm_medium=interno&amp;utm_source=crosslinking&amp;utm_campaign=sindicacion_as_pie_articulos\">aqu\u00ed<\/a><\/p>\n","protected":false},"excerpt":{"rendered":"Rudi V\u00f6ller, director deportivo de la selecci\u00f3n alemana, ha elevado la presi\u00f3n sobre Marc-Andr\u00e9 ter Stegen de cara&hellip;\n","protected":false},"author":2,"featured_media":336224,"comment_status":"","ping_status":"","sticky":false,"template":"","format":"standard","meta":{"footnotes":""},"categories":[268],"tags":[168,25,24,280,282,281,23,167],"class_list":{"0":"post-336223","1":"post","2":"type-post","3":"status-publish","4":"format-standard","5":"has-post-thumbnail","7":"category-futbol","8":"tag-deportes","9":"tag-es","10":"tag-espana","11":"tag-football","12":"tag-futbol","13":"tag-soccer","14":"tag-spain","15":"tag-sports"},"share_on_mastodon":{"url":"https:\/\/pubeurope.com\/@es\/115880543127593803","error":""},"_links":{"self":[{"href":"https:\/\/www.europesays.com\/es\/wp-json\/wp\/v2\/posts\/336223","targetHints":{"allow":["GET"]}}],"collection":[{"href":"https:\/\/www.europesays.com\/es\/wp-json\/wp\/v2\/posts"}],"about":[{"href":"https:\/\/www.europesays.com\/es\/wp-json\/wp\/v2\/types\/post"}],"author":[{"embeddable":true,"href":"https:\/\/www.europesays.com\/es\/wp-json\/wp\/v2\/users\/2"}],"replies":[{"embeddable":true,"href":"https:\/\/www.europesays.com\/es\/wp-json\/wp\/v2\/comments?post=336223"}],"version-history":[{"count":0,"href":"https:\/\/www.europesays.com\/es\/wp-json\/wp\/v2\/posts\/336223\/revisions"}],"wp:featuredmedia":[{"embeddable":true,"href":"https:\/\/www.europesays.com\/es\/wp-json\/wp\/v2\/media\/336224"}],"wp:attachment":[{"href":"https:\/\/www.europesays.com\/es\/wp-json\/wp\/v2\/media?parent=336223"}],"wp:term":[{"taxonomy":"category","embeddable":true,"href":"https:\/\/www.europesays.com\/es\/wp-json\/wp\/v2\/categories?post=336223"},{"taxonomy":"post_tag","embeddable":true,"href":"https:\/\/www.europesays.com\/es\/wp-json\/wp\/v2\/tags?post=336223"}],"curies":[{"name":"wp","href":"https:\/\/api.w.org\/{rel}","templated":true}]}}